{"id":389769,"date":"2025-10-03T12:03:00","date_gmt":"2025-10-03T16:03:00","guid":{"rendered":"https:\/\/www.miamibeachfl.gov\/?p=389769"},"modified":"2025-10-03T14:12:56","modified_gmt":"2025-10-03T18:12:56","slug":"miami-beach-marks-second-anniversary-of-attack-on-israel","status":"publish","type":"post","link":"https:\/\/www.miamibeachfl.gov\/de\/miami-beach-marks-second-anniversary-of-attack-on-israel\/","title":{"rendered":"Miami Beach begeht den zweiten Jahrestag des Angriffs auf Israel"},"content":{"rendered":"<a href=\"https:\/\/www.miamibeachfl.gov\/wp-content\/uploads\/2025\/10\/Miami-Beach-Marks-Second-Anniversary-of-Attack-on-Israel-003.pdf\" target=\"_blank\" rel=\"noopener\">\n\t\t\t\t\t\tPressemitteilung herunterladen\n\t\t\t\t\t<\/a>\n<h2>\n\t\t\tAktie:\t<\/h2>\n\t\t\t\t\t\t\t\t\t\t<a class= \"uabb-ss-grid-button-link\" href=\"https:\/\/www.facebook.com\/sharer.php?u=https%3A%2F%2Fwww.miamibeachfl.gov%2F%3Fp%3D389769%26fl_builder\" target=\"_blank\" onclick=\"window.open(this.href,'social-share','left=20,top=20,width=500,height=500,toolbar=1,resizable=0');return false;\">\n\t\t\t\t\t\t\t\t\t\t\t\t\t\t\t\t\t\t\t\t\t\t\t<img decoding=\"async\" src=\"https:\/\/www.miamibeachfl.gov\/wp-content\/uploads\/2023\/12\/icon-facebook.png\" alt=\"283216\"\/>\n\t\t\t\t\t\t\t\t\t\t<\/a>\n\t\t\t\t\t\t\t\t\t\t<a class= \"uabb-ss-grid-button-link\" href=\"https:\/\/twitter.com\/share?url=https%3A%2F%2Fwww.miamibeachfl.gov%2F%3Fp%3D389769%26fl_builder\" target=\"_blank\" onclick=\"window.open(this.href,'social-share','left=20,top=20,width=500,height=500,toolbar=1,resizable=0');return false;\">\n\t\t\t\t\t\t\t\t\t\t\t\t\t\t\t\t\t\t\t\t\t\t\t<img decoding=\"async\" src=\"https:\/\/www.miamibeachfl.gov\/wp-content\/uploads\/2023\/12\/icon-twitterx.png\" alt=\"283218\"\/>\n\t\t\t\t\t\t\t\t\t\t<\/a>\n\t\t\t\t\t\t\t\t\t\t<a class= \"uabb-ss-grid-button-link\" href=\"https:\/\/www.linkedin.com\/shareArticle?url=https%3A%2F%2Fwww.miamibeachfl.gov%2F%3Fp%3D389769%26fl_builder\" target=\"_blank\" onclick=\"window.open(this.href,'social-share','left=20,top=20,width=500,height=500,toolbar=1,resizable=0');return false;\">\n\t\t\t\t\t\t\t\t\t\t\t\t\t\t\t\t\t\t\t\t\t\t\t<img decoding=\"async\" src=\"https:\/\/www.miamibeachfl.gov\/wp-content\/uploads\/2023\/12\/icon-linkedin.png\" alt=\"283217\"\/>\n\t\t\t\t\t\t\t\t\t\t<\/a>\n<h2>\n\t\t\tzur sofortigen Freigabe\t<\/h2>\n<h2>\n\t\t\t3. Oktober 2025\t<\/h2>\n<h3>\n\t\t\t-City officials will reflect on the second anniversary of the Hamas attack on Israel  Monday, Oct. 6 at 10 a.m. &#8211;\t<\/h3>\n\t<p><strong>Miami Beach, Florida<\/strong> &#8211; Mayor Steven Meiner alongside the City Commission will reaffirm support for Israel at a ceremony on <strong>Montag, 6. Oktober, 10 Uhr<\/strong> anl\u00e4sslich des von der Hamas angef\u00fchrten Terroranschlags vom 7. Oktober 2023. Fast 1.200 Israelis wurden ermordet, darunter Frauen und Kinder. Einige der \u00fcber 250 vor zwei Jahren entf\u00fchrten Geiseln werden vermutlich noch immer gefangen gehalten.<\/p>\n<p>&#8220;Two years ago, Hamas terrorists carried out a barbaric attack that left innocent Israelis murdered and families shattered,&#8221; said <strong>Steven Meiner, B\u00fcrgermeister von Miami Beach<\/strong>. &#8220;As we mark this painful anniversary, Miami Beach stands firmly with Israel and with the hostages who remain in captivity. Our city&#8217;s bond with Israel is rooted in shared values of freedom, democracy, and resilience, and we will never waver in our support.&#8221;<\/p>\n<p>Die Veranstaltung findet vor der Feuerwache Nr. 2 von Miami Beach statt. <strong>2300 Pine Tree Drive.<\/strong><\/p>\n<p>Shortly after the massacre, eight Miami Beach firefighters volunteered to travel to Israel. The firefighters filled in for some of the country&#8217;s first responders who were called to military service.<\/p>\n<p>Im vergangenen Jahr schenkte die Stadt der israelischen K\u00fcstenstadt Nahariya einen Krankenwagen. Das Geschenk wurde von den amerikanischen Freunden von Magen David Adom zu Ehren der Einwohner von Nahariya, einer Partnerstadt von Miami Beach, entgegengenommen.<\/p>\n<p>###<\/p>\n<p>WANN:\u00a0\u00a0\u00a0\u00a0\u00a0\u00a0\u00a0\u00a0\u00a0\u00a0\u00a0\u00a0\u00a0\u00a0\u00a0\u00a0\u00a0\u00a0\u00a0\u00a0\u00a0\u00a0 <strong>Montag, 6. Oktober, 10 Uhr<\/strong><\/p>\n<p>WO: Miami Beach Fire Headquarters in der Feuerwache Nr. 2<\/p>\n<p>\u00a0 \u00a0 \u00a0 \u00a0 \u00a0 \u00a0 \u00a0 \u00a0 \u00a0 \u00a0 \u00a0 \u00a0 \u00a0 \u00a0 \u00a0 \u00a0 \u00a0 2300 Pine Tree Drive, Miami Beach.<\/p>\n###<br \/>\n<em><br \/>\n<\/em><em>Um dieses Material in einem anderen Format anzufordern, einen Geb\u00e4rdensprachdolmetscher (f\u00fcnf Tage im Voraus erforderlich), Informationen zum Zugang f\u00fcr Personen mit Behinderungen und\/oder andere Unterst\u00fctzungsleistungen f\u00fcr die \u00dcberpr\u00fcfung von Dokumenten oder die Teilnahme an von der Stadt gef\u00f6rderten Verfahren anzufordern, rufen Sie 305.604.2ADA (2232) an und w\u00e4hlen Sie 1 f\u00fcr Englisch oder 2 f\u00fcr Spanisch, dann Option 6; TTY-Benutzer k\u00f6nnen \u00fcber 711 (Florida Relay Service) anrufen.<\/em>","protected":false},"excerpt":{"rendered":"<p>Download Press Release Share: for immediate release Oct. 3, 2025 -City officials will reflect on the second anniversary of the [&hellip;]<\/p>\n","protected":false},"author":361,"featured_media":0,"comment_status":"closed","ping_status":"closed","sticky":false,"template":"","format":"standard","meta":{"_searchwp_excluded":"","site-sidebar-layout":"default","site-content-layout":"","ast-site-content-layout":"default","site-content-style":"default","site-sidebar-style":"default","ast-global-header-display":"","ast-banner-title-visibility":"","ast-main-header-display":"","ast-hfb-above-header-display":"","ast-hfb-below-header-display":"","ast-hfb-mobile-header-display":"","site-post-title":"","ast-breadcrumbs-content":"","ast-featured-img":"","footer-sml-layout":"","theme-transparent-header-meta":"","adv-header-id-meta":"","stick-header-meta":"","header-above-stick-meta":"","header-main-stick-meta":"","header-below-stick-meta":"","astra-migrate-meta-layouts":"default","ast-page-background-enabled":"default","ast-page-background-meta":{"desktop":{"background-color":"var(--ast-global-color-5)","background-image":"","background-repeat":"repeat","background-position":"center center","background-size":"auto","background-attachment":"scroll","background-type":"","background-media":"","overlay-type":"","overlay-color":"","overlay-opacity":"","overlay-gradient":""},"tablet":{"background-color":"","background-image":"","background-repeat":"repeat","background-position":"center center","background-size":"auto","background-attachment":"scroll","background-type":"","background-media":"","overlay-type":"","overlay-color":"","overlay-opacity":"","overlay-gradient":""},"mobile":{"background-color":"","background-image":"","background-repeat":"repeat","background-position":"center center","background-size":"auto","background-attachment":"scroll","background-type":"","background-media":"","overlay-type":"","overlay-color":"","overlay-opacity":"","overlay-gradient":""}},"ast-content-background-meta":{"desktop":{"background-color":"var(--ast-global-color-4)","background-image":"","background-repeat":"repeat","background-position":"center center","background-size":"auto","background-attachment":"scroll","background-type":"","background-media":"","overlay-type":"","overlay-color":"","overlay-opacity":"","overlay-gradient":""},"tablet":{"background-color":"var(--ast-global-color-4)","background-image":"","background-repeat":"repeat","background-position":"center center","background-size":"auto","background-attachment":"scroll","background-type":"","background-media":"","overlay-type":"","overlay-color":"","overlay-opacity":"","overlay-gradient":""},"mobile":{"background-color":"var(--ast-global-color-4)","background-image":"","background-repeat":"repeat","background-position":"center center","background-size":"auto","background-attachment":"scroll","background-type":"","background-media":"","overlay-type":"","overlay-color":"","overlay-opacity":"","overlay-gradient":""}},"footnotes":""},"categories":[1664],"tags":[],"class_list":["post-389769","post","type-post","status-publish","format-standard","hentry","category-2025-press-releases"],"yoast_head":"<!-- This site is optimized with the Yoast SEO Premium plugin v27.4 (Yoast SEO v27.4) - https:\/\/yoast.com\/product\/yoast-seo-premium-wordpress\/ -->\n<title>Miami Beach Marks Second Anniversary of Attack on Israel - City of Miami Beach<\/title>\n<meta name=\"description\" content=\"Mayor Steven Meiner alongside the City Commission will reaffirm support for Israel at a ceremony on Monday, Oct. 6 at 10 a.m. to mark the Oct. 7, 2023.\" \/>\n<meta name=\"robots\" content=\"index, follow, max-snippet:-1, max-image-preview:large, max-video-preview:-1\" \/>\n<link rel=\"canonical\" href=\"https:\/\/www.miamibeachfl.gov\/de\/miami-beach-marks-second-anniversary-of-attack-on-israel\/\" \/>\n<meta property=\"og:locale\" content=\"de_DE\" \/>\n<meta property=\"og:type\" content=\"article\" \/>\n<meta property=\"og:title\" content=\"Miami Beach Marks Second Anniversary of Attack on Israel\" \/>\n<meta property=\"og:description\" content=\"Mayor Steven Meiner alongside the City Commission will reaffirm support for Israel at a ceremony on Monday, Oct. 6 at 10 a.m. to mark the Oct. 7, 2023.\" \/>\n<meta property=\"og:url\" content=\"https:\/\/www.miamibeachfl.gov\/de\/miami-beach-marks-second-anniversary-of-attack-on-israel\/\" \/>\n<meta property=\"og:site_name\" content=\"City of Miami Beach\" \/>\n<meta property=\"article:publisher\" content=\"https:\/\/www.facebook.com\/cityofmiamibeach\" \/>\n<meta property=\"article:published_time\" content=\"2025-10-03T16:03:00+00:00\" \/>\n<meta property=\"article:modified_time\" content=\"2025-10-03T18:12:56+00:00\" \/>\n<meta property=\"og:image\" content=\"https:\/\/www.miamibeachfl.gov\/wp-content\/uploads\/2023\/12\/icon-facebook.png\" \/>\n<meta name=\"author\" content=\"Emily Castillo\" \/>\n<meta name=\"twitter:card\" content=\"summary_large_image\" \/>\n<meta name=\"twitter:creator\" content=\"@Miamibeachnews\" \/>\n<meta name=\"twitter:site\" content=\"@Miamibeachnews\" \/>\n<script type=\"application\/ld+json\" class=\"yoast-schema-graph\">{\"@context\":\"https:\\\/\\\/schema.org\",\"@graph\":[{\"@type\":\"Article\",\"@id\":\"https:\\\/\\\/www.miamibeachfl.gov\\\/miami-beach-marks-second-anniversary-of-attack-on-israel\\\/#article\",\"isPartOf\":{\"@id\":\"https:\\\/\\\/www.miamibeachfl.gov\\\/miami-beach-marks-second-anniversary-of-attack-on-israel\\\/\"},\"author\":{\"name\":\"Emily Castillo\",\"@id\":\"https:\\\/\\\/www.miamibeachfl.gov\\\/#\\\/schema\\\/person\\\/7b37a95841b5231439bceb3fe7f46378\"},\"headline\":\"Miami Beach Marks Second Anniversary of Attack on Israel\",\"datePublished\":\"2025-10-03T16:03:00+00:00\",\"dateModified\":\"2025-10-03T18:12:56+00:00\",\"mainEntityOfPage\":{\"@id\":\"https:\\\/\\\/www.miamibeachfl.gov\\\/miami-beach-marks-second-anniversary-of-attack-on-israel\\\/\"},\"wordCount\":320,\"publisher\":{\"@id\":\"https:\\\/\\\/www.miamibeachfl.gov\\\/#organization\"},\"image\":{\"@id\":\"https:\\\/\\\/www.miamibeachfl.gov\\\/miami-beach-marks-second-anniversary-of-attack-on-israel\\\/#primaryimage\"},\"thumbnailUrl\":\"https:\\\/\\\/www.miamibeachfl.gov\\\/wp-content\\\/uploads\\\/2023\\\/12\\\/icon-facebook.png\",\"articleSection\":[\"2025 Press Releases\"],\"inLanguage\":\"de\"},{\"@type\":\"WebPage\",\"@id\":\"https:\\\/\\\/www.miamibeachfl.gov\\\/miami-beach-marks-second-anniversary-of-attack-on-israel\\\/\",\"url\":\"https:\\\/\\\/www.miamibeachfl.gov\\\/miami-beach-marks-second-anniversary-of-attack-on-israel\\\/\",\"name\":\"Miami Beach Marks Second Anniversary of Attack on Israel - City of Miami Beach\",\"isPartOf\":{\"@id\":\"https:\\\/\\\/www.miamibeachfl.gov\\\/#website\"},\"primaryImageOfPage\":{\"@id\":\"https:\\\/\\\/www.miamibeachfl.gov\\\/miami-beach-marks-second-anniversary-of-attack-on-israel\\\/#primaryimage\"},\"image\":{\"@id\":\"https:\\\/\\\/www.miamibeachfl.gov\\\/miami-beach-marks-second-anniversary-of-attack-on-israel\\\/#primaryimage\"},\"thumbnailUrl\":\"https:\\\/\\\/www.miamibeachfl.gov\\\/wp-content\\\/uploads\\\/2023\\\/12\\\/icon-facebook.png\",\"datePublished\":\"2025-10-03T16:03:00+00:00\",\"dateModified\":\"2025-10-03T18:12:56+00:00\",\"description\":\"Mayor Steven Meiner alongside the City Commission will reaffirm support for Israel at a ceremony on Monday, Oct. 6 at 10 a.m. to mark the Oct. 7, 2023.\",\"breadcrumb\":{\"@id\":\"https:\\\/\\\/www.miamibeachfl.gov\\\/miami-beach-marks-second-anniversary-of-attack-on-israel\\\/#breadcrumb\"},\"inLanguage\":\"de\",\"potentialAction\":[{\"@type\":\"ReadAction\",\"target\":[\"https:\\\/\\\/www.miamibeachfl.gov\\\/miami-beach-marks-second-anniversary-of-attack-on-israel\\\/\"]}]},{\"@type\":\"ImageObject\",\"inLanguage\":\"de\",\"@id\":\"https:\\\/\\\/www.miamibeachfl.gov\\\/miami-beach-marks-second-anniversary-of-attack-on-israel\\\/#primaryimage\",\"url\":\"https:\\\/\\\/www.miamibeachfl.gov\\\/wp-content\\\/uploads\\\/2023\\\/12\\\/icon-facebook.png\",\"contentUrl\":\"https:\\\/\\\/www.miamibeachfl.gov\\\/wp-content\\\/uploads\\\/2023\\\/12\\\/icon-facebook.png\"},{\"@type\":\"BreadcrumbList\",\"@id\":\"https:\\\/\\\/www.miamibeachfl.gov\\\/miami-beach-marks-second-anniversary-of-attack-on-israel\\\/#breadcrumb\",\"itemListElement\":[{\"@type\":\"ListItem\",\"position\":1,\"name\":\"Home\",\"item\":\"https:\\\/\\\/www.miamibeachfl.gov\\\/\"},{\"@type\":\"ListItem\",\"position\":2,\"name\":\"Miami Beach Marks Second Anniversary of Attack on Israel\"}]},{\"@type\":\"WebSite\",\"@id\":\"https:\\\/\\\/www.miamibeachfl.gov\\\/#website\",\"url\":\"https:\\\/\\\/www.miamibeachfl.gov\\\/\",\"name\":\"City of Miami Beach\",\"description\":\"The official website of the City of Miami Beach. Stay informed, find important information on city services, news, alerts, events, trolley routes, government employment and more.\",\"publisher\":{\"@id\":\"https:\\\/\\\/www.miamibeachfl.gov\\\/#organization\"},\"potentialAction\":[{\"@type\":\"SearchAction\",\"target\":{\"@type\":\"EntryPoint\",\"urlTemplate\":\"https:\\\/\\\/www.miamibeachfl.gov\\\/?s={search_term_string}\"},\"query-input\":{\"@type\":\"PropertyValueSpecification\",\"valueRequired\":true,\"valueName\":\"search_term_string\"}}],\"inLanguage\":\"de\"},{\"@type\":\"Organization\",\"@id\":\"https:\\\/\\\/www.miamibeachfl.gov\\\/#organization\",\"name\":\"City of Miami Beach\",\"url\":\"https:\\\/\\\/www.miamibeachfl.gov\\\/\",\"logo\":{\"@type\":\"ImageObject\",\"inLanguage\":\"de\",\"@id\":\"https:\\\/\\\/www.miamibeachfl.gov\\\/#\\\/schema\\\/logo\\\/image\\\/\",\"url\":\"https:\\\/\\\/www.miamibeachfl.gov\\\/wp-content\\\/uploads\\\/2022\\\/06\\\/miamibeach-logoblue.png\",\"contentUrl\":\"https:\\\/\\\/www.miamibeachfl.gov\\\/wp-content\\\/uploads\\\/2022\\\/06\\\/miamibeach-logoblue.png\",\"width\":1962,\"height\":381,\"caption\":\"City of Miami Beach\"},\"image\":{\"@id\":\"https:\\\/\\\/www.miamibeachfl.gov\\\/#\\\/schema\\\/logo\\\/image\\\/\"},\"sameAs\":[\"https:\\\/\\\/www.facebook.com\\\/cityofmiamibeach\",\"https:\\\/\\\/x.com\\\/Miamibeachnews\",\"https:\\\/\\\/www.instagram.com\\\/miamibeachnews\\\/\"],\"description\":\"The official website of the City of Miami Beach. Stay informed, find important information on city services, news, alerts, events, trolley routes, government employment and more.\",\"telephone\":\"305.604.CITY(2489)\",\"legalName\":\"City of Miami Beach\"},{\"@type\":\"Person\",\"@id\":\"https:\\\/\\\/www.miamibeachfl.gov\\\/#\\\/schema\\\/person\\\/7b37a95841b5231439bceb3fe7f46378\",\"name\":\"Emily Castillo\"}]}<\/script>\n<!-- \/ Yoast SEO Premium plugin. -->","yoast_head_json":{"title":"Miami Beach Marks Second Anniversary of Attack on Israel - City of Miami Beach","description":"Mayor Steven Meiner alongside the City Commission will reaffirm support for Israel at a ceremony on Monday, Oct. 6 at 10 a.m. to mark the Oct. 7, 2023.","robots":{"index":"index","follow":"follow","max-snippet":"max-snippet:-1","max-image-preview":"max-image-preview:large","max-video-preview":"max-video-preview:-1"},"canonical":"https:\/\/www.miamibeachfl.gov\/de\/miami-beach-marks-second-anniversary-of-attack-on-israel\/","og_locale":"de_DE","og_type":"article","og_title":"Miami Beach Marks Second Anniversary of Attack on Israel","og_description":"Mayor Steven Meiner alongside the City Commission will reaffirm support for Israel at a ceremony on Monday, Oct. 6 at 10 a.m. to mark the Oct. 7, 2023.","og_url":"https:\/\/www.miamibeachfl.gov\/de\/miami-beach-marks-second-anniversary-of-attack-on-israel\/","og_site_name":"City of Miami Beach","article_publisher":"https:\/\/www.facebook.com\/cityofmiamibeach","article_published_time":"2025-10-03T16:03:00+00:00","article_modified_time":"2025-10-03T18:12:56+00:00","og_image":[{"url":"https:\/\/www.miamibeachfl.gov\/wp-content\/uploads\/2023\/12\/icon-facebook.png","type":"","width":"","height":""}],"author":"Emily Castillo","twitter_card":"summary_large_image","twitter_creator":"@Miamibeachnews","twitter_site":"@Miamibeachnews","schema":{"@context":"https:\/\/schema.org","@graph":[{"@type":"Article","@id":"https:\/\/www.miamibeachfl.gov\/miami-beach-marks-second-anniversary-of-attack-on-israel\/#article","isPartOf":{"@id":"https:\/\/www.miamibeachfl.gov\/miami-beach-marks-second-anniversary-of-attack-on-israel\/"},"author":{"name":"Emily Castillo","@id":"https:\/\/www.miamibeachfl.gov\/#\/schema\/person\/7b37a95841b5231439bceb3fe7f46378"},"headline":"Miami Beach Marks Second Anniversary of Attack on Israel","datePublished":"2025-10-03T16:03:00+00:00","dateModified":"2025-10-03T18:12:56+00:00","mainEntityOfPage":{"@id":"https:\/\/www.miamibeachfl.gov\/miami-beach-marks-second-anniversary-of-attack-on-israel\/"},"wordCount":320,"publisher":{"@id":"https:\/\/www.miamibeachfl.gov\/#organization"},"image":{"@id":"https:\/\/www.miamibeachfl.gov\/miami-beach-marks-second-anniversary-of-attack-on-israel\/#primaryimage"},"thumbnailUrl":"https:\/\/www.miamibeachfl.gov\/wp-content\/uploads\/2023\/12\/icon-facebook.png","articleSection":["2025 Press Releases"],"inLanguage":"de"},{"@type":"WebPage","@id":"https:\/\/www.miamibeachfl.gov\/miami-beach-marks-second-anniversary-of-attack-on-israel\/","url":"https:\/\/www.miamibeachfl.gov\/miami-beach-marks-second-anniversary-of-attack-on-israel\/","name":"Miami Beach Marks Second Anniversary of Attack on Israel - City of Miami Beach","isPartOf":{"@id":"https:\/\/www.miamibeachfl.gov\/#website"},"primaryImageOfPage":{"@id":"https:\/\/www.miamibeachfl.gov\/miami-beach-marks-second-anniversary-of-attack-on-israel\/#primaryimage"},"image":{"@id":"https:\/\/www.miamibeachfl.gov\/miami-beach-marks-second-anniversary-of-attack-on-israel\/#primaryimage"},"thumbnailUrl":"https:\/\/www.miamibeachfl.gov\/wp-content\/uploads\/2023\/12\/icon-facebook.png","datePublished":"2025-10-03T16:03:00+00:00","dateModified":"2025-10-03T18:12:56+00:00","description":"Mayor Steven Meiner alongside the City Commission will reaffirm support for Israel at a ceremony on Monday, Oct. 6 at 10 a.m. to mark the Oct. 7, 2023.","breadcrumb":{"@id":"https:\/\/www.miamibeachfl.gov\/miami-beach-marks-second-anniversary-of-attack-on-israel\/#breadcrumb"},"inLanguage":"de","potentialAction":[{"@type":"ReadAction","target":["https:\/\/www.miamibeachfl.gov\/miami-beach-marks-second-anniversary-of-attack-on-israel\/"]}]},{"@type":"ImageObject","inLanguage":"de","@id":"https:\/\/www.miamibeachfl.gov\/miami-beach-marks-second-anniversary-of-attack-on-israel\/#primaryimage","url":"https:\/\/www.miamibeachfl.gov\/wp-content\/uploads\/2023\/12\/icon-facebook.png","contentUrl":"https:\/\/www.miamibeachfl.gov\/wp-content\/uploads\/2023\/12\/icon-facebook.png"},{"@type":"BreadcrumbList","@id":"https:\/\/www.miamibeachfl.gov\/miami-beach-marks-second-anniversary-of-attack-on-israel\/#breadcrumb","itemListElement":[{"@type":"ListItem","position":1,"name":"Home","item":"https:\/\/www.miamibeachfl.gov\/"},{"@type":"ListItem","position":2,"name":"Miami Beach Marks Second Anniversary of Attack on Israel"}]},{"@type":"WebSite","@id":"https:\/\/www.miamibeachfl.gov\/#website","url":"https:\/\/www.miamibeachfl.gov\/","name":"Stadt Miami Beach","description":"Die offizielle Website der Stadt Miami Beach. Bleiben Sie informiert und finden Sie wichtige Informationen zu st\u00e4dtischen Dienstleistungen, Neuigkeiten, Warnungen, Veranstaltungen, Stra\u00dfenbahnlinien, Stellenangeboten im \u00f6ffentlichen Dienst und mehr.","publisher":{"@id":"https:\/\/www.miamibeachfl.gov\/#organization"},"potentialAction":[{"@type":"SearchAction","target":{"@type":"EntryPoint","urlTemplate":"https:\/\/www.miamibeachfl.gov\/?s={search_term_string}"},"query-input":{"@type":"PropertyValueSpecification","valueRequired":true,"valueName":"search_term_string"}}],"inLanguage":"de"},{"@type":"Organization","@id":"https:\/\/www.miamibeachfl.gov\/#organization","name":"Stadt Miami Beach","url":"https:\/\/www.miamibeachfl.gov\/","logo":{"@type":"ImageObject","inLanguage":"de","@id":"https:\/\/www.miamibeachfl.gov\/#\/schema\/logo\/image\/","url":"https:\/\/www.miamibeachfl.gov\/wp-content\/uploads\/2022\/06\/miamibeach-logoblue.png","contentUrl":"https:\/\/www.miamibeachfl.gov\/wp-content\/uploads\/2022\/06\/miamibeach-logoblue.png","width":1962,"height":381,"caption":"City of Miami Beach"},"image":{"@id":"https:\/\/www.miamibeachfl.gov\/#\/schema\/logo\/image\/"},"sameAs":["https:\/\/www.facebook.com\/cityofmiamibeach","https:\/\/x.com\/Miamibeachnews","https:\/\/www.instagram.com\/miamibeachnews\/"],"description":"Die offizielle Website der Stadt Miami Beach. Bleiben Sie informiert und finden Sie wichtige Informationen zu st\u00e4dtischen Dienstleistungen, Neuigkeiten, Warnungen, Veranstaltungen, Stra\u00dfenbahnlinien, Stellenangeboten im \u00f6ffentlichen Dienst und mehr.","telephone":"305.604.CITY(2489)","legalName":"City of Miami Beach"},{"@type":"Person","@id":"https:\/\/www.miamibeachfl.gov\/#\/schema\/person\/7b37a95841b5231439bceb3fe7f46378","name":"Emily Castillo"}]}},"_links":{"self":[{"href":"https:\/\/www.miamibeachfl.gov\/de\/wp-json\/wp\/v2\/posts\/389769","targetHints":{"allow":["GET"]}}],"collection":[{"href":"https:\/\/www.miamibeachfl.gov\/de\/wp-json\/wp\/v2\/posts"}],"about":[{"href":"https:\/\/www.miamibeachfl.gov\/de\/wp-json\/wp\/v2\/types\/post"}],"author":[{"embeddable":true,"href":"https:\/\/www.miamibeachfl.gov\/de\/wp-json\/wp\/v2\/users\/361"}],"replies":[{"embeddable":true,"href":"https:\/\/www.miamibeachfl.gov\/de\/wp-json\/wp\/v2\/comments?post=389769"}],"version-history":[{"count":3,"href":"https:\/\/www.miamibeachfl.gov\/de\/wp-json\/wp\/v2\/posts\/389769\/revisions"}],"predecessor-version":[{"id":389773,"href":"https:\/\/www.miamibeachfl.gov\/de\/wp-json\/wp\/v2\/posts\/389769\/revisions\/389773"}],"wp:attachment":[{"href":"https:\/\/www.miamibeachfl.gov\/de\/wp-json\/wp\/v2\/media?parent=389769"}],"wp:term":[{"taxonomy":"category","embeddable":true,"href":"https:\/\/www.miamibeachfl.gov\/de\/wp-json\/wp\/v2\/categories?post=389769"},{"taxonomy":"post_tag","embeddable":true,"href":"https:\/\/www.miamibeachfl.gov\/de\/wp-json\/wp\/v2\/tags?post=389769"}],"curies":[{"name":"wp","href":"https:\/\/api.w.org\/{rel}","templated":true}]}}