{"id":392549,"date":"2025-11-25T09:33:00","date_gmt":"2025-11-25T14:33:00","guid":{"rendered":"https:\/\/www.miamibeachfl.gov\/?p=392549"},"modified":"2025-11-26T08:33:19","modified_gmt":"2025-11-26T13:33:19","slug":"doors-to-freedom-installation-to-be-unveiled-during-art-week-miami-beach","status":"publish","type":"post","link":"https:\/\/www.miamibeachfl.gov\/de\/doors-to-freedom-installation-to-be-unveiled-during-art-week-miami-beach\/","title":{"rendered":"Die Installation \u201eDoors to Freedom\u201c wird w\u00e4hrend der Art Week Miami Beach enth\u00fcllt."},"content":{"rendered":"<a href=\"https:\/\/www.miamibeachfl.gov\/wp-content\/uploads\/2025\/11\/Doors-to-Freedom-Installation_Press-Release.pdf\" target=\"_blank\" rel=\"noopener\">\n\t\t\t\t\t\tPressemitteilung herunterladen\n\t\t\t\t\t<\/a>\n<h2>\n\t\t\tAktie:\t<\/h2>\n\t\t\t\t\t\t\t\t\t\t<a class= \"uabb-ss-grid-button-link\" href=\"https:\/\/www.facebook.com\/sharer.php?u=https%3A%2F%2Fwww.miamibeachfl.gov%2F%3Fp%3D392549%26fl_builder\" target=\"_blank\" onclick=\"window.open(this.href,'social-share','left=20,top=20,width=500,height=500,toolbar=1,resizable=0');return false;\">\n\t\t\t\t\t\t\t\t\t\t\t\t\t\t\t\t\t\t\t\t\t\t\t<img decoding=\"async\" src=\"https:\/\/www.miamibeachfl.gov\/wp-content\/uploads\/2023\/12\/icon-facebook.png\" alt=\"283216\"\/>\n\t\t\t\t\t\t\t\t\t\t<\/a>\n\t\t\t\t\t\t\t\t\t\t<a class= \"uabb-ss-grid-button-link\" href=\"https:\/\/twitter.com\/share?url=https%3A%2F%2Fwww.miamibeachfl.gov%2F%3Fp%3D392549%26fl_builder\" target=\"_blank\" onclick=\"window.open(this.href,'social-share','left=20,top=20,width=500,height=500,toolbar=1,resizable=0');return false;\">\n\t\t\t\t\t\t\t\t\t\t\t\t\t\t\t\t\t\t\t\t\t\t\t<img decoding=\"async\" src=\"https:\/\/www.miamibeachfl.gov\/wp-content\/uploads\/2023\/12\/icon-twitterx.png\" alt=\"283218\"\/>\n\t\t\t\t\t\t\t\t\t\t<\/a>\n\t\t\t\t\t\t\t\t\t\t<a class= \"uabb-ss-grid-button-link\" href=\"https:\/\/www.linkedin.com\/shareArticle?url=https%3A%2F%2Fwww.miamibeachfl.gov%2F%3Fp%3D392549%26fl_builder\" target=\"_blank\" onclick=\"window.open(this.href,'social-share','left=20,top=20,width=500,height=500,toolbar=1,resizable=0');return false;\">\n\t\t\t\t\t\t\t\t\t\t\t\t\t\t\t\t\t\t\t\t\t\t\t<img decoding=\"async\" src=\"https:\/\/www.miamibeachfl.gov\/wp-content\/uploads\/2023\/12\/icon-linkedin.png\" alt=\"283217\"\/>\n\t\t\t\t\t\t\t\t\t\t<\/a>\n<h2>\n\t\t\tzur sofortigen Freigabe\t<\/h2>\n<h2>\n\t\t\t25. November 2025\t<\/h2>\n<h3>\n\t\t\tDie Installation \u201eDoors to Freedom\u201c wird im Rahmen der Art Week Miami Beach enth\u00fcllt \u2013 in Zusammenarbeit mit der Human Rights Foundation, dem Cuban Freedom March und der Stadt Miami Beach \u2013 \t<\/h3>\n\t<p><strong>Miami Beach, Florida<\/strong> \u2013 Die Human Rights Foundation und der Cuban Freedom March geben in Zusammenarbeit mit der Stadt Miami Beach stolz die Enth\u00fcllung von \u201eDoors to Freedom\u201c bekannt, einer eindrucksvollen \u00f6ffentlichen Kunstinstallation, die am [Datum einf\u00fcgen] Premiere feiert. <strong>Montag, 1. Dezember<\/strong> bei <strong>17 Uhr<\/strong> im Mid Beach Park (<strong>4601 Collins Avenue<\/strong>).<\/p>\n<p>\u201eDie Kunstwoche ist ein weltweites Fest der Kreativit\u00e4t, Innovation und des offenen kulturellen Austauschs\u201c, teilte er mit. <strong>Miami Beach-Kommissar Alex Fernandez<\/strong>, der die st\u00e4dtische F\u00f6rderung f\u00fcr dieses Projekt sponserte. \u201eDoch weltweit sehen sich K\u00fcnstler, die unter autorit\u00e4ren Regierungen leben, Zensur, Inhaftierung, Folter und Exil ausgesetzt, weil sie es wagen, sich eine freiere Gesellschaft vorzustellen. \u201eDoors to Freedom\u201c stellt sich dieser Realit\u00e4t direkt.\u201c<\/p>\n<p>Die Ausstellung pr\u00e4sentiert Zeichnungen, Radierungen, Dokumentationen von Performancekunst und Skulpturen von K\u00fcnstlern, die schikaniert, inhaftiert oder aus ihrer Heimat vertrieben wurden. Ihre Werke sind lebendige Zeugnisse \u2013 Bilder, die autorit\u00e4re Regime verzweifelt zu unterdr\u00fccken oder auszul\u00f6schen versucht haben.<\/p>\n<p>\u201eDie Installation \u201aDoors to Freedom\u2018 erinnert uns daran, dass das Recht auf freie Meinungs\u00e4u\u00dferung \u2013 die Grundlage dieser unglaublichen k\u00fcnstlerischen Aufbruchstimmung \u2013 eine Freiheit ist, f\u00fcr die viele noch immer k\u00e4mpfen\u201c, sagte er. <strong>Steven Meiner, B\u00fcrgermeister von Miami Beach.<\/strong><\/p>\n<p>Das Kunstwerk wird vom 2. bis 7. Dezember 2025 im Rahmen der diesj\u00e4hrigen Art Week Miami Beach der \u00d6ffentlichkeit pr\u00e4sentiert.<\/p>\n<p>\u201eDiese Installation widerlegt die Vorstellung, dass Kunst immer nur ein h\u00f6fliches Gespr\u00e4ch sein kann\u201c, f\u00fcgte er hinzu. <strong>Roberto Gonzalez, Leiter der Interessenvertretung der Menschenrechtsstiftung<\/strong>\u201eF\u00fcr diese K\u00fcnstler ist ihr Werk ein Weckruf gegen die Tyrannei, und ihr Opfer verlangt unsere Aufmerksamkeit.\u201c<\/p>\n<p>\u201eKunst ist Freiheit, und Tyrannen f\u00fcrchten sie, weil sie die Wahrheit enth\u00fcllt\u201c, sagte er. <strong>Alian Collazo, Gesch\u00e4ftsf\u00fchrer des Cuban Freedom March. <\/strong>\u201eDiese K\u00fcnstler wurden in ihrer Heimat zum Schweigen gebracht, aber hier geben wir ihnen die Stimme, die ihre Regime auszul\u00f6schen versuchten. \u201aDoors to Freedom\u2018 zeigt, dass Kunst zum Widerstand wird und die Freiheit ihren Weg findet, wenn freie Menschen den Unterdr\u00fcckten eine Stimme verleihen.\u201c<\/p>\n<p>###<\/p>\n<p><em>Um dieses Material in einem anderen Format anzufordern, einen Geb\u00e4rdensprachdolmetscher (f\u00fcnf Tage im Voraus erforderlich), Informationen zum Zugang f\u00fcr Personen mit Behinderungen und\/oder andere Unterst\u00fctzungsleistungen f\u00fcr die \u00dcberpr\u00fcfung von Dokumenten oder die Teilnahme an von der Stadt gef\u00f6rderten Verfahren anzufordern, rufen Sie 305.604.2ADA (2232) an und w\u00e4hlen Sie 1 f\u00fcr Englisch oder 2 f\u00fcr Spanisch, dann Option 6; TTY-Benutzer k\u00f6nnen \u00fcber 711 (Florida Relay Service) anrufen.<\/em><\/p>","protected":false},"excerpt":{"rendered":"<p>Download Press Release Share: for immediate release Nov. 25, 2025 &#8220;Doors to Freedom&#8221; Installation to be Unveiled during Art Week [&hellip;]<\/p>\n","protected":false},"author":361,"featured_media":0,"comment_status":"closed","ping_status":"closed","sticky":false,"template":"","format":"standard","meta":{"_searchwp_excluded":"","site-sidebar-layout":"default","site-content-layout":"","ast-site-content-layout":"default","site-content-style":"default","site-sidebar-style":"default","ast-global-header-display":"","ast-banner-title-visibility":"","ast-main-header-display":"","ast-hfb-above-header-display":"","ast-hfb-below-header-display":"","ast-hfb-mobile-header-display":"","site-post-title":"","ast-breadcrumbs-content":"","ast-featured-img":"","footer-sml-layout":"","theme-transparent-header-meta":"","adv-header-id-meta":"","stick-header-meta":"","header-above-stick-meta":"","header-main-stick-meta":"","header-below-stick-meta":"","astra-migrate-meta-layouts":"default","ast-page-background-enabled":"default","ast-page-background-meta":{"desktop":{"background-color":"var(--ast-global-color-5)","background-image":"","background-repeat":"repeat","background-position":"center center","background-size":"auto","background-attachment":"scroll","background-type":"","background-media":"","overlay-type":"","overlay-color":"","overlay-opacity":"","overlay-gradient":""},"tablet":{"background-color":"","background-image":"","background-repeat":"repeat","background-position":"center center","background-size":"auto","background-attachment":"scroll","background-type":"","background-media":"","overlay-type":"","overlay-color":"","overlay-opacity":"","overlay-gradient":""},"mobile":{"background-color":"","background-image":"","background-repeat":"repeat","background-position":"center center","background-size":"auto","background-attachment":"scroll","background-type":"","background-media":"","overlay-type":"","overlay-color":"","overlay-opacity":"","overlay-gradient":""}},"ast-content-background-meta":{"desktop":{"background-color":"var(--ast-global-color-4)","background-image":"","background-repeat":"repeat","background-position":"center center","background-size":"auto","background-attachment":"scroll","background-type":"","background-media":"","overlay-type":"","overlay-color":"","overlay-opacity":"","overlay-gradient":""},"tablet":{"background-color":"var(--ast-global-color-4)","background-image":"","background-repeat":"repeat","background-position":"center center","background-size":"auto","background-attachment":"scroll","background-type":"","background-media":"","overlay-type":"","overlay-color":"","overlay-opacity":"","overlay-gradient":""},"mobile":{"background-color":"var(--ast-global-color-4)","background-image":"","background-repeat":"repeat","background-position":"center center","background-size":"auto","background-attachment":"scroll","background-type":"","background-media":"","overlay-type":"","overlay-color":"","overlay-opacity":"","overlay-gradient":""}},"footnotes":""},"categories":[1664],"tags":[],"class_list":["post-392549","post","type-post","status-publish","format-standard","hentry","category-2025-press-releases"],"yoast_head":"<!-- This site is optimized with the Yoast SEO Premium plugin v27.4 (Yoast SEO v27.4) - https:\/\/yoast.com\/product\/yoast-seo-premium-wordpress\/ -->\n<title>\u201cDoors to Freedom\u201d Installation to be Unveiled during Art Week Miami Beach - City of Miami Beach<\/title>\n<meta name=\"description\" content=\"The Human Rights Foundation and Cuban Freedom March, in collaboration with the City of Miami Beach, proudly announce the unveiling.\" \/>\n<meta name=\"robots\" content=\"index, follow, max-snippet:-1, max-image-preview:large, max-video-preview:-1\" \/>\n<link rel=\"canonical\" href=\"https:\/\/www.miamibeachfl.gov\/de\/doors-to-freedom-installation-to-be-unveiled-during-art-week-miami-beach\/\" \/>\n<meta property=\"og:locale\" content=\"de_DE\" \/>\n<meta property=\"og:type\" content=\"article\" \/>\n<meta property=\"og:title\" content=\"\u201cDoors to Freedom\u201d Installation to be Unveiled during Art Week Miami Beach\" \/>\n<meta property=\"og:description\" content=\"The Human Rights Foundation and Cuban Freedom March, in collaboration with the City of Miami Beach, proudly announce the unveiling.\" \/>\n<meta property=\"og:url\" content=\"https:\/\/www.miamibeachfl.gov\/de\/doors-to-freedom-installation-to-be-unveiled-during-art-week-miami-beach\/\" \/>\n<meta property=\"og:site_name\" content=\"City of Miami Beach\" \/>\n<meta property=\"article:publisher\" content=\"https:\/\/www.facebook.com\/cityofmiamibeach\" \/>\n<meta property=\"article:published_time\" content=\"2025-11-25T14:33:00+00:00\" \/>\n<meta property=\"article:modified_time\" content=\"2025-11-26T13:33:19+00:00\" \/>\n<meta property=\"og:image\" content=\"https:\/\/www.miamibeachfl.gov\/wp-content\/uploads\/2023\/12\/icon-facebook.png\" \/>\n<meta name=\"author\" content=\"Emily Castillo\" \/>\n<meta name=\"twitter:card\" content=\"summary_large_image\" \/>\n<meta name=\"twitter:creator\" content=\"@Miamibeachnews\" \/>\n<meta name=\"twitter:site\" content=\"@Miamibeachnews\" \/>\n<script type=\"application\/ld+json\" class=\"yoast-schema-graph\">{\"@context\":\"https:\\\/\\\/schema.org\",\"@graph\":[{\"@type\":\"Article\",\"@id\":\"https:\\\/\\\/www.miamibeachfl.gov\\\/doors-to-freedom-installation-to-be-unveiled-during-art-week-miami-beach\\\/#article\",\"isPartOf\":{\"@id\":\"https:\\\/\\\/www.miamibeachfl.gov\\\/doors-to-freedom-installation-to-be-unveiled-during-art-week-miami-beach\\\/\"},\"author\":{\"name\":\"Emily Castillo\",\"@id\":\"https:\\\/\\\/www.miamibeachfl.gov\\\/#\\\/schema\\\/person\\\/7b37a95841b5231439bceb3fe7f46378\"},\"headline\":\"\u201cDoors to Freedom\u201d Installation to be Unveiled during Art Week Miami Beach\",\"datePublished\":\"2025-11-25T14:33:00+00:00\",\"dateModified\":\"2025-11-26T13:33:19+00:00\",\"mainEntityOfPage\":{\"@id\":\"https:\\\/\\\/www.miamibeachfl.gov\\\/doors-to-freedom-installation-to-be-unveiled-during-art-week-miami-beach\\\/\"},\"wordCount\":392,\"publisher\":{\"@id\":\"https:\\\/\\\/www.miamibeachfl.gov\\\/#organization\"},\"image\":{\"@id\":\"https:\\\/\\\/www.miamibeachfl.gov\\\/doors-to-freedom-installation-to-be-unveiled-during-art-week-miami-beach\\\/#primaryimage\"},\"thumbnailUrl\":\"https:\\\/\\\/www.miamibeachfl.gov\\\/wp-content\\\/uploads\\\/2023\\\/12\\\/icon-facebook.png\",\"articleSection\":[\"2025 Press Releases\"],\"inLanguage\":\"de\"},{\"@type\":\"WebPage\",\"@id\":\"https:\\\/\\\/www.miamibeachfl.gov\\\/doors-to-freedom-installation-to-be-unveiled-during-art-week-miami-beach\\\/\",\"url\":\"https:\\\/\\\/www.miamibeachfl.gov\\\/doors-to-freedom-installation-to-be-unveiled-during-art-week-miami-beach\\\/\",\"name\":\"\u201cDoors to Freedom\u201d Installation to be Unveiled during Art Week Miami Beach - City of Miami Beach\",\"isPartOf\":{\"@id\":\"https:\\\/\\\/www.miamibeachfl.gov\\\/#website\"},\"primaryImageOfPage\":{\"@id\":\"https:\\\/\\\/www.miamibeachfl.gov\\\/doors-to-freedom-installation-to-be-unveiled-during-art-week-miami-beach\\\/#primaryimage\"},\"image\":{\"@id\":\"https:\\\/\\\/www.miamibeachfl.gov\\\/doors-to-freedom-installation-to-be-unveiled-during-art-week-miami-beach\\\/#primaryimage\"},\"thumbnailUrl\":\"https:\\\/\\\/www.miamibeachfl.gov\\\/wp-content\\\/uploads\\\/2023\\\/12\\\/icon-facebook.png\",\"datePublished\":\"2025-11-25T14:33:00+00:00\",\"dateModified\":\"2025-11-26T13:33:19+00:00\",\"description\":\"The Human Rights Foundation and Cuban Freedom March, in collaboration with the City of Miami Beach, proudly announce the unveiling.\",\"breadcrumb\":{\"@id\":\"https:\\\/\\\/www.miamibeachfl.gov\\\/doors-to-freedom-installation-to-be-unveiled-during-art-week-miami-beach\\\/#breadcrumb\"},\"inLanguage\":\"de\",\"potentialAction\":[{\"@type\":\"ReadAction\",\"target\":[\"https:\\\/\\\/www.miamibeachfl.gov\\\/doors-to-freedom-installation-to-be-unveiled-during-art-week-miami-beach\\\/\"]}]},{\"@type\":\"ImageObject\",\"inLanguage\":\"de\",\"@id\":\"https:\\\/\\\/www.miamibeachfl.gov\\\/doors-to-freedom-installation-to-be-unveiled-during-art-week-miami-beach\\\/#primaryimage\",\"url\":\"https:\\\/\\\/www.miamibeachfl.gov\\\/wp-content\\\/uploads\\\/2023\\\/12\\\/icon-facebook.png\",\"contentUrl\":\"https:\\\/\\\/www.miamibeachfl.gov\\\/wp-content\\\/uploads\\\/2023\\\/12\\\/icon-facebook.png\"},{\"@type\":\"BreadcrumbList\",\"@id\":\"https:\\\/\\\/www.miamibeachfl.gov\\\/doors-to-freedom-installation-to-be-unveiled-during-art-week-miami-beach\\\/#breadcrumb\",\"itemListElement\":[{\"@type\":\"ListItem\",\"position\":1,\"name\":\"Home\",\"item\":\"https:\\\/\\\/www.miamibeachfl.gov\\\/\"},{\"@type\":\"ListItem\",\"position\":2,\"name\":\"\u201cDoors to Freedom\u201d Installation to be Unveiled during Art Week Miami Beach\"}]},{\"@type\":\"WebSite\",\"@id\":\"https:\\\/\\\/www.miamibeachfl.gov\\\/#website\",\"url\":\"https:\\\/\\\/www.miamibeachfl.gov\\\/\",\"name\":\"City of Miami Beach\",\"description\":\"The official website of the City of Miami Beach. Stay informed, find important information on city services, news, alerts, events, trolley routes, government employment and more.\",\"publisher\":{\"@id\":\"https:\\\/\\\/www.miamibeachfl.gov\\\/#organization\"},\"potentialAction\":[{\"@type\":\"SearchAction\",\"target\":{\"@type\":\"EntryPoint\",\"urlTemplate\":\"https:\\\/\\\/www.miamibeachfl.gov\\\/?s={search_term_string}\"},\"query-input\":{\"@type\":\"PropertyValueSpecification\",\"valueRequired\":true,\"valueName\":\"search_term_string\"}}],\"inLanguage\":\"de\"},{\"@type\":\"Organization\",\"@id\":\"https:\\\/\\\/www.miamibeachfl.gov\\\/#organization\",\"name\":\"City of Miami Beach\",\"url\":\"https:\\\/\\\/www.miamibeachfl.gov\\\/\",\"logo\":{\"@type\":\"ImageObject\",\"inLanguage\":\"de\",\"@id\":\"https:\\\/\\\/www.miamibeachfl.gov\\\/#\\\/schema\\\/logo\\\/image\\\/\",\"url\":\"https:\\\/\\\/www.miamibeachfl.gov\\\/wp-content\\\/uploads\\\/2022\\\/06\\\/miamibeach-logoblue.png\",\"contentUrl\":\"https:\\\/\\\/www.miamibeachfl.gov\\\/wp-content\\\/uploads\\\/2022\\\/06\\\/miamibeach-logoblue.png\",\"width\":1962,\"height\":381,\"caption\":\"City of Miami Beach\"},\"image\":{\"@id\":\"https:\\\/\\\/www.miamibeachfl.gov\\\/#\\\/schema\\\/logo\\\/image\\\/\"},\"sameAs\":[\"https:\\\/\\\/www.facebook.com\\\/cityofmiamibeach\",\"https:\\\/\\\/x.com\\\/Miamibeachnews\",\"https:\\\/\\\/www.instagram.com\\\/miamibeachnews\\\/\"],\"description\":\"The official website of the City of Miami Beach. Stay informed, find important information on city services, news, alerts, events, trolley routes, government employment and more.\",\"telephone\":\"305.604.CITY(2489)\",\"legalName\":\"City of Miami Beach\"},{\"@type\":\"Person\",\"@id\":\"https:\\\/\\\/www.miamibeachfl.gov\\\/#\\\/schema\\\/person\\\/7b37a95841b5231439bceb3fe7f46378\",\"name\":\"Emily Castillo\"}]}<\/script>\n<!-- \/ Yoast SEO Premium plugin. -->","yoast_head_json":{"title":"Die Installation \u201eDoors to Freedom\u201c wird im Rahmen der Art Week Miami Beach enth\u00fcllt \u2013 Stadt Miami Beach","description":"Die Human Rights Foundation und der Cuban Freedom March geben in Zusammenarbeit mit der Stadt Miami Beach stolz die Enth\u00fcllung bekannt.","robots":{"index":"index","follow":"follow","max-snippet":"max-snippet:-1","max-image-preview":"max-image-preview:large","max-video-preview":"max-video-preview:-1"},"canonical":"https:\/\/www.miamibeachfl.gov\/de\/doors-to-freedom-installation-to-be-unveiled-during-art-week-miami-beach\/","og_locale":"de_DE","og_type":"article","og_title":"\u201cDoors to Freedom\u201d Installation to be Unveiled during Art Week Miami Beach","og_description":"The Human Rights Foundation and Cuban Freedom March, in collaboration with the City of Miami Beach, proudly announce the unveiling.","og_url":"https:\/\/www.miamibeachfl.gov\/de\/doors-to-freedom-installation-to-be-unveiled-during-art-week-miami-beach\/","og_site_name":"City of Miami Beach","article_publisher":"https:\/\/www.facebook.com\/cityofmiamibeach","article_published_time":"2025-11-25T14:33:00+00:00","article_modified_time":"2025-11-26T13:33:19+00:00","og_image":[{"url":"https:\/\/www.miamibeachfl.gov\/wp-content\/uploads\/2023\/12\/icon-facebook.png","type":"","width":"","height":""}],"author":"Emily Castillo","twitter_card":"summary_large_image","twitter_creator":"@Miamibeachnews","twitter_site":"@Miamibeachnews","schema":{"@context":"https:\/\/schema.org","@graph":[{"@type":"Article","@id":"https:\/\/www.miamibeachfl.gov\/doors-to-freedom-installation-to-be-unveiled-during-art-week-miami-beach\/#article","isPartOf":{"@id":"https:\/\/www.miamibeachfl.gov\/doors-to-freedom-installation-to-be-unveiled-during-art-week-miami-beach\/"},"author":{"name":"Emily Castillo","@id":"https:\/\/www.miamibeachfl.gov\/#\/schema\/person\/7b37a95841b5231439bceb3fe7f46378"},"headline":"\u201cDoors to Freedom\u201d Installation to be Unveiled during Art Week Miami Beach","datePublished":"2025-11-25T14:33:00+00:00","dateModified":"2025-11-26T13:33:19+00:00","mainEntityOfPage":{"@id":"https:\/\/www.miamibeachfl.gov\/doors-to-freedom-installation-to-be-unveiled-during-art-week-miami-beach\/"},"wordCount":392,"publisher":{"@id":"https:\/\/www.miamibeachfl.gov\/#organization"},"image":{"@id":"https:\/\/www.miamibeachfl.gov\/doors-to-freedom-installation-to-be-unveiled-during-art-week-miami-beach\/#primaryimage"},"thumbnailUrl":"https:\/\/www.miamibeachfl.gov\/wp-content\/uploads\/2023\/12\/icon-facebook.png","articleSection":["2025 Press Releases"],"inLanguage":"de"},{"@type":"WebPage","@id":"https:\/\/www.miamibeachfl.gov\/doors-to-freedom-installation-to-be-unveiled-during-art-week-miami-beach\/","url":"https:\/\/www.miamibeachfl.gov\/doors-to-freedom-installation-to-be-unveiled-during-art-week-miami-beach\/","name":"Die Installation \u201eDoors to Freedom\u201c wird im Rahmen der Art Week Miami Beach enth\u00fcllt \u2013 Stadt Miami Beach","isPartOf":{"@id":"https:\/\/www.miamibeachfl.gov\/#website"},"primaryImageOfPage":{"@id":"https:\/\/www.miamibeachfl.gov\/doors-to-freedom-installation-to-be-unveiled-during-art-week-miami-beach\/#primaryimage"},"image":{"@id":"https:\/\/www.miamibeachfl.gov\/doors-to-freedom-installation-to-be-unveiled-during-art-week-miami-beach\/#primaryimage"},"thumbnailUrl":"https:\/\/www.miamibeachfl.gov\/wp-content\/uploads\/2023\/12\/icon-facebook.png","datePublished":"2025-11-25T14:33:00+00:00","dateModified":"2025-11-26T13:33:19+00:00","description":"Die Human Rights Foundation und der Cuban Freedom March geben in Zusammenarbeit mit der Stadt Miami Beach stolz die Enth\u00fcllung bekannt.","breadcrumb":{"@id":"https:\/\/www.miamibeachfl.gov\/doors-to-freedom-installation-to-be-unveiled-during-art-week-miami-beach\/#breadcrumb"},"inLanguage":"de","potentialAction":[{"@type":"ReadAction","target":["https:\/\/www.miamibeachfl.gov\/doors-to-freedom-installation-to-be-unveiled-during-art-week-miami-beach\/"]}]},{"@type":"ImageObject","inLanguage":"de","@id":"https:\/\/www.miamibeachfl.gov\/doors-to-freedom-installation-to-be-unveiled-during-art-week-miami-beach\/#primaryimage","url":"https:\/\/www.miamibeachfl.gov\/wp-content\/uploads\/2023\/12\/icon-facebook.png","contentUrl":"https:\/\/www.miamibeachfl.gov\/wp-content\/uploads\/2023\/12\/icon-facebook.png"},{"@type":"BreadcrumbList","@id":"https:\/\/www.miamibeachfl.gov\/doors-to-freedom-installation-to-be-unveiled-during-art-week-miami-beach\/#breadcrumb","itemListElement":[{"@type":"ListItem","position":1,"name":"Home","item":"https:\/\/www.miamibeachfl.gov\/"},{"@type":"ListItem","position":2,"name":"\u201cDoors to Freedom\u201d Installation to be Unveiled during Art Week Miami Beach"}]},{"@type":"WebSite","@id":"https:\/\/www.miamibeachfl.gov\/#website","url":"https:\/\/www.miamibeachfl.gov\/","name":"Stadt Miami Beach","description":"Die offizielle Website der Stadt Miami Beach. Bleiben Sie informiert und finden Sie wichtige Informationen zu st\u00e4dtischen Dienstleistungen, Neuigkeiten, Warnungen, Veranstaltungen, Stra\u00dfenbahnlinien, Stellenangeboten im \u00f6ffentlichen Dienst und mehr.","publisher":{"@id":"https:\/\/www.miamibeachfl.gov\/#organization"},"potentialAction":[{"@type":"SearchAction","target":{"@type":"EntryPoint","urlTemplate":"https:\/\/www.miamibeachfl.gov\/?s={search_term_string}"},"query-input":{"@type":"PropertyValueSpecification","valueRequired":true,"valueName":"search_term_string"}}],"inLanguage":"de"},{"@type":"Organization","@id":"https:\/\/www.miamibeachfl.gov\/#organization","name":"Stadt Miami Beach","url":"https:\/\/www.miamibeachfl.gov\/","logo":{"@type":"ImageObject","inLanguage":"de","@id":"https:\/\/www.miamibeachfl.gov\/#\/schema\/logo\/image\/","url":"https:\/\/www.miamibeachfl.gov\/wp-content\/uploads\/2022\/06\/miamibeach-logoblue.png","contentUrl":"https:\/\/www.miamibeachfl.gov\/wp-content\/uploads\/2022\/06\/miamibeach-logoblue.png","width":1962,"height":381,"caption":"City of Miami Beach"},"image":{"@id":"https:\/\/www.miamibeachfl.gov\/#\/schema\/logo\/image\/"},"sameAs":["https:\/\/www.facebook.com\/cityofmiamibeach","https:\/\/x.com\/Miamibeachnews","https:\/\/www.instagram.com\/miamibeachnews\/"],"description":"Die offizielle Website der Stadt Miami Beach. Bleiben Sie informiert und finden Sie wichtige Informationen zu st\u00e4dtischen Dienstleistungen, Neuigkeiten, Warnungen, Veranstaltungen, Stra\u00dfenbahnlinien, Stellenangeboten im \u00f6ffentlichen Dienst und mehr.","telephone":"305.604.CITY(2489)","legalName":"City of Miami Beach"},{"@type":"Person","@id":"https:\/\/www.miamibeachfl.gov\/#\/schema\/person\/7b37a95841b5231439bceb3fe7f46378","name":"Emily Castillo"}]}},"_links":{"self":[{"href":"https:\/\/www.miamibeachfl.gov\/de\/wp-json\/wp\/v2\/posts\/392549","targetHints":{"allow":["GET"]}}],"collection":[{"href":"https:\/\/www.miamibeachfl.gov\/de\/wp-json\/wp\/v2\/posts"}],"about":[{"href":"https:\/\/www.miamibeachfl.gov\/de\/wp-json\/wp\/v2\/types\/post"}],"author":[{"embeddable":true,"href":"https:\/\/www.miamibeachfl.gov\/de\/wp-json\/wp\/v2\/users\/361"}],"replies":[{"embeddable":true,"href":"https:\/\/www.miamibeachfl.gov\/de\/wp-json\/wp\/v2\/comments?post=392549"}],"version-history":[{"count":3,"href":"https:\/\/www.miamibeachfl.gov\/de\/wp-json\/wp\/v2\/posts\/392549\/revisions"}],"predecessor-version":[{"id":392554,"href":"https:\/\/www.miamibeachfl.gov\/de\/wp-json\/wp\/v2\/posts\/392549\/revisions\/392554"}],"wp:attachment":[{"href":"https:\/\/www.miamibeachfl.gov\/de\/wp-json\/wp\/v2\/media?parent=392549"}],"wp:term":[{"taxonomy":"category","embeddable":true,"href":"https:\/\/www.miamibeachfl.gov\/de\/wp-json\/wp\/v2\/categories?post=392549"},{"taxonomy":"post_tag","embeddable":true,"href":"https:\/\/www.miamibeachfl.gov\/de\/wp-json\/wp\/v2\/tags?post=392549"}],"curies":[{"name":"wp","href":"https:\/\/api.w.org\/{rel}","templated":true}]}}