{"id":367738,"date":"2025-06-16T13:30:58","date_gmt":"2025-06-16T17:30:58","guid":{"rendered":"https:\/\/www.miamibeachfl.gov\/?p=367738"},"modified":"2025-06-16T13:30:58","modified_gmt":"2025-06-16T17:30:58","slug":"miami-beach-welcomes-pride-week-with-flag-raising-ceremony","status":"publish","type":"post","link":"https:\/\/www.miamibeachfl.gov\/es\/miami-beach-welcomes-pride-week-with-flag-raising-ceremony\/","title":{"rendered":"Miami Beach da la bienvenida a la Semana del Orgullo con una ceremonia de izamiento de la bandera"},"content":{"rendered":"<p><a href=\"https:\/\/www.miamibeachfl.gov\/wp-content\/uploads\/2025\/03\/Miami-Beach-Welcomes-Pride-Week-With-Flag-Raising-Ceremony.pdf\" target=\"_blank\" rel=\"noopener\"> Descargar comunicado de prensa <\/a><\/p>\r\n<h2>Compartir:<\/h2>\r\n<p><a class=\"uabb-ss-grid-button-link\" href=\"https:\/\/www.facebook.com\/sharer.php?u=https%3A%2F%2Fwww.miamibeachfl.gov%2F%3Fp%3D255630%26fl_builder\" target=\"_blank\" rel=\"noopener\"> <img decoding=\"async\" src=\"https:\/\/www.miamibeachfl.gov\/wp-content\/uploads\/2023\/12\/icon-facebook.png\" alt=\"283216\" \/> <\/a> <a class=\"uabb-ss-grid-button-link\" href=\"https:\/\/twitter.com\/share?url=https%3A%2F%2Fwww.miamibeachfl.gov%2F%3Fp%3D255630%26fl_builder\" target=\"_blank\" rel=\"noopener\"> <img decoding=\"async\" src=\"https:\/\/www.miamibeachfl.gov\/wp-content\/uploads\/2023\/12\/icon-twitterx.png\" alt=\"283218\" \/> <\/a> <a class=\"uabb-ss-grid-button-link\" href=\"https:\/\/www.linkedin.com\/shareArticle?url=https%3A%2F%2Fwww.miamibeachfl.gov%2F%3Fp%3D255630%26fl_builder\" target=\"_blank\" rel=\"noopener\"> <img decoding=\"async\" src=\"https:\/\/www.miamibeachfl.gov\/wp-content\/uploads\/2023\/12\/icon-linkedin.png\" alt=\"283217\" \/> <\/a><\/p>\r\n<h2>para publicaci\u00f3n inmediata<\/h2>\r\n<h2>26 de marzo de 2025<\/h2>\r\n<h3>\u2013 Se espera que miles de personas asistan a la celebraci\u00f3n anual LGBTQIA+ \u2013<\/h3>\r\n<p><strong>Miami Beach, Florida \u2013 <\/strong>La ciudad de Miami Beach dar\u00e1 inicio al 17<sup>el<\/sup> Celebraci\u00f3n anual del Orgullo de Miami Beach con una ceremonia de izamiento de bandera el jueves 27 de marzo a las 18:00 h frente al Ayuntamiento. A continuaci\u00f3n, se celebrar\u00e1 el evento anual &quot;Pride Lights the Night&quot; a las 19:30 h en el cercano SoundScape Park, frente al New World Center. Culminando con un festival de dos d\u00edas y un desfile el \u00faltimo d\u00eda en South Beach, el Orgullo de Miami Beach se celebra del 27 de marzo al 6 de abril.<\/p>\r\n<p>\u201cMiami Beach es m\u00e1s que un destino: es una comunidad que abraza la diversidad, prioriza la seguridad y ofrece una calidad de vida excepcional\u201d, dijo <strong>El alcalde de Miami Beach, Steven Meiner.<\/strong>.<\/p>\r\n<p>L\u00edderes comunitarios locales se unir\u00e1n para izar la bandera del orgullo progresista, una de las muchas representaciones visuales de apoyo a la comunidad LGBTQIA+. La ciudad ondea la bandera del orgullo progresista durante todo el a\u00f1o junto con la bandera estadounidense frente al Ayuntamiento de Miami Beach y cuenta con una torre de salvavidas del orgullo en la calle 12 y frente a la playa. La torre presenta franjas verticales pintadas que reflejan los colores de la tradicional bandera arco\u00edris y la bandera del orgullo progresista.<\/p>\r\n<p>\u201cComo hombre abiertamente gay, estoy orgulloso de llamar hogar a Miami Beach, una ciudad donde el amor es m\u00e1s fuerte que el odio y todos pertenecen\u201d, dijo <strong>El comisionado de Miami Beach, Alex Fern\u00e1ndez<\/strong>En un momento en que tantos se sienten desanimados, Miami Beach sigue brillando como un lugar de alegr\u00eda, inclusi\u00f3n y unidad. Les damos la bienvenida a todos en esta temporada del Orgullo con los brazos y el coraz\u00f3n abiertos.<\/p>\r\n<p>El Orgullo de Miami Beach es una celebraci\u00f3n art\u00edstica y cultural de varios d\u00edas con eventos especiales, actividades para toda la familia, encuentros sociales y entretenimiento de primer nivel. Los organizadores afirman que el evento atrae regularmente a m\u00e1s de 185,000 asistentes.<\/p>\r\n<p>A nivel nacional, el Mes del Orgullo Lesbiano, Gay, Bisexual, Transg\u00e9nero y Queer se celebra en todo Estados Unidos en junio para conmemorar el Levantamiento de Stonewall de 1969 en Manhattan, seg\u00fan la Biblioteca del Congreso, que describi\u00f3 el Levantamiento de Stonewall como un punto de inflexi\u00f3n para el Movimiento de Liberaci\u00f3n Gay en los Estados Unidos.<\/p>\r\n<p>###<\/p>\r\n<p><em>Para solicitar este material en formato alternativo, un int\u00e9rprete de lenguaje de se\u00f1as (se requiere aviso con cinco d\u00edas de anticipaci\u00f3n), informaci\u00f3n sobre el acceso para personas con discapacidades y\/o cualquier adaptaci\u00f3n para revisar cualquier documento o participar en cualquier procedimiento patrocinado por la ciudad, llame al 305.604.2ADA (2232) y seleccione 1 para ingl\u00e9s o 2 para espa\u00f1ol, luego la opci\u00f3n 6; los usuarios de TTY pueden llamar al 711 (Servicio de retransmisi\u00f3n de Florida).<\/em><\/p>\r\n<p>&nbsp;<\/p>","protected":false},"excerpt":{"rendered":"<p>Download Press Release Share: for immediate release March 26, 2025 &#8211; Thousands are expected to attend the annual LGBTQIA+ celebration [&hellip;]<\/p>\n","protected":false},"author":361,"featured_media":0,"comment_status":"closed","ping_status":"closed","sticky":false,"template":"","format":"standard","meta":{"_searchwp_excluded":"","site-sidebar-layout":"default","site-content-layout":"","ast-site-content-layout":"default","site-content-style":"default","site-sidebar-style":"default","ast-global-header-display":"","ast-banner-title-visibility":"","ast-main-header-display":"","ast-hfb-above-header-display":"","ast-hfb-below-header-display":"","ast-hfb-mobile-header-display":"","site-post-title":"","ast-breadcrumbs-content":"","ast-featured-img":"","footer-sml-layout":"","theme-transparent-header-meta":"","adv-header-id-meta":"","stick-header-meta":"","header-above-stick-meta":"","header-main-stick-meta":"","header-below-stick-meta":"","astra-migrate-meta-layouts":"default","ast-page-background-enabled":"default","ast-page-background-meta":{"desktop":{"background-color":"var(--ast-global-color-5)","background-image":"","background-repeat":"repeat","background-position":"center center","background-size":"auto","background-attachment":"scroll","background-type":"","background-media":"","overlay-type":"","overlay-color":"","overlay-opacity":"","overlay-gradient":""},"tablet":{"background-color":"","background-image":"","background-repeat":"repeat","background-position":"center center","background-size":"auto","background-attachment":"scroll","background-type":"","background-media":"","overlay-type":"","overlay-color":"","overlay-opacity":"","overlay-gradient":""},"mobile":{"background-color":"","background-image":"","background-repeat":"repeat","background-position":"center center","background-size":"auto","background-attachment":"scroll","background-type":"","background-media":"","overlay-type":"","overlay-color":"","overlay-opacity":"","overlay-gradient":""}},"ast-content-background-meta":{"desktop":{"background-color":"var(--ast-global-color-4)","background-image":"","background-repeat":"repeat","background-position":"center center","background-size":"auto","background-attachment":"scroll","background-type":"","background-media":"","overlay-type":"","overlay-color":"","overlay-opacity":"","overlay-gradient":""},"tablet":{"background-color":"var(--ast-global-color-4)","background-image":"","background-repeat":"repeat","background-position":"center center","background-size":"auto","background-attachment":"scroll","background-type":"","background-media":"","overlay-type":"","overlay-color":"","overlay-opacity":"","overlay-gradient":""},"mobile":{"background-color":"var(--ast-global-color-4)","background-image":"","background-repeat":"repeat","background-position":"center center","background-size":"auto","background-attachment":"scroll","background-type":"","background-media":"","overlay-type":"","overlay-color":"","overlay-opacity":"","overlay-gradient":""}},"footnotes":""},"categories":[1664],"tags":[],"class_list":["post-367738","post","type-post","status-publish","format-standard","hentry","category-2025-press-releases"],"yoast_head":"<!-- This site is optimized with the Yoast SEO Premium plugin v27.4 (Yoast SEO v27.4) - https:\/\/yoast.com\/product\/yoast-seo-premium-wordpress\/ -->\n<title>Miami Beach Welcomes Pride Week With Flag-Raising Ceremony - City of Miami Beach<\/title>\n<meta name=\"description\" content=\"The City of Miami Beach will kick off the 17th annual Miami Beach Pride celebration with a flag-raising ceremony on Thursday, March 27 at 6 p.m. outside City Hall.\" \/>\n<meta name=\"robots\" content=\"index, follow, max-snippet:-1, max-image-preview:large, max-video-preview:-1\" \/>\n<link rel=\"canonical\" href=\"https:\/\/www.miamibeachfl.gov\/es\/miami-beach-welcomes-pride-week-with-flag-raising-ceremony\/\" \/>\n<meta property=\"og:locale\" content=\"es_ES\" \/>\n<meta property=\"og:type\" content=\"article\" \/>\n<meta property=\"og:title\" content=\"Miami Beach Welcomes Pride Week With Flag-Raising Ceremony\" \/>\n<meta property=\"og:description\" content=\"The City of Miami Beach will kick off the 17th annual Miami Beach Pride celebration with a flag-raising ceremony on Thursday, March 27 at 6 p.m. outside City Hall.\" \/>\n<meta property=\"og:url\" content=\"https:\/\/www.miamibeachfl.gov\/es\/miami-beach-welcomes-pride-week-with-flag-raising-ceremony\/\" \/>\n<meta property=\"og:site_name\" content=\"City of Miami Beach\" \/>\n<meta property=\"article:publisher\" content=\"https:\/\/www.facebook.com\/cityofmiamibeach\" \/>\n<meta property=\"article:published_time\" content=\"2025-06-16T17:30:58+00:00\" \/>\n<meta property=\"og:image\" content=\"https:\/\/www.miamibeachfl.gov\/wp-content\/uploads\/2023\/12\/icon-facebook.png\" \/>\n<meta name=\"author\" content=\"Emily Castillo\" \/>\n<meta name=\"twitter:card\" content=\"summary_large_image\" \/>\n<meta name=\"twitter:creator\" content=\"@Miamibeachnews\" \/>\n<meta name=\"twitter:site\" content=\"@Miamibeachnews\" \/>\n<script type=\"application\/ld+json\" class=\"yoast-schema-graph\">{\"@context\":\"https:\\\/\\\/schema.org\",\"@graph\":[{\"@type\":\"Article\",\"@id\":\"https:\\\/\\\/www.miamibeachfl.gov\\\/miami-beach-welcomes-pride-week-with-flag-raising-ceremony\\\/#article\",\"isPartOf\":{\"@id\":\"https:\\\/\\\/www.miamibeachfl.gov\\\/miami-beach-welcomes-pride-week-with-flag-raising-ceremony\\\/\"},\"author\":{\"name\":\"Emily Castillo\",\"@id\":\"https:\\\/\\\/www.miamibeachfl.gov\\\/#\\\/schema\\\/person\\\/7b37a95841b5231439bceb3fe7f46378\"},\"headline\":\"Miami Beach Welcomes Pride Week With Flag-Raising Ceremony\",\"datePublished\":\"2025-06-16T17:30:58+00:00\",\"mainEntityOfPage\":{\"@id\":\"https:\\\/\\\/www.miamibeachfl.gov\\\/miami-beach-welcomes-pride-week-with-flag-raising-ceremony\\\/\"},\"wordCount\":404,\"publisher\":{\"@id\":\"https:\\\/\\\/www.miamibeachfl.gov\\\/#organization\"},\"image\":{\"@id\":\"https:\\\/\\\/www.miamibeachfl.gov\\\/miami-beach-welcomes-pride-week-with-flag-raising-ceremony\\\/#primaryimage\"},\"thumbnailUrl\":\"https:\\\/\\\/www.miamibeachfl.gov\\\/wp-content\\\/uploads\\\/2023\\\/12\\\/icon-facebook.png\",\"articleSection\":[\"2025 Press Releases\"],\"inLanguage\":\"es\"},{\"@type\":\"WebPage\",\"@id\":\"https:\\\/\\\/www.miamibeachfl.gov\\\/miami-beach-welcomes-pride-week-with-flag-raising-ceremony\\\/\",\"url\":\"https:\\\/\\\/www.miamibeachfl.gov\\\/miami-beach-welcomes-pride-week-with-flag-raising-ceremony\\\/\",\"name\":\"Miami Beach Welcomes Pride Week With Flag-Raising Ceremony - City of Miami Beach\",\"isPartOf\":{\"@id\":\"https:\\\/\\\/www.miamibeachfl.gov\\\/#website\"},\"primaryImageOfPage\":{\"@id\":\"https:\\\/\\\/www.miamibeachfl.gov\\\/miami-beach-welcomes-pride-week-with-flag-raising-ceremony\\\/#primaryimage\"},\"image\":{\"@id\":\"https:\\\/\\\/www.miamibeachfl.gov\\\/miami-beach-welcomes-pride-week-with-flag-raising-ceremony\\\/#primaryimage\"},\"thumbnailUrl\":\"https:\\\/\\\/www.miamibeachfl.gov\\\/wp-content\\\/uploads\\\/2023\\\/12\\\/icon-facebook.png\",\"datePublished\":\"2025-06-16T17:30:58+00:00\",\"description\":\"The City of Miami Beach will kick off the 17th annual Miami Beach Pride celebration with a flag-raising ceremony on Thursday, March 27 at 6 p.m. outside City Hall.\",\"breadcrumb\":{\"@id\":\"https:\\\/\\\/www.miamibeachfl.gov\\\/miami-beach-welcomes-pride-week-with-flag-raising-ceremony\\\/#breadcrumb\"},\"inLanguage\":\"es\",\"potentialAction\":[{\"@type\":\"ReadAction\",\"target\":[\"https:\\\/\\\/www.miamibeachfl.gov\\\/miami-beach-welcomes-pride-week-with-flag-raising-ceremony\\\/\"]}]},{\"@type\":\"ImageObject\",\"inLanguage\":\"es\",\"@id\":\"https:\\\/\\\/www.miamibeachfl.gov\\\/miami-beach-welcomes-pride-week-with-flag-raising-ceremony\\\/#primaryimage\",\"url\":\"https:\\\/\\\/www.miamibeachfl.gov\\\/wp-content\\\/uploads\\\/2023\\\/12\\\/icon-facebook.png\",\"contentUrl\":\"https:\\\/\\\/www.miamibeachfl.gov\\\/wp-content\\\/uploads\\\/2023\\\/12\\\/icon-facebook.png\"},{\"@type\":\"BreadcrumbList\",\"@id\":\"https:\\\/\\\/www.miamibeachfl.gov\\\/miami-beach-welcomes-pride-week-with-flag-raising-ceremony\\\/#breadcrumb\",\"itemListElement\":[{\"@type\":\"ListItem\",\"position\":1,\"name\":\"Home\",\"item\":\"https:\\\/\\\/www.miamibeachfl.gov\\\/\"},{\"@type\":\"ListItem\",\"position\":2,\"name\":\"Miami Beach Welcomes Pride Week With Flag-Raising Ceremony\"}]},{\"@type\":\"WebSite\",\"@id\":\"https:\\\/\\\/www.miamibeachfl.gov\\\/#website\",\"url\":\"https:\\\/\\\/www.miamibeachfl.gov\\\/\",\"name\":\"City of Miami Beach\",\"description\":\"The official website of the City of Miami Beach. Stay informed, find important information on city services, news, alerts, events, trolley routes, government employment and more.\",\"publisher\":{\"@id\":\"https:\\\/\\\/www.miamibeachfl.gov\\\/#organization\"},\"potentialAction\":[{\"@type\":\"SearchAction\",\"target\":{\"@type\":\"EntryPoint\",\"urlTemplate\":\"https:\\\/\\\/www.miamibeachfl.gov\\\/?s={search_term_string}\"},\"query-input\":{\"@type\":\"PropertyValueSpecification\",\"valueRequired\":true,\"valueName\":\"search_term_string\"}}],\"inLanguage\":\"es\"},{\"@type\":\"Organization\",\"@id\":\"https:\\\/\\\/www.miamibeachfl.gov\\\/#organization\",\"name\":\"City of Miami Beach\",\"url\":\"https:\\\/\\\/www.miamibeachfl.gov\\\/\",\"logo\":{\"@type\":\"ImageObject\",\"inLanguage\":\"es\",\"@id\":\"https:\\\/\\\/www.miamibeachfl.gov\\\/#\\\/schema\\\/logo\\\/image\\\/\",\"url\":\"https:\\\/\\\/www.miamibeachfl.gov\\\/wp-content\\\/uploads\\\/2022\\\/06\\\/miamibeach-logoblue.png\",\"contentUrl\":\"https:\\\/\\\/www.miamibeachfl.gov\\\/wp-content\\\/uploads\\\/2022\\\/06\\\/miamibeach-logoblue.png\",\"width\":1962,\"height\":381,\"caption\":\"City of Miami Beach\"},\"image\":{\"@id\":\"https:\\\/\\\/www.miamibeachfl.gov\\\/#\\\/schema\\\/logo\\\/image\\\/\"},\"sameAs\":[\"https:\\\/\\\/www.facebook.com\\\/cityofmiamibeach\",\"https:\\\/\\\/x.com\\\/Miamibeachnews\",\"https:\\\/\\\/www.instagram.com\\\/miamibeachnews\\\/\"],\"description\":\"The official website of the City of Miami Beach. Stay informed, find important information on city services, news, alerts, events, trolley routes, government employment and more.\",\"telephone\":\"305.604.CITY(2489)\",\"legalName\":\"City of Miami Beach\"},{\"@type\":\"Person\",\"@id\":\"https:\\\/\\\/www.miamibeachfl.gov\\\/#\\\/schema\\\/person\\\/7b37a95841b5231439bceb3fe7f46378\",\"name\":\"Emily Castillo\"}]}<\/script>\n<!-- \/ Yoast SEO Premium plugin. -->","yoast_head_json":{"title":"Miami Beach Welcomes Pride Week With Flag-Raising Ceremony - City of Miami Beach","description":"The City of Miami Beach will kick off the 17th annual Miami Beach Pride celebration with a flag-raising ceremony on Thursday, March 27 at 6 p.m. outside City Hall.","robots":{"index":"index","follow":"follow","max-snippet":"max-snippet:-1","max-image-preview":"max-image-preview:large","max-video-preview":"max-video-preview:-1"},"canonical":"https:\/\/www.miamibeachfl.gov\/es\/miami-beach-welcomes-pride-week-with-flag-raising-ceremony\/","og_locale":"es_ES","og_type":"article","og_title":"Miami Beach Welcomes Pride Week With Flag-Raising Ceremony","og_description":"The City of Miami Beach will kick off the 17th annual Miami Beach Pride celebration with a flag-raising ceremony on Thursday, March 27 at 6 p.m. outside City Hall.","og_url":"https:\/\/www.miamibeachfl.gov\/es\/miami-beach-welcomes-pride-week-with-flag-raising-ceremony\/","og_site_name":"City of Miami Beach","article_publisher":"https:\/\/www.facebook.com\/cityofmiamibeach","article_published_time":"2025-06-16T17:30:58+00:00","og_image":[{"url":"https:\/\/www.miamibeachfl.gov\/wp-content\/uploads\/2023\/12\/icon-facebook.png","type":"","width":"","height":""}],"author":"Emily Castillo","twitter_card":"summary_large_image","twitter_creator":"@Miamibeachnews","twitter_site":"@Miamibeachnews","schema":{"@context":"https:\/\/schema.org","@graph":[{"@type":"Article","@id":"https:\/\/www.miamibeachfl.gov\/miami-beach-welcomes-pride-week-with-flag-raising-ceremony\/#article","isPartOf":{"@id":"https:\/\/www.miamibeachfl.gov\/miami-beach-welcomes-pride-week-with-flag-raising-ceremony\/"},"author":{"name":"Emily Castillo","@id":"https:\/\/www.miamibeachfl.gov\/#\/schema\/person\/7b37a95841b5231439bceb3fe7f46378"},"headline":"Miami Beach Welcomes Pride Week With Flag-Raising Ceremony","datePublished":"2025-06-16T17:30:58+00:00","mainEntityOfPage":{"@id":"https:\/\/www.miamibeachfl.gov\/miami-beach-welcomes-pride-week-with-flag-raising-ceremony\/"},"wordCount":404,"publisher":{"@id":"https:\/\/www.miamibeachfl.gov\/#organization"},"image":{"@id":"https:\/\/www.miamibeachfl.gov\/miami-beach-welcomes-pride-week-with-flag-raising-ceremony\/#primaryimage"},"thumbnailUrl":"https:\/\/www.miamibeachfl.gov\/wp-content\/uploads\/2023\/12\/icon-facebook.png","articleSection":["2025 Press Releases"],"inLanguage":"es"},{"@type":"WebPage","@id":"https:\/\/www.miamibeachfl.gov\/miami-beach-welcomes-pride-week-with-flag-raising-ceremony\/","url":"https:\/\/www.miamibeachfl.gov\/miami-beach-welcomes-pride-week-with-flag-raising-ceremony\/","name":"Miami Beach Welcomes Pride Week With Flag-Raising Ceremony - City of Miami Beach","isPartOf":{"@id":"https:\/\/www.miamibeachfl.gov\/#website"},"primaryImageOfPage":{"@id":"https:\/\/www.miamibeachfl.gov\/miami-beach-welcomes-pride-week-with-flag-raising-ceremony\/#primaryimage"},"image":{"@id":"https:\/\/www.miamibeachfl.gov\/miami-beach-welcomes-pride-week-with-flag-raising-ceremony\/#primaryimage"},"thumbnailUrl":"https:\/\/www.miamibeachfl.gov\/wp-content\/uploads\/2023\/12\/icon-facebook.png","datePublished":"2025-06-16T17:30:58+00:00","description":"The City of Miami Beach will kick off the 17th annual Miami Beach Pride celebration with a flag-raising ceremony on Thursday, March 27 at 6 p.m. outside City Hall.","breadcrumb":{"@id":"https:\/\/www.miamibeachfl.gov\/miami-beach-welcomes-pride-week-with-flag-raising-ceremony\/#breadcrumb"},"inLanguage":"es","potentialAction":[{"@type":"ReadAction","target":["https:\/\/www.miamibeachfl.gov\/miami-beach-welcomes-pride-week-with-flag-raising-ceremony\/"]}]},{"@type":"ImageObject","inLanguage":"es","@id":"https:\/\/www.miamibeachfl.gov\/miami-beach-welcomes-pride-week-with-flag-raising-ceremony\/#primaryimage","url":"https:\/\/www.miamibeachfl.gov\/wp-content\/uploads\/2023\/12\/icon-facebook.png","contentUrl":"https:\/\/www.miamibeachfl.gov\/wp-content\/uploads\/2023\/12\/icon-facebook.png"},{"@type":"BreadcrumbList","@id":"https:\/\/www.miamibeachfl.gov\/miami-beach-welcomes-pride-week-with-flag-raising-ceremony\/#breadcrumb","itemListElement":[{"@type":"ListItem","position":1,"name":"Home","item":"https:\/\/www.miamibeachfl.gov\/"},{"@type":"ListItem","position":2,"name":"Miami Beach Welcomes Pride Week With Flag-Raising Ceremony"}]},{"@type":"WebSite","@id":"https:\/\/www.miamibeachfl.gov\/#website","url":"https:\/\/www.miamibeachfl.gov\/","name":"Ciudad de Miami Beach","description":"Sitio web oficial de la Ciudad de Miami Beach. Mant\u00e9ngase informado, encuentre informaci\u00f3n importante sobre servicios municipales, noticias, alertas, eventos, rutas de tranv\u00edas, empleos gubernamentales y m\u00e1s.","publisher":{"@id":"https:\/\/www.miamibeachfl.gov\/#organization"},"potentialAction":[{"@type":"SearchAction","target":{"@type":"EntryPoint","urlTemplate":"https:\/\/www.miamibeachfl.gov\/?s={search_term_string}"},"query-input":{"@type":"PropertyValueSpecification","valueRequired":true,"valueName":"search_term_string"}}],"inLanguage":"es"},{"@type":"Organization","@id":"https:\/\/www.miamibeachfl.gov\/#organization","name":"Ciudad de Miami Beach","url":"https:\/\/www.miamibeachfl.gov\/","logo":{"@type":"ImageObject","inLanguage":"es","@id":"https:\/\/www.miamibeachfl.gov\/#\/schema\/logo\/image\/","url":"https:\/\/www.miamibeachfl.gov\/wp-content\/uploads\/2022\/06\/miamibeach-logoblue.png","contentUrl":"https:\/\/www.miamibeachfl.gov\/wp-content\/uploads\/2022\/06\/miamibeach-logoblue.png","width":1962,"height":381,"caption":"City of Miami Beach"},"image":{"@id":"https:\/\/www.miamibeachfl.gov\/#\/schema\/logo\/image\/"},"sameAs":["https:\/\/www.facebook.com\/cityofmiamibeach","https:\/\/x.com\/Miamibeachnews","https:\/\/www.instagram.com\/miamibeachnews\/"],"description":"Sitio web oficial de la Ciudad de Miami Beach. Mant\u00e9ngase informado, encuentre informaci\u00f3n importante sobre servicios municipales, noticias, alertas, eventos, rutas de tranv\u00edas, empleos gubernamentales y m\u00e1s.","telephone":"305.604.CITY(2489)","legalName":"City of Miami Beach"},{"@type":"Person","@id":"https:\/\/www.miamibeachfl.gov\/#\/schema\/person\/7b37a95841b5231439bceb3fe7f46378","name":"Emily Castillo"}]}},"_links":{"self":[{"href":"https:\/\/www.miamibeachfl.gov\/es\/wp-json\/wp\/v2\/posts\/367738","targetHints":{"allow":["GET"]}}],"collection":[{"href":"https:\/\/www.miamibeachfl.gov\/es\/wp-json\/wp\/v2\/posts"}],"about":[{"href":"https:\/\/www.miamibeachfl.gov\/es\/wp-json\/wp\/v2\/types\/post"}],"author":[{"embeddable":true,"href":"https:\/\/www.miamibeachfl.gov\/es\/wp-json\/wp\/v2\/users\/361"}],"replies":[{"embeddable":true,"href":"https:\/\/www.miamibeachfl.gov\/es\/wp-json\/wp\/v2\/comments?post=367738"}],"version-history":[{"count":1,"href":"https:\/\/www.miamibeachfl.gov\/es\/wp-json\/wp\/v2\/posts\/367738\/revisions"}],"predecessor-version":[{"id":383498,"href":"https:\/\/www.miamibeachfl.gov\/es\/wp-json\/wp\/v2\/posts\/367738\/revisions\/383498"}],"wp:attachment":[{"href":"https:\/\/www.miamibeachfl.gov\/es\/wp-json\/wp\/v2\/media?parent=367738"}],"wp:term":[{"taxonomy":"category","embeddable":true,"href":"https:\/\/www.miamibeachfl.gov\/es\/wp-json\/wp\/v2\/categories?post=367738"},{"taxonomy":"post_tag","embeddable":true,"href":"https:\/\/www.miamibeachfl.gov\/es\/wp-json\/wp\/v2\/tags?post=367738"}],"curies":[{"name":"gracias","href":"https:\/\/api.w.org\/{rel}","templated":true}]}}