{"id":388721,"date":"2025-09-08T08:47:00","date_gmt":"2025-09-08T12:47:00","guid":{"rendered":"https:\/\/www.miamibeachfl.gov\/?p=388721"},"modified":"2026-02-24T10:09:05","modified_gmt":"2026-02-24T15:09:05","slug":"miami-beach-first-responders-mark-24-year-anniversary-of-9-11","status":"publish","type":"post","link":"https:\/\/www.miamibeachfl.gov\/es\/miami-beach-first-responders-mark-24-year-anniversary-of-9-11\/","title":{"rendered":"Los socorristas de Miami Beach conmemoran el 24.\u00ba aniversario del 11 de septiembre"},"content":{"rendered":"<a href=\"https:\/\/www.miamibeachfl.gov\/wp-content\/uploads\/2025\/09\/Miami-Beach-First-Responders-Mark-24-Year-Anniversary-of-9.11.pdf\" target=\"_blank\" rel=\"noopener\">\n\t\t\t\t\t\tDescargar comunicado de prensa\n\t\t\t\t\t<\/a>\n<h2>\n\t\t\tCompartir:\t<\/h2>\n\t\t\t\t\t\t\t\t\t\t<a class= \"uabb-ss-grid-button-link\" href=\"https:\/\/www.facebook.com\/sharer.php?u=https%3A%2F%2Fwww.miamibeachfl.gov%2F%3Fp%3D388721%26fl_builder\" target=\"_blank\" onclick=\"window.open(this.href,'social-share','left=20,top=20,width=500,height=500,toolbar=1,resizable=0');return false;\">\n\t\t\t\t\t\t\t\t\t\t\t\t\t\t\t\t\t\t\t\t\t\t\t<img decoding=\"async\" src=\"https:\/\/www.miamibeachfl.gov\/wp-content\/uploads\/2023\/12\/icon-facebook.png\" alt=\"283216\"\/>\n\t\t\t\t\t\t\t\t\t\t<\/a>\n\t\t\t\t\t\t\t\t\t\t<a class= \"uabb-ss-grid-button-link\" href=\"https:\/\/twitter.com\/share?url=https%3A%2F%2Fwww.miamibeachfl.gov%2F%3Fp%3D388721%26fl_builder\" target=\"_blank\" onclick=\"window.open(this.href,'social-share','left=20,top=20,width=500,height=500,toolbar=1,resizable=0');return false;\">\n\t\t\t\t\t\t\t\t\t\t\t\t\t\t\t\t\t\t\t\t\t\t\t<img decoding=\"async\" src=\"https:\/\/www.miamibeachfl.gov\/wp-content\/uploads\/2023\/12\/icon-twitterx.png\" alt=\"283218\"\/>\n\t\t\t\t\t\t\t\t\t\t<\/a>\n\t\t\t\t\t\t\t\t\t\t<a class= \"uabb-ss-grid-button-link\" href=\"https:\/\/www.linkedin.com\/shareArticle?url=https%3A%2F%2Fwww.miamibeachfl.gov%2F%3Fp%3D388721%26fl_builder\" target=\"_blank\" onclick=\"window.open(this.href,'social-share','left=20,top=20,width=500,height=500,toolbar=1,resizable=0');return false;\">\n\t\t\t\t\t\t\t\t\t\t\t\t\t\t\t\t\t\t\t\t\t\t\t<img decoding=\"async\" src=\"https:\/\/www.miamibeachfl.gov\/wp-content\/uploads\/2023\/12\/icon-linkedin.png\" alt=\"283217\"\/>\n\t\t\t\t\t\t\t\t\t\t<\/a>\n<h2>\n\t\t\tpara publicaci\u00f3n inmediata\t<\/h2>\n<h2>\n\t\t\t13 de mayo de 2025\t<\/h2>\n<h3>\n\t\t\t&#8211; A joint observance will be held at 8:30 a.m. on Thursday, Sept. 11, 2025 &#8211;\t<\/h3>\n\t<p><strong>Miami Beach, Florida<\/strong> &#8211; First responders from the City of Miami Beach Fire and Police Departments will come together on <strong>Jueves 11 de septiembre de 2025<\/strong>, para una ceremonia conjunta en honor a las 2.977 vidas perdidas en los ataques terroristas del 11 de septiembre hace m\u00e1s de dos d\u00e9cadas.<\/p>\n<p>&#8220;September 11 reminds us of both the devastating loss of innocent lives and the extraordinary courage of our nation&#8217;s first responders,&#8221; said <strong>El alcalde de Miami Beach, Steven Meiner.<\/strong>. &#8220;We honor the firefighters and police officers who ran toward danger to save others, and whose sacrifice is a powerful example of the strength, duty, and patriotism that define America as we stand with our own Miami Beach Police and Fire Departments who carry that legacy forward every day.&#8221;<\/p>\n<p>La ceremonia en Miami Beach se llevar\u00e1 a cabo <strong>comienza a las 8:30 am<\/strong> afuera de la Estaci\u00f3n de Bomberos 2. Se observar\u00e1 un momento de silencio a las 8:46 am mientras los socorristas bajan la bandera estadounidense a media asta.<\/p>\n<p>El n\u00famero total de v\u00edctimas incluye a los socorristas que murieron mientras intentaban ayudar a otras v\u00edctimas, pero no incluye a los 19 terroristas que murieron mientras perpetraban los ataques que comenzaron con cuatro aviones secuestrados el 11 de septiembre de 2001.<\/p>\n<p>Dos aviones se estrellaron contra las torres del World Trade Center en la ciudad de Nueva York, mientras que otro se estrell\u00f3 contra el Pent\u00e1gono. Los otros dos aviones se estrellaron en un campo de Pensilvania cuando los pasajeros resistieron valientemente a los atacantes.<\/p>\n<p><strong>Qu\u00e9: <\/strong>Ceremonia conjunta de conmemoraci\u00f3n del 11 de septiembre de la ciudad de Miami Beach<\/p>\n<p><strong>Cuando:<\/strong> Jueves 11 de septiembre a las 8:30 am<\/p>\n<p><strong>D\u00f3nde: <\/strong>Estaci\u00f3n de bomberos 2 en 2300 Pine Tree Drive, Miami Beach o localice nuestra estaci\u00f3n de bomberos usando What3Words: \/\/\/pushing.skills.savers<\/p>\n###<br \/>\n<em><br \/>\n<\/em><em>Para solicitar este material en formato alternativo, un int\u00e9rprete de lenguaje de se\u00f1as (se requiere aviso con cinco d\u00edas de anticipaci\u00f3n), informaci\u00f3n sobre el acceso para personas con discapacidades y\/o cualquier adaptaci\u00f3n para revisar cualquier documento o participar en cualquier procedimiento patrocinado por la ciudad, llame al 305.604.2ADA (2232) y seleccione 1 para ingl\u00e9s o 2 para espa\u00f1ol, luego la opci\u00f3n 6; los usuarios de TTY pueden llamar al 711 (Servicio de retransmisi\u00f3n de Florida).<\/em>","protected":false},"excerpt":{"rendered":"<p>Download Press Release Share: for immediate release May 13, 2025 &#8211; A joint observance will be held at 8:30 a.m. [&hellip;]<\/p>\n","protected":false},"author":361,"featured_media":0,"comment_status":"closed","ping_status":"closed","sticky":false,"template":"","format":"standard","meta":{"_searchwp_excluded":"","site-sidebar-layout":"default","site-content-layout":"","ast-site-content-layout":"default","site-content-style":"default","site-sidebar-style":"default","ast-global-header-display":"","ast-banner-title-visibility":"","ast-main-header-display":"","ast-hfb-above-header-display":"","ast-hfb-below-header-display":"","ast-hfb-mobile-header-display":"","site-post-title":"","ast-breadcrumbs-content":"","ast-featured-img":"","footer-sml-layout":"","theme-transparent-header-meta":"","adv-header-id-meta":"","stick-header-meta":"","header-above-stick-meta":"","header-main-stick-meta":"","header-below-stick-meta":"","astra-migrate-meta-layouts":"default","ast-page-background-enabled":"default","ast-page-background-meta":{"desktop":{"background-color":"var(--ast-global-color-5)","background-image":"","background-repeat":"repeat","background-position":"center center","background-size":"auto","background-attachment":"scroll","background-type":"","background-media":"","overlay-type":"","overlay-color":"","overlay-opacity":"","overlay-gradient":""},"tablet":{"background-color":"","background-image":"","background-repeat":"repeat","background-position":"center center","background-size":"auto","background-attachment":"scroll","background-type":"","background-media":"","overlay-type":"","overlay-color":"","overlay-opacity":"","overlay-gradient":""},"mobile":{"background-color":"","background-image":"","background-repeat":"repeat","background-position":"center center","background-size":"auto","background-attachment":"scroll","background-type":"","background-media":"","overlay-type":"","overlay-color":"","overlay-opacity":"","overlay-gradient":""}},"ast-content-background-meta":{"desktop":{"background-color":"var(--ast-global-color-4)","background-image":"","background-repeat":"repeat","background-position":"center center","background-size":"auto","background-attachment":"scroll","background-type":"","background-media":"","overlay-type":"","overlay-color":"","overlay-opacity":"","overlay-gradient":""},"tablet":{"background-color":"var(--ast-global-color-4)","background-image":"","background-repeat":"repeat","background-position":"center center","background-size":"auto","background-attachment":"scroll","background-type":"","background-media":"","overlay-type":"","overlay-color":"","overlay-opacity":"","overlay-gradient":""},"mobile":{"background-color":"var(--ast-global-color-4)","background-image":"","background-repeat":"repeat","background-position":"center center","background-size":"auto","background-attachment":"scroll","background-type":"","background-media":"","overlay-type":"","overlay-color":"","overlay-opacity":"","overlay-gradient":""}},"footnotes":""},"categories":[1664,1877],"tags":[],"class_list":["post-388721","post","type-post","status-publish","format-standard","hentry","category-2025-press-releases","category-fire-press-release"],"yoast_head":"<!-- This site is optimized with the Yoast SEO Premium plugin v27.4 (Yoast SEO v27.4) - https:\/\/yoast.com\/product\/yoast-seo-premium-wordpress\/ -->\n<title>Miami Beach First Responders Mark 24-Year Anniversary of 9\/11 - City of Miami Beach<\/title>\n<meta name=\"description\" content=\"First responders from the City of Miami Beach Fire and Police Departments will come together on Thursday, Sept. 11, 2025, for a joint ceremony.\" \/>\n<meta name=\"robots\" content=\"index, follow, max-snippet:-1, max-image-preview:large, max-video-preview:-1\" \/>\n<link rel=\"canonical\" href=\"https:\/\/www.miamibeachfl.gov\/es\/miami-beach-first-responders-mark-24-year-anniversary-of-9-11\/\" \/>\n<meta property=\"og:locale\" content=\"es_ES\" \/>\n<meta property=\"og:type\" content=\"article\" \/>\n<meta property=\"og:title\" content=\"Miami Beach First Responders Mark 24-Year Anniversary of 9\/11\" \/>\n<meta property=\"og:description\" content=\"First responders from the City of Miami Beach Fire and Police Departments will come together on Thursday, Sept. 11, 2025, for a joint ceremony.\" \/>\n<meta property=\"og:url\" content=\"https:\/\/www.miamibeachfl.gov\/es\/miami-beach-first-responders-mark-24-year-anniversary-of-9-11\/\" \/>\n<meta property=\"og:site_name\" content=\"City of Miami Beach\" \/>\n<meta property=\"article:publisher\" content=\"https:\/\/www.facebook.com\/cityofmiamibeach\" \/>\n<meta property=\"article:published_time\" content=\"2025-09-08T12:47:00+00:00\" \/>\n<meta property=\"article:modified_time\" content=\"2026-02-24T15:09:05+00:00\" \/>\n<meta property=\"og:image\" content=\"https:\/\/www.miamibeachfl.gov\/wp-content\/uploads\/2023\/12\/icon-facebook.png\" \/>\n<meta name=\"author\" content=\"Emily Castillo\" \/>\n<meta name=\"twitter:card\" content=\"summary_large_image\" \/>\n<meta name=\"twitter:creator\" content=\"@Miamibeachnews\" \/>\n<meta name=\"twitter:site\" content=\"@Miamibeachnews\" \/>\n<script type=\"application\/ld+json\" class=\"yoast-schema-graph\">{\"@context\":\"https:\\\/\\\/schema.org\",\"@graph\":[{\"@type\":\"Article\",\"@id\":\"https:\\\/\\\/www.miamibeachfl.gov\\\/miami-beach-first-responders-mark-24-year-anniversary-of-9-11\\\/#article\",\"isPartOf\":{\"@id\":\"https:\\\/\\\/www.miamibeachfl.gov\\\/miami-beach-first-responders-mark-24-year-anniversary-of-9-11\\\/\"},\"author\":{\"name\":\"Emily Castillo\",\"@id\":\"https:\\\/\\\/www.miamibeachfl.gov\\\/#\\\/schema\\\/person\\\/7b37a95841b5231439bceb3fe7f46378\"},\"headline\":\"Miami Beach First Responders Mark 24-Year Anniversary of 9\\\/11\",\"datePublished\":\"2025-09-08T12:47:00+00:00\",\"dateModified\":\"2026-02-24T15:09:05+00:00\",\"mainEntityOfPage\":{\"@id\":\"https:\\\/\\\/www.miamibeachfl.gov\\\/miami-beach-first-responders-mark-24-year-anniversary-of-9-11\\\/\"},\"wordCount\":336,\"publisher\":{\"@id\":\"https:\\\/\\\/www.miamibeachfl.gov\\\/#organization\"},\"image\":{\"@id\":\"https:\\\/\\\/www.miamibeachfl.gov\\\/miami-beach-first-responders-mark-24-year-anniversary-of-9-11\\\/#primaryimage\"},\"thumbnailUrl\":\"https:\\\/\\\/www.miamibeachfl.gov\\\/wp-content\\\/uploads\\\/2023\\\/12\\\/icon-facebook.png\",\"articleSection\":[\"2025 Press Releases\",\"Fire Press Release\"],\"inLanguage\":\"es\"},{\"@type\":\"WebPage\",\"@id\":\"https:\\\/\\\/www.miamibeachfl.gov\\\/miami-beach-first-responders-mark-24-year-anniversary-of-9-11\\\/\",\"url\":\"https:\\\/\\\/www.miamibeachfl.gov\\\/miami-beach-first-responders-mark-24-year-anniversary-of-9-11\\\/\",\"name\":\"Miami Beach First Responders Mark 24-Year Anniversary of 9\\\/11 - City of Miami Beach\",\"isPartOf\":{\"@id\":\"https:\\\/\\\/www.miamibeachfl.gov\\\/#website\"},\"primaryImageOfPage\":{\"@id\":\"https:\\\/\\\/www.miamibeachfl.gov\\\/miami-beach-first-responders-mark-24-year-anniversary-of-9-11\\\/#primaryimage\"},\"image\":{\"@id\":\"https:\\\/\\\/www.miamibeachfl.gov\\\/miami-beach-first-responders-mark-24-year-anniversary-of-9-11\\\/#primaryimage\"},\"thumbnailUrl\":\"https:\\\/\\\/www.miamibeachfl.gov\\\/wp-content\\\/uploads\\\/2023\\\/12\\\/icon-facebook.png\",\"datePublished\":\"2025-09-08T12:47:00+00:00\",\"dateModified\":\"2026-02-24T15:09:05+00:00\",\"description\":\"First responders from the City of Miami Beach Fire and Police Departments will come together on Thursday, Sept. 11, 2025, for a joint ceremony.\",\"breadcrumb\":{\"@id\":\"https:\\\/\\\/www.miamibeachfl.gov\\\/miami-beach-first-responders-mark-24-year-anniversary-of-9-11\\\/#breadcrumb\"},\"inLanguage\":\"es\",\"potentialAction\":[{\"@type\":\"ReadAction\",\"target\":[\"https:\\\/\\\/www.miamibeachfl.gov\\\/miami-beach-first-responders-mark-24-year-anniversary-of-9-11\\\/\"]}]},{\"@type\":\"ImageObject\",\"inLanguage\":\"es\",\"@id\":\"https:\\\/\\\/www.miamibeachfl.gov\\\/miami-beach-first-responders-mark-24-year-anniversary-of-9-11\\\/#primaryimage\",\"url\":\"https:\\\/\\\/www.miamibeachfl.gov\\\/wp-content\\\/uploads\\\/2023\\\/12\\\/icon-facebook.png\",\"contentUrl\":\"https:\\\/\\\/www.miamibeachfl.gov\\\/wp-content\\\/uploads\\\/2023\\\/12\\\/icon-facebook.png\"},{\"@type\":\"BreadcrumbList\",\"@id\":\"https:\\\/\\\/www.miamibeachfl.gov\\\/miami-beach-first-responders-mark-24-year-anniversary-of-9-11\\\/#breadcrumb\",\"itemListElement\":[{\"@type\":\"ListItem\",\"position\":1,\"name\":\"Home\",\"item\":\"https:\\\/\\\/www.miamibeachfl.gov\\\/\"},{\"@type\":\"ListItem\",\"position\":2,\"name\":\"Miami Beach First Responders Mark 24-Year Anniversary of 9\\\/11\"}]},{\"@type\":\"WebSite\",\"@id\":\"https:\\\/\\\/www.miamibeachfl.gov\\\/#website\",\"url\":\"https:\\\/\\\/www.miamibeachfl.gov\\\/\",\"name\":\"City of Miami Beach\",\"description\":\"The official website of the City of Miami Beach. Stay informed, find important information on city services, news, alerts, events, trolley routes, government employment and more.\",\"publisher\":{\"@id\":\"https:\\\/\\\/www.miamibeachfl.gov\\\/#organization\"},\"potentialAction\":[{\"@type\":\"SearchAction\",\"target\":{\"@type\":\"EntryPoint\",\"urlTemplate\":\"https:\\\/\\\/www.miamibeachfl.gov\\\/?s={search_term_string}\"},\"query-input\":{\"@type\":\"PropertyValueSpecification\",\"valueRequired\":true,\"valueName\":\"search_term_string\"}}],\"inLanguage\":\"es\"},{\"@type\":\"Organization\",\"@id\":\"https:\\\/\\\/www.miamibeachfl.gov\\\/#organization\",\"name\":\"City of Miami Beach\",\"url\":\"https:\\\/\\\/www.miamibeachfl.gov\\\/\",\"logo\":{\"@type\":\"ImageObject\",\"inLanguage\":\"es\",\"@id\":\"https:\\\/\\\/www.miamibeachfl.gov\\\/#\\\/schema\\\/logo\\\/image\\\/\",\"url\":\"https:\\\/\\\/www.miamibeachfl.gov\\\/wp-content\\\/uploads\\\/2022\\\/06\\\/miamibeach-logoblue.png\",\"contentUrl\":\"https:\\\/\\\/www.miamibeachfl.gov\\\/wp-content\\\/uploads\\\/2022\\\/06\\\/miamibeach-logoblue.png\",\"width\":1962,\"height\":381,\"caption\":\"City of Miami Beach\"},\"image\":{\"@id\":\"https:\\\/\\\/www.miamibeachfl.gov\\\/#\\\/schema\\\/logo\\\/image\\\/\"},\"sameAs\":[\"https:\\\/\\\/www.facebook.com\\\/cityofmiamibeach\",\"https:\\\/\\\/x.com\\\/Miamibeachnews\",\"https:\\\/\\\/www.instagram.com\\\/miamibeachnews\\\/\"],\"description\":\"The official website of the City of Miami Beach. Stay informed, find important information on city services, news, alerts, events, trolley routes, government employment and more.\",\"telephone\":\"305.604.CITY(2489)\",\"legalName\":\"City of Miami Beach\"},{\"@type\":\"Person\",\"@id\":\"https:\\\/\\\/www.miamibeachfl.gov\\\/#\\\/schema\\\/person\\\/7b37a95841b5231439bceb3fe7f46378\",\"name\":\"Emily Castillo\"}]}<\/script>\n<!-- \/ Yoast SEO Premium plugin. -->","yoast_head_json":{"title":"Miami Beach First Responders Mark 24-Year Anniversary of 9\/11 - City of Miami Beach","description":"First responders from the City of Miami Beach Fire and Police Departments will come together on Thursday, Sept. 11, 2025, for a joint ceremony.","robots":{"index":"index","follow":"follow","max-snippet":"max-snippet:-1","max-image-preview":"max-image-preview:large","max-video-preview":"max-video-preview:-1"},"canonical":"https:\/\/www.miamibeachfl.gov\/es\/miami-beach-first-responders-mark-24-year-anniversary-of-9-11\/","og_locale":"es_ES","og_type":"article","og_title":"Miami Beach First Responders Mark 24-Year Anniversary of 9\/11","og_description":"First responders from the City of Miami Beach Fire and Police Departments will come together on Thursday, Sept. 11, 2025, for a joint ceremony.","og_url":"https:\/\/www.miamibeachfl.gov\/es\/miami-beach-first-responders-mark-24-year-anniversary-of-9-11\/","og_site_name":"City of Miami Beach","article_publisher":"https:\/\/www.facebook.com\/cityofmiamibeach","article_published_time":"2025-09-08T12:47:00+00:00","article_modified_time":"2026-02-24T15:09:05+00:00","og_image":[{"url":"https:\/\/www.miamibeachfl.gov\/wp-content\/uploads\/2023\/12\/icon-facebook.png","type":"","width":"","height":""}],"author":"Emily Castillo","twitter_card":"summary_large_image","twitter_creator":"@Miamibeachnews","twitter_site":"@Miamibeachnews","schema":{"@context":"https:\/\/schema.org","@graph":[{"@type":"Article","@id":"https:\/\/www.miamibeachfl.gov\/miami-beach-first-responders-mark-24-year-anniversary-of-9-11\/#article","isPartOf":{"@id":"https:\/\/www.miamibeachfl.gov\/miami-beach-first-responders-mark-24-year-anniversary-of-9-11\/"},"author":{"name":"Emily Castillo","@id":"https:\/\/www.miamibeachfl.gov\/#\/schema\/person\/7b37a95841b5231439bceb3fe7f46378"},"headline":"Miami Beach First Responders Mark 24-Year Anniversary of 9\/11","datePublished":"2025-09-08T12:47:00+00:00","dateModified":"2026-02-24T15:09:05+00:00","mainEntityOfPage":{"@id":"https:\/\/www.miamibeachfl.gov\/miami-beach-first-responders-mark-24-year-anniversary-of-9-11\/"},"wordCount":336,"publisher":{"@id":"https:\/\/www.miamibeachfl.gov\/#organization"},"image":{"@id":"https:\/\/www.miamibeachfl.gov\/miami-beach-first-responders-mark-24-year-anniversary-of-9-11\/#primaryimage"},"thumbnailUrl":"https:\/\/www.miamibeachfl.gov\/wp-content\/uploads\/2023\/12\/icon-facebook.png","articleSection":["2025 Press Releases","Fire Press Release"],"inLanguage":"es"},{"@type":"WebPage","@id":"https:\/\/www.miamibeachfl.gov\/miami-beach-first-responders-mark-24-year-anniversary-of-9-11\/","url":"https:\/\/www.miamibeachfl.gov\/miami-beach-first-responders-mark-24-year-anniversary-of-9-11\/","name":"Miami Beach First Responders Mark 24-Year Anniversary of 9\/11 - City of Miami Beach","isPartOf":{"@id":"https:\/\/www.miamibeachfl.gov\/#website"},"primaryImageOfPage":{"@id":"https:\/\/www.miamibeachfl.gov\/miami-beach-first-responders-mark-24-year-anniversary-of-9-11\/#primaryimage"},"image":{"@id":"https:\/\/www.miamibeachfl.gov\/miami-beach-first-responders-mark-24-year-anniversary-of-9-11\/#primaryimage"},"thumbnailUrl":"https:\/\/www.miamibeachfl.gov\/wp-content\/uploads\/2023\/12\/icon-facebook.png","datePublished":"2025-09-08T12:47:00+00:00","dateModified":"2026-02-24T15:09:05+00:00","description":"First responders from the City of Miami Beach Fire and Police Departments will come together on Thursday, Sept. 11, 2025, for a joint ceremony.","breadcrumb":{"@id":"https:\/\/www.miamibeachfl.gov\/miami-beach-first-responders-mark-24-year-anniversary-of-9-11\/#breadcrumb"},"inLanguage":"es","potentialAction":[{"@type":"ReadAction","target":["https:\/\/www.miamibeachfl.gov\/miami-beach-first-responders-mark-24-year-anniversary-of-9-11\/"]}]},{"@type":"ImageObject","inLanguage":"es","@id":"https:\/\/www.miamibeachfl.gov\/miami-beach-first-responders-mark-24-year-anniversary-of-9-11\/#primaryimage","url":"https:\/\/www.miamibeachfl.gov\/wp-content\/uploads\/2023\/12\/icon-facebook.png","contentUrl":"https:\/\/www.miamibeachfl.gov\/wp-content\/uploads\/2023\/12\/icon-facebook.png"},{"@type":"BreadcrumbList","@id":"https:\/\/www.miamibeachfl.gov\/miami-beach-first-responders-mark-24-year-anniversary-of-9-11\/#breadcrumb","itemListElement":[{"@type":"ListItem","position":1,"name":"Home","item":"https:\/\/www.miamibeachfl.gov\/"},{"@type":"ListItem","position":2,"name":"Miami Beach First Responders Mark 24-Year Anniversary of 9\/11"}]},{"@type":"WebSite","@id":"https:\/\/www.miamibeachfl.gov\/#website","url":"https:\/\/www.miamibeachfl.gov\/","name":"Ciudad de Miami Beach","description":"Sitio web oficial de la Ciudad de Miami Beach. Mant\u00e9ngase informado, encuentre informaci\u00f3n importante sobre servicios municipales, noticias, alertas, eventos, rutas de tranv\u00edas, empleos gubernamentales y m\u00e1s.","publisher":{"@id":"https:\/\/www.miamibeachfl.gov\/#organization"},"potentialAction":[{"@type":"SearchAction","target":{"@type":"EntryPoint","urlTemplate":"https:\/\/www.miamibeachfl.gov\/?s={search_term_string}"},"query-input":{"@type":"PropertyValueSpecification","valueRequired":true,"valueName":"search_term_string"}}],"inLanguage":"es"},{"@type":"Organization","@id":"https:\/\/www.miamibeachfl.gov\/#organization","name":"Ciudad de Miami Beach","url":"https:\/\/www.miamibeachfl.gov\/","logo":{"@type":"ImageObject","inLanguage":"es","@id":"https:\/\/www.miamibeachfl.gov\/#\/schema\/logo\/image\/","url":"https:\/\/www.miamibeachfl.gov\/wp-content\/uploads\/2022\/06\/miamibeach-logoblue.png","contentUrl":"https:\/\/www.miamibeachfl.gov\/wp-content\/uploads\/2022\/06\/miamibeach-logoblue.png","width":1962,"height":381,"caption":"City of Miami Beach"},"image":{"@id":"https:\/\/www.miamibeachfl.gov\/#\/schema\/logo\/image\/"},"sameAs":["https:\/\/www.facebook.com\/cityofmiamibeach","https:\/\/x.com\/Miamibeachnews","https:\/\/www.instagram.com\/miamibeachnews\/"],"description":"Sitio web oficial de la Ciudad de Miami Beach. Mant\u00e9ngase informado, encuentre informaci\u00f3n importante sobre servicios municipales, noticias, alertas, eventos, rutas de tranv\u00edas, empleos gubernamentales y m\u00e1s.","telephone":"305.604.CITY(2489)","legalName":"City of Miami Beach"},{"@type":"Person","@id":"https:\/\/www.miamibeachfl.gov\/#\/schema\/person\/7b37a95841b5231439bceb3fe7f46378","name":"Emily Castillo"}]}},"_links":{"self":[{"href":"https:\/\/www.miamibeachfl.gov\/es\/wp-json\/wp\/v2\/posts\/388721","targetHints":{"allow":["GET"]}}],"collection":[{"href":"https:\/\/www.miamibeachfl.gov\/es\/wp-json\/wp\/v2\/posts"}],"about":[{"href":"https:\/\/www.miamibeachfl.gov\/es\/wp-json\/wp\/v2\/types\/post"}],"author":[{"embeddable":true,"href":"https:\/\/www.miamibeachfl.gov\/es\/wp-json\/wp\/v2\/users\/361"}],"replies":[{"embeddable":true,"href":"https:\/\/www.miamibeachfl.gov\/es\/wp-json\/wp\/v2\/comments?post=388721"}],"version-history":[{"count":3,"href":"https:\/\/www.miamibeachfl.gov\/es\/wp-json\/wp\/v2\/posts\/388721\/revisions"}],"predecessor-version":[{"id":388726,"href":"https:\/\/www.miamibeachfl.gov\/es\/wp-json\/wp\/v2\/posts\/388721\/revisions\/388726"}],"wp:attachment":[{"href":"https:\/\/www.miamibeachfl.gov\/es\/wp-json\/wp\/v2\/media?parent=388721"}],"wp:term":[{"taxonomy":"category","embeddable":true,"href":"https:\/\/www.miamibeachfl.gov\/es\/wp-json\/wp\/v2\/categories?post=388721"},{"taxonomy":"post_tag","embeddable":true,"href":"https:\/\/www.miamibeachfl.gov\/es\/wp-json\/wp\/v2\/tags?post=388721"}],"curies":[{"name":"gracias","href":"https:\/\/api.w.org\/{rel}","templated":true}]}}