{"id":392549,"date":"2025-11-25T09:33:00","date_gmt":"2025-11-25T14:33:00","guid":{"rendered":"https:\/\/www.miamibeachfl.gov\/?p=392549"},"modified":"2025-11-26T08:33:19","modified_gmt":"2025-11-26T13:33:19","slug":"doors-to-freedom-installation-to-be-unveiled-during-art-week-miami-beach","status":"publish","type":"post","link":"https:\/\/www.miamibeachfl.gov\/es\/doors-to-freedom-installation-to-be-unveiled-during-art-week-miami-beach\/","title":{"rendered":"La instalaci\u00f3n \u201cPuertas a la Libertad\u201d se presentar\u00e1 durante la Semana del Arte de Miami Beach"},"content":{"rendered":"<a href=\"https:\/\/www.miamibeachfl.gov\/wp-content\/uploads\/2025\/11\/Doors-to-Freedom-Installation_Press-Release.pdf\" target=\"_blank\" rel=\"noopener\">\n\t\t\t\t\t\tDescargar comunicado de prensa\n\t\t\t\t\t<\/a>\n<h2>\n\t\t\tCompartir:\t<\/h2>\n\t\t\t\t\t\t\t\t\t\t<a class= \"uabb-ss-grid-button-link\" href=\"https:\/\/www.facebook.com\/sharer.php?u=https%3A%2F%2Fwww.miamibeachfl.gov%2F%3Fp%3D392549%26fl_builder\" target=\"_blank\" onclick=\"window.open(this.href,'social-share','left=20,top=20,width=500,height=500,toolbar=1,resizable=0');return false;\">\n\t\t\t\t\t\t\t\t\t\t\t\t\t\t\t\t\t\t\t\t\t\t\t<img decoding=\"async\" src=\"https:\/\/www.miamibeachfl.gov\/wp-content\/uploads\/2023\/12\/icon-facebook.png\" alt=\"283216\"\/>\n\t\t\t\t\t\t\t\t\t\t<\/a>\n\t\t\t\t\t\t\t\t\t\t<a class= \"uabb-ss-grid-button-link\" href=\"https:\/\/twitter.com\/share?url=https%3A%2F%2Fwww.miamibeachfl.gov%2F%3Fp%3D392549%26fl_builder\" target=\"_blank\" onclick=\"window.open(this.href,'social-share','left=20,top=20,width=500,height=500,toolbar=1,resizable=0');return false;\">\n\t\t\t\t\t\t\t\t\t\t\t\t\t\t\t\t\t\t\t\t\t\t\t<img decoding=\"async\" src=\"https:\/\/www.miamibeachfl.gov\/wp-content\/uploads\/2023\/12\/icon-twitterx.png\" alt=\"283218\"\/>\n\t\t\t\t\t\t\t\t\t\t<\/a>\n\t\t\t\t\t\t\t\t\t\t<a class= \"uabb-ss-grid-button-link\" href=\"https:\/\/www.linkedin.com\/shareArticle?url=https%3A%2F%2Fwww.miamibeachfl.gov%2F%3Fp%3D392549%26fl_builder\" target=\"_blank\" onclick=\"window.open(this.href,'social-share','left=20,top=20,width=500,height=500,toolbar=1,resizable=0');return false;\">\n\t\t\t\t\t\t\t\t\t\t\t\t\t\t\t\t\t\t\t\t\t\t\t<img decoding=\"async\" src=\"https:\/\/www.miamibeachfl.gov\/wp-content\/uploads\/2023\/12\/icon-linkedin.png\" alt=\"283217\"\/>\n\t\t\t\t\t\t\t\t\t\t<\/a>\n<h2>\n\t\t\tpara publicaci\u00f3n inmediata\t<\/h2>\n<h2>\n\t\t\t25 de noviembre de 2025\t<\/h2>\n<h3>\n\t\t\t&#8220;Doors to Freedom&#8221; Installation to be Unveiled during Art Week Miami Beach -In partnership with the Human Rights Foundation, Cuban Freedom March and the City of Miami Beach &#8211; \t<\/h3>\n\t<p><strong>Miami Beach, Florida<\/strong> &#8211; The Human Rights Foundation and Cuban Freedom March, in collaboration with the City of Miami Beach, proudly announce the unveiling of &#8220;Doors to Freedom,&#8221; a powerful public art installation debuting <strong>Lunes 1 de diciembre<\/strong> en <strong>5 pm<\/strong> en Mid Beach Park (<strong>4601 Avenida Collins<\/strong>).<\/p>\n<p>&#8220;Art Week is a global celebration of creativity, innovation and open cultural exchange,&#8221; shared <strong>El comisionado de Miami Beach, Alex Fern\u00e1ndez<\/strong>, who sponsored city funding for this project. &#8220;Yet around the world, artists living under authoritarian governments face censorship, imprisonment, torture and exile for daring to imagine a freer society. &#8220;Doors to Freedom&#8221; confronts this reality head-on.&#8221;<\/p>\n<p>The display showcases drawings, etchings, performance art documentation and sculptures created by artists who have been harassed, jailed or driven from their homelands. Their work stands as living evidence &#8211; imagery authoritarian regimes have desperately tried to suppress or erase.<\/p>\n<p>&#8220;The Doors to Freedom installation reminds us that the right to express oneself-the very foundation of this incredible artistic surge-is a freedom for which many still fight,&#8221; said <strong>El alcalde de Miami Beach, Steven Meiner.<\/strong><\/p>\n<p>The artwork will be on display to the public on December 2-7, 2025, during this year&#8217;s Art Week Miami Beach.<\/p>\n<p>&#8220;This installation strips away the idea that art is only ever a polite conversation,&#8221; added <strong>Roberto Gonz\u00e1lez, Director de Defensa de la Fundaci\u00f3n de Derechos Humanos<\/strong>. &#8220;For these artists, their work is an alarm bell against tyranny, and their sacrifice demands our attention.&#8221;<\/p>\n<p>&#8220;Art is freedom, and tyrants fear it because it exposes truth,&#8221; said <strong>Director Ejecutivo de la Marcha por la Libertad de Cuba, Alian Collazo. <\/strong>&#8220;These artists were silenced at home, but here we give them the voice their regimes tried to erase. &#8216;Doors to Freedom&#8217; shows that when free people amplify the oppressed, art becomes resistance and freedom finds a way.&#8221;<\/p>\n<p>###<\/p>\n<p><em>Para solicitar este material en formato alternativo, un int\u00e9rprete de lenguaje de se\u00f1as (se requiere aviso con cinco d\u00edas de anticipaci\u00f3n), informaci\u00f3n sobre el acceso para personas con discapacidades y\/o cualquier adaptaci\u00f3n para revisar cualquier documento o participar en cualquier procedimiento patrocinado por la ciudad, llame al 305.604.2ADA (2232) y seleccione 1 para ingl\u00e9s o 2 para espa\u00f1ol, luego la opci\u00f3n 6; los usuarios de TTY pueden llamar al 711 (Servicio de retransmisi\u00f3n de Florida).<\/em><\/p>","protected":false},"excerpt":{"rendered":"<p>Download Press Release Share: for immediate release Nov. 25, 2025 &#8220;Doors to Freedom&#8221; Installation to be Unveiled during Art Week [&hellip;]<\/p>\n","protected":false},"author":361,"featured_media":0,"comment_status":"closed","ping_status":"closed","sticky":false,"template":"","format":"standard","meta":{"_searchwp_excluded":"","site-sidebar-layout":"default","site-content-layout":"","ast-site-content-layout":"default","site-content-style":"default","site-sidebar-style":"default","ast-global-header-display":"","ast-banner-title-visibility":"","ast-main-header-display":"","ast-hfb-above-header-display":"","ast-hfb-below-header-display":"","ast-hfb-mobile-header-display":"","site-post-title":"","ast-breadcrumbs-content":"","ast-featured-img":"","footer-sml-layout":"","theme-transparent-header-meta":"","adv-header-id-meta":"","stick-header-meta":"","header-above-stick-meta":"","header-main-stick-meta":"","header-below-stick-meta":"","astra-migrate-meta-layouts":"default","ast-page-background-enabled":"default","ast-page-background-meta":{"desktop":{"background-color":"var(--ast-global-color-5)","background-image":"","background-repeat":"repeat","background-position":"center center","background-size":"auto","background-attachment":"scroll","background-type":"","background-media":"","overlay-type":"","overlay-color":"","overlay-opacity":"","overlay-gradient":""},"tablet":{"background-color":"","background-image":"","background-repeat":"repeat","background-position":"center center","background-size":"auto","background-attachment":"scroll","background-type":"","background-media":"","overlay-type":"","overlay-color":"","overlay-opacity":"","overlay-gradient":""},"mobile":{"background-color":"","background-image":"","background-repeat":"repeat","background-position":"center center","background-size":"auto","background-attachment":"scroll","background-type":"","background-media":"","overlay-type":"","overlay-color":"","overlay-opacity":"","overlay-gradient":""}},"ast-content-background-meta":{"desktop":{"background-color":"var(--ast-global-color-4)","background-image":"","background-repeat":"repeat","background-position":"center center","background-size":"auto","background-attachment":"scroll","background-type":"","background-media":"","overlay-type":"","overlay-color":"","overlay-opacity":"","overlay-gradient":""},"tablet":{"background-color":"var(--ast-global-color-4)","background-image":"","background-repeat":"repeat","background-position":"center center","background-size":"auto","background-attachment":"scroll","background-type":"","background-media":"","overlay-type":"","overlay-color":"","overlay-opacity":"","overlay-gradient":""},"mobile":{"background-color":"var(--ast-global-color-4)","background-image":"","background-repeat":"repeat","background-position":"center center","background-size":"auto","background-attachment":"scroll","background-type":"","background-media":"","overlay-type":"","overlay-color":"","overlay-opacity":"","overlay-gradient":""}},"footnotes":""},"categories":[1664],"tags":[],"class_list":["post-392549","post","type-post","status-publish","format-standard","hentry","category-2025-press-releases"],"yoast_head":"<!-- This site is optimized with the Yoast SEO Premium plugin v27.4 (Yoast SEO v27.4) - https:\/\/yoast.com\/product\/yoast-seo-premium-wordpress\/ -->\n<title>\u201cDoors to Freedom\u201d Installation to be Unveiled during Art Week Miami Beach - City of Miami Beach<\/title>\n<meta name=\"description\" content=\"The Human Rights Foundation and Cuban Freedom March, in collaboration with the City of Miami Beach, proudly announce the unveiling.\" \/>\n<meta name=\"robots\" content=\"index, follow, max-snippet:-1, max-image-preview:large, max-video-preview:-1\" \/>\n<link rel=\"canonical\" href=\"https:\/\/www.miamibeachfl.gov\/es\/doors-to-freedom-installation-to-be-unveiled-during-art-week-miami-beach\/\" \/>\n<meta property=\"og:locale\" content=\"es_ES\" \/>\n<meta property=\"og:type\" content=\"article\" \/>\n<meta property=\"og:title\" content=\"\u201cDoors to Freedom\u201d Installation to be Unveiled during Art Week Miami Beach\" \/>\n<meta property=\"og:description\" content=\"The Human Rights Foundation and Cuban Freedom March, in collaboration with the City of Miami Beach, proudly announce the unveiling.\" \/>\n<meta property=\"og:url\" content=\"https:\/\/www.miamibeachfl.gov\/es\/doors-to-freedom-installation-to-be-unveiled-during-art-week-miami-beach\/\" \/>\n<meta property=\"og:site_name\" content=\"City of Miami Beach\" \/>\n<meta property=\"article:publisher\" content=\"https:\/\/www.facebook.com\/cityofmiamibeach\" \/>\n<meta property=\"article:published_time\" content=\"2025-11-25T14:33:00+00:00\" \/>\n<meta property=\"article:modified_time\" content=\"2025-11-26T13:33:19+00:00\" \/>\n<meta property=\"og:image\" content=\"https:\/\/www.miamibeachfl.gov\/wp-content\/uploads\/2023\/12\/icon-facebook.png\" \/>\n<meta name=\"author\" content=\"Emily Castillo\" \/>\n<meta name=\"twitter:card\" content=\"summary_large_image\" \/>\n<meta name=\"twitter:creator\" content=\"@Miamibeachnews\" \/>\n<meta name=\"twitter:site\" content=\"@Miamibeachnews\" \/>\n<script type=\"application\/ld+json\" class=\"yoast-schema-graph\">{\"@context\":\"https:\\\/\\\/schema.org\",\"@graph\":[{\"@type\":\"Article\",\"@id\":\"https:\\\/\\\/www.miamibeachfl.gov\\\/doors-to-freedom-installation-to-be-unveiled-during-art-week-miami-beach\\\/#article\",\"isPartOf\":{\"@id\":\"https:\\\/\\\/www.miamibeachfl.gov\\\/doors-to-freedom-installation-to-be-unveiled-during-art-week-miami-beach\\\/\"},\"author\":{\"name\":\"Emily Castillo\",\"@id\":\"https:\\\/\\\/www.miamibeachfl.gov\\\/#\\\/schema\\\/person\\\/7b37a95841b5231439bceb3fe7f46378\"},\"headline\":\"\u201cDoors to Freedom\u201d Installation to be Unveiled during Art Week Miami Beach\",\"datePublished\":\"2025-11-25T14:33:00+00:00\",\"dateModified\":\"2025-11-26T13:33:19+00:00\",\"mainEntityOfPage\":{\"@id\":\"https:\\\/\\\/www.miamibeachfl.gov\\\/doors-to-freedom-installation-to-be-unveiled-during-art-week-miami-beach\\\/\"},\"wordCount\":392,\"publisher\":{\"@id\":\"https:\\\/\\\/www.miamibeachfl.gov\\\/#organization\"},\"image\":{\"@id\":\"https:\\\/\\\/www.miamibeachfl.gov\\\/doors-to-freedom-installation-to-be-unveiled-during-art-week-miami-beach\\\/#primaryimage\"},\"thumbnailUrl\":\"https:\\\/\\\/www.miamibeachfl.gov\\\/wp-content\\\/uploads\\\/2023\\\/12\\\/icon-facebook.png\",\"articleSection\":[\"2025 Press Releases\"],\"inLanguage\":\"es\"},{\"@type\":\"WebPage\",\"@id\":\"https:\\\/\\\/www.miamibeachfl.gov\\\/doors-to-freedom-installation-to-be-unveiled-during-art-week-miami-beach\\\/\",\"url\":\"https:\\\/\\\/www.miamibeachfl.gov\\\/doors-to-freedom-installation-to-be-unveiled-during-art-week-miami-beach\\\/\",\"name\":\"\u201cDoors to Freedom\u201d Installation to be Unveiled during Art Week Miami Beach - City of Miami Beach\",\"isPartOf\":{\"@id\":\"https:\\\/\\\/www.miamibeachfl.gov\\\/#website\"},\"primaryImageOfPage\":{\"@id\":\"https:\\\/\\\/www.miamibeachfl.gov\\\/doors-to-freedom-installation-to-be-unveiled-during-art-week-miami-beach\\\/#primaryimage\"},\"image\":{\"@id\":\"https:\\\/\\\/www.miamibeachfl.gov\\\/doors-to-freedom-installation-to-be-unveiled-during-art-week-miami-beach\\\/#primaryimage\"},\"thumbnailUrl\":\"https:\\\/\\\/www.miamibeachfl.gov\\\/wp-content\\\/uploads\\\/2023\\\/12\\\/icon-facebook.png\",\"datePublished\":\"2025-11-25T14:33:00+00:00\",\"dateModified\":\"2025-11-26T13:33:19+00:00\",\"description\":\"The Human Rights Foundation and Cuban Freedom March, in collaboration with the City of Miami Beach, proudly announce the unveiling.\",\"breadcrumb\":{\"@id\":\"https:\\\/\\\/www.miamibeachfl.gov\\\/doors-to-freedom-installation-to-be-unveiled-during-art-week-miami-beach\\\/#breadcrumb\"},\"inLanguage\":\"es\",\"potentialAction\":[{\"@type\":\"ReadAction\",\"target\":[\"https:\\\/\\\/www.miamibeachfl.gov\\\/doors-to-freedom-installation-to-be-unveiled-during-art-week-miami-beach\\\/\"]}]},{\"@type\":\"ImageObject\",\"inLanguage\":\"es\",\"@id\":\"https:\\\/\\\/www.miamibeachfl.gov\\\/doors-to-freedom-installation-to-be-unveiled-during-art-week-miami-beach\\\/#primaryimage\",\"url\":\"https:\\\/\\\/www.miamibeachfl.gov\\\/wp-content\\\/uploads\\\/2023\\\/12\\\/icon-facebook.png\",\"contentUrl\":\"https:\\\/\\\/www.miamibeachfl.gov\\\/wp-content\\\/uploads\\\/2023\\\/12\\\/icon-facebook.png\"},{\"@type\":\"BreadcrumbList\",\"@id\":\"https:\\\/\\\/www.miamibeachfl.gov\\\/doors-to-freedom-installation-to-be-unveiled-during-art-week-miami-beach\\\/#breadcrumb\",\"itemListElement\":[{\"@type\":\"ListItem\",\"position\":1,\"name\":\"Home\",\"item\":\"https:\\\/\\\/www.miamibeachfl.gov\\\/\"},{\"@type\":\"ListItem\",\"position\":2,\"name\":\"\u201cDoors to Freedom\u201d Installation to be Unveiled during Art Week Miami Beach\"}]},{\"@type\":\"WebSite\",\"@id\":\"https:\\\/\\\/www.miamibeachfl.gov\\\/#website\",\"url\":\"https:\\\/\\\/www.miamibeachfl.gov\\\/\",\"name\":\"City of Miami Beach\",\"description\":\"The official website of the City of Miami Beach. Stay informed, find important information on city services, news, alerts, events, trolley routes, government employment and more.\",\"publisher\":{\"@id\":\"https:\\\/\\\/www.miamibeachfl.gov\\\/#organization\"},\"potentialAction\":[{\"@type\":\"SearchAction\",\"target\":{\"@type\":\"EntryPoint\",\"urlTemplate\":\"https:\\\/\\\/www.miamibeachfl.gov\\\/?s={search_term_string}\"},\"query-input\":{\"@type\":\"PropertyValueSpecification\",\"valueRequired\":true,\"valueName\":\"search_term_string\"}}],\"inLanguage\":\"es\"},{\"@type\":\"Organization\",\"@id\":\"https:\\\/\\\/www.miamibeachfl.gov\\\/#organization\",\"name\":\"City of Miami Beach\",\"url\":\"https:\\\/\\\/www.miamibeachfl.gov\\\/\",\"logo\":{\"@type\":\"ImageObject\",\"inLanguage\":\"es\",\"@id\":\"https:\\\/\\\/www.miamibeachfl.gov\\\/#\\\/schema\\\/logo\\\/image\\\/\",\"url\":\"https:\\\/\\\/www.miamibeachfl.gov\\\/wp-content\\\/uploads\\\/2022\\\/06\\\/miamibeach-logoblue.png\",\"contentUrl\":\"https:\\\/\\\/www.miamibeachfl.gov\\\/wp-content\\\/uploads\\\/2022\\\/06\\\/miamibeach-logoblue.png\",\"width\":1962,\"height\":381,\"caption\":\"City of Miami Beach\"},\"image\":{\"@id\":\"https:\\\/\\\/www.miamibeachfl.gov\\\/#\\\/schema\\\/logo\\\/image\\\/\"},\"sameAs\":[\"https:\\\/\\\/www.facebook.com\\\/cityofmiamibeach\",\"https:\\\/\\\/x.com\\\/Miamibeachnews\",\"https:\\\/\\\/www.instagram.com\\\/miamibeachnews\\\/\"],\"description\":\"The official website of the City of Miami Beach. Stay informed, find important information on city services, news, alerts, events, trolley routes, government employment and more.\",\"telephone\":\"305.604.CITY(2489)\",\"legalName\":\"City of Miami Beach\"},{\"@type\":\"Person\",\"@id\":\"https:\\\/\\\/www.miamibeachfl.gov\\\/#\\\/schema\\\/person\\\/7b37a95841b5231439bceb3fe7f46378\",\"name\":\"Emily Castillo\"}]}<\/script>\n<!-- \/ Yoast SEO Premium plugin. -->","yoast_head_json":{"title":"\u201cDoors to Freedom\u201d Installation to be Unveiled during Art Week Miami Beach - City of Miami Beach","description":"The Human Rights Foundation and Cuban Freedom March, in collaboration with the City of Miami Beach, proudly announce the unveiling.","robots":{"index":"index","follow":"follow","max-snippet":"max-snippet:-1","max-image-preview":"max-image-preview:large","max-video-preview":"max-video-preview:-1"},"canonical":"https:\/\/www.miamibeachfl.gov\/es\/doors-to-freedom-installation-to-be-unveiled-during-art-week-miami-beach\/","og_locale":"es_ES","og_type":"article","og_title":"\u201cDoors to Freedom\u201d Installation to be Unveiled during Art Week Miami Beach","og_description":"The Human Rights Foundation and Cuban Freedom March, in collaboration with the City of Miami Beach, proudly announce the unveiling.","og_url":"https:\/\/www.miamibeachfl.gov\/es\/doors-to-freedom-installation-to-be-unveiled-during-art-week-miami-beach\/","og_site_name":"City of Miami Beach","article_publisher":"https:\/\/www.facebook.com\/cityofmiamibeach","article_published_time":"2025-11-25T14:33:00+00:00","article_modified_time":"2025-11-26T13:33:19+00:00","og_image":[{"url":"https:\/\/www.miamibeachfl.gov\/wp-content\/uploads\/2023\/12\/icon-facebook.png","type":"","width":"","height":""}],"author":"Emily Castillo","twitter_card":"summary_large_image","twitter_creator":"@Miamibeachnews","twitter_site":"@Miamibeachnews","schema":{"@context":"https:\/\/schema.org","@graph":[{"@type":"Article","@id":"https:\/\/www.miamibeachfl.gov\/doors-to-freedom-installation-to-be-unveiled-during-art-week-miami-beach\/#article","isPartOf":{"@id":"https:\/\/www.miamibeachfl.gov\/doors-to-freedom-installation-to-be-unveiled-during-art-week-miami-beach\/"},"author":{"name":"Emily Castillo","@id":"https:\/\/www.miamibeachfl.gov\/#\/schema\/person\/7b37a95841b5231439bceb3fe7f46378"},"headline":"\u201cDoors to Freedom\u201d Installation to be Unveiled during Art Week Miami Beach","datePublished":"2025-11-25T14:33:00+00:00","dateModified":"2025-11-26T13:33:19+00:00","mainEntityOfPage":{"@id":"https:\/\/www.miamibeachfl.gov\/doors-to-freedom-installation-to-be-unveiled-during-art-week-miami-beach\/"},"wordCount":392,"publisher":{"@id":"https:\/\/www.miamibeachfl.gov\/#organization"},"image":{"@id":"https:\/\/www.miamibeachfl.gov\/doors-to-freedom-installation-to-be-unveiled-during-art-week-miami-beach\/#primaryimage"},"thumbnailUrl":"https:\/\/www.miamibeachfl.gov\/wp-content\/uploads\/2023\/12\/icon-facebook.png","articleSection":["2025 Press Releases"],"inLanguage":"es"},{"@type":"WebPage","@id":"https:\/\/www.miamibeachfl.gov\/doors-to-freedom-installation-to-be-unveiled-during-art-week-miami-beach\/","url":"https:\/\/www.miamibeachfl.gov\/doors-to-freedom-installation-to-be-unveiled-during-art-week-miami-beach\/","name":"\u201cDoors to Freedom\u201d Installation to be Unveiled during Art Week Miami Beach - City of Miami Beach","isPartOf":{"@id":"https:\/\/www.miamibeachfl.gov\/#website"},"primaryImageOfPage":{"@id":"https:\/\/www.miamibeachfl.gov\/doors-to-freedom-installation-to-be-unveiled-during-art-week-miami-beach\/#primaryimage"},"image":{"@id":"https:\/\/www.miamibeachfl.gov\/doors-to-freedom-installation-to-be-unveiled-during-art-week-miami-beach\/#primaryimage"},"thumbnailUrl":"https:\/\/www.miamibeachfl.gov\/wp-content\/uploads\/2023\/12\/icon-facebook.png","datePublished":"2025-11-25T14:33:00+00:00","dateModified":"2025-11-26T13:33:19+00:00","description":"The Human Rights Foundation and Cuban Freedom March, in collaboration with the City of Miami Beach, proudly announce the unveiling.","breadcrumb":{"@id":"https:\/\/www.miamibeachfl.gov\/doors-to-freedom-installation-to-be-unveiled-during-art-week-miami-beach\/#breadcrumb"},"inLanguage":"es","potentialAction":[{"@type":"ReadAction","target":["https:\/\/www.miamibeachfl.gov\/doors-to-freedom-installation-to-be-unveiled-during-art-week-miami-beach\/"]}]},{"@type":"ImageObject","inLanguage":"es","@id":"https:\/\/www.miamibeachfl.gov\/doors-to-freedom-installation-to-be-unveiled-during-art-week-miami-beach\/#primaryimage","url":"https:\/\/www.miamibeachfl.gov\/wp-content\/uploads\/2023\/12\/icon-facebook.png","contentUrl":"https:\/\/www.miamibeachfl.gov\/wp-content\/uploads\/2023\/12\/icon-facebook.png"},{"@type":"BreadcrumbList","@id":"https:\/\/www.miamibeachfl.gov\/doors-to-freedom-installation-to-be-unveiled-during-art-week-miami-beach\/#breadcrumb","itemListElement":[{"@type":"ListItem","position":1,"name":"Home","item":"https:\/\/www.miamibeachfl.gov\/"},{"@type":"ListItem","position":2,"name":"\u201cDoors to Freedom\u201d Installation to be Unveiled during Art Week Miami Beach"}]},{"@type":"WebSite","@id":"https:\/\/www.miamibeachfl.gov\/#website","url":"https:\/\/www.miamibeachfl.gov\/","name":"Ciudad de Miami Beach","description":"Sitio web oficial de la Ciudad de Miami Beach. Mant\u00e9ngase informado, encuentre informaci\u00f3n importante sobre servicios municipales, noticias, alertas, eventos, rutas de tranv\u00edas, empleos gubernamentales y m\u00e1s.","publisher":{"@id":"https:\/\/www.miamibeachfl.gov\/#organization"},"potentialAction":[{"@type":"SearchAction","target":{"@type":"EntryPoint","urlTemplate":"https:\/\/www.miamibeachfl.gov\/?s={search_term_string}"},"query-input":{"@type":"PropertyValueSpecification","valueRequired":true,"valueName":"search_term_string"}}],"inLanguage":"es"},{"@type":"Organization","@id":"https:\/\/www.miamibeachfl.gov\/#organization","name":"Ciudad de Miami Beach","url":"https:\/\/www.miamibeachfl.gov\/","logo":{"@type":"ImageObject","inLanguage":"es","@id":"https:\/\/www.miamibeachfl.gov\/#\/schema\/logo\/image\/","url":"https:\/\/www.miamibeachfl.gov\/wp-content\/uploads\/2022\/06\/miamibeach-logoblue.png","contentUrl":"https:\/\/www.miamibeachfl.gov\/wp-content\/uploads\/2022\/06\/miamibeach-logoblue.png","width":1962,"height":381,"caption":"City of Miami Beach"},"image":{"@id":"https:\/\/www.miamibeachfl.gov\/#\/schema\/logo\/image\/"},"sameAs":["https:\/\/www.facebook.com\/cityofmiamibeach","https:\/\/x.com\/Miamibeachnews","https:\/\/www.instagram.com\/miamibeachnews\/"],"description":"Sitio web oficial de la Ciudad de Miami Beach. Mant\u00e9ngase informado, encuentre informaci\u00f3n importante sobre servicios municipales, noticias, alertas, eventos, rutas de tranv\u00edas, empleos gubernamentales y m\u00e1s.","telephone":"305.604.CITY(2489)","legalName":"City of Miami Beach"},{"@type":"Person","@id":"https:\/\/www.miamibeachfl.gov\/#\/schema\/person\/7b37a95841b5231439bceb3fe7f46378","name":"Emily Castillo"}]}},"_links":{"self":[{"href":"https:\/\/www.miamibeachfl.gov\/es\/wp-json\/wp\/v2\/posts\/392549","targetHints":{"allow":["GET"]}}],"collection":[{"href":"https:\/\/www.miamibeachfl.gov\/es\/wp-json\/wp\/v2\/posts"}],"about":[{"href":"https:\/\/www.miamibeachfl.gov\/es\/wp-json\/wp\/v2\/types\/post"}],"author":[{"embeddable":true,"href":"https:\/\/www.miamibeachfl.gov\/es\/wp-json\/wp\/v2\/users\/361"}],"replies":[{"embeddable":true,"href":"https:\/\/www.miamibeachfl.gov\/es\/wp-json\/wp\/v2\/comments?post=392549"}],"version-history":[{"count":3,"href":"https:\/\/www.miamibeachfl.gov\/es\/wp-json\/wp\/v2\/posts\/392549\/revisions"}],"predecessor-version":[{"id":392554,"href":"https:\/\/www.miamibeachfl.gov\/es\/wp-json\/wp\/v2\/posts\/392549\/revisions\/392554"}],"wp:attachment":[{"href":"https:\/\/www.miamibeachfl.gov\/es\/wp-json\/wp\/v2\/media?parent=392549"}],"wp:term":[{"taxonomy":"category","embeddable":true,"href":"https:\/\/www.miamibeachfl.gov\/es\/wp-json\/wp\/v2\/categories?post=392549"},{"taxonomy":"post_tag","embeddable":true,"href":"https:\/\/www.miamibeachfl.gov\/es\/wp-json\/wp\/v2\/tags?post=392549"}],"curies":[{"name":"gracias","href":"https:\/\/api.w.org\/{rel}","templated":true}]}}