{"id":395527,"date":"2026-01-26T13:16:11","date_gmt":"2026-01-26T18:16:11","guid":{"rendered":"https:\/\/www.miamibeachfl.gov\/?p=395527"},"modified":"2026-01-26T13:21:14","modified_gmt":"2026-01-26T18:21:14","slug":"miami-beach-to-honor-jose-marti","status":"publish","type":"post","link":"https:\/\/www.miamibeachfl.gov\/es\/miami-beach-to-honor-jose-marti\/","title":{"rendered":"Miami Beach honrar\u00e1 a Jos\u00e9 Mart\u00ed"},"content":{"rendered":"<a href=\"https:\/\/www.miamibeachfl.gov\/wp-content\/uploads\/2026\/01\/Miami-Beach-To-Honor-Jose-Marti.pdf\" target=\"_blank\" rel=\"noopener\">\n\t\t\t\t\t\tDescargar comunicado de prensa\n\t\t\t\t\t<\/a>\n<h2>\n\t\t\tCompartir:\t<\/h2>\n\t\t\t\t\t\t\t\t\t\t<a class= \"uabb-ss-grid-button-link\" href=\"https:\/\/www.facebook.com\/sharer.php?u=https%3A%2F%2Fwww.miamibeachfl.gov%2F%3Fp%3D395527%26fl_builder\" target=\"_blank\" onclick=\"window.open(this.href,'social-share','left=20,top=20,width=500,height=500,toolbar=1,resizable=0');return false;\">\n\t\t\t\t\t\t\t\t\t\t\t\t\t\t\t\t\t\t\t\t\t\t\t<img decoding=\"async\" src=\"https:\/\/www.miamibeachfl.gov\/wp-content\/uploads\/2023\/12\/icon-facebook.png\" alt=\"283216\"\/>\n\t\t\t\t\t\t\t\t\t\t<\/a>\n\t\t\t\t\t\t\t\t\t\t<a class= \"uabb-ss-grid-button-link\" href=\"https:\/\/twitter.com\/share?url=https%3A%2F%2Fwww.miamibeachfl.gov%2F%3Fp%3D395527%26fl_builder\" target=\"_blank\" onclick=\"window.open(this.href,'social-share','left=20,top=20,width=500,height=500,toolbar=1,resizable=0');return false;\">\n\t\t\t\t\t\t\t\t\t\t\t\t\t\t\t\t\t\t\t\t\t\t\t<img decoding=\"async\" src=\"https:\/\/www.miamibeachfl.gov\/wp-content\/uploads\/2023\/12\/icon-twitterx.png\" alt=\"283218\"\/>\n\t\t\t\t\t\t\t\t\t\t<\/a>\n\t\t\t\t\t\t\t\t\t\t<a class= \"uabb-ss-grid-button-link\" href=\"https:\/\/www.linkedin.com\/shareArticle?url=https%3A%2F%2Fwww.miamibeachfl.gov%2F%3Fp%3D395527%26fl_builder\" target=\"_blank\" onclick=\"window.open(this.href,'social-share','left=20,top=20,width=500,height=500,toolbar=1,resizable=0');return false;\">\n\t\t\t\t\t\t\t\t\t\t\t\t\t\t\t\t\t\t\t\t\t\t\t<img decoding=\"async\" src=\"https:\/\/www.miamibeachfl.gov\/wp-content\/uploads\/2023\/12\/icon-linkedin.png\" alt=\"283217\"\/>\n\t\t\t\t\t\t\t\t\t\t<\/a>\n<h2>\n\t\t\tpara publicaci\u00f3n inmediata\t<\/h2>\n<h2>\n\t\t\t26 de enero de 2026\t<\/h2>\n<h3>\n\t\t\t\u2013 El h\u00e9roe nacional cubano ser\u00e1 homenajeado en Collins Park, en la esquina de la calle 21 y la avenida Collins. \u2013\t<\/h3>\n\t<p><b>Miami Beach, Florida<\/b>\u00a0\u2013 La ciudad de Miami Beach y su Comit\u00e9 de Asuntos Hispanos conmemorar\u00e1n el nacimiento del h\u00e9roe nacional cubano Jos\u00e9 Mart\u00ed el\u00a0<b>Jueves 29 de enero a las 16 h<\/b>La ceremonia se llevar\u00e1 a cabo cerca del monumento a Jos\u00e9 Mart\u00ed.\u00a0<b>en la calle 21 y la avenida Collins<\/b>\u00a0para celebrar el legado perdurable de las contribuciones de Mart\u00ed a la libertad, la independencia y los derechos humanos.<\/p>\n<p>\u201cJos\u00e9 Mart\u00ed simboliza la lucha constante por la libertad\u201d, dijo\u00a0<b>El alcalde de Miami Beach, Steven Meiner.<\/b>\u201cVenezuela tiene esperanza, y el legado de Mart\u00ed sigue inspirando al pueblo venezolano y cubano, y a todos los que creen en la democracia y la dignidad humana.\u201d<\/p>\n<p>El evento en honor a Jos\u00e9 Mart\u00ed ofrece a las generaciones mayores la oportunidad de reflexionar sobre la vida y los logros de Mart\u00ed, mientras que las generaciones m\u00e1s j\u00f3venes pueden descubrir sus logros por primera vez.<\/p>\n<p>Se servir\u00e1n cafecitos y pastelitos de cortes\u00eda en el evento cortes\u00eda del Departamento de Parques y Recreaci\u00f3n de Miami Beach.<\/p>\n<p>###<\/p>\n<p><i>Para solicitar este material en formato alternativo, un int\u00e9rprete de lenguaje de se\u00f1as (se requiere aviso con cinco d\u00edas de anticipaci\u00f3n), informaci\u00f3n sobre el acceso para personas con discapacidades y\/o cualquier adaptaci\u00f3n para revisar cualquier documento o participar en cualquier procedimiento patrocinado por la ciudad, llame al 305.604.2ADA (2232) y seleccione 1 para ingl\u00e9s o 2 para espa\u00f1ol, luego la opci\u00f3n 6; los usuarios de TTY pueden llamar al 711 (Servicio de retransmisi\u00f3n de Florida).<\/i><\/p>\n<p>&nbsp;<\/p>","protected":false},"excerpt":{"rendered":"<p>Download Press Release Share: for immediate release Jan. 26, 2026 &#8211; The Cuban national hero will be celebrated in Collins [&hellip;]<\/p>\n","protected":false},"author":376,"featured_media":0,"comment_status":"closed","ping_status":"closed","sticky":false,"template":"","format":"standard","meta":{"_searchwp_excluded":"","site-sidebar-layout":"default","site-content-layout":"","ast-site-content-layout":"default","site-content-style":"default","site-sidebar-style":"default","ast-global-header-display":"","ast-banner-title-visibility":"","ast-main-header-display":"","ast-hfb-above-header-display":"","ast-hfb-below-header-display":"","ast-hfb-mobile-header-display":"","site-post-title":"","ast-breadcrumbs-content":"","ast-featured-img":"","footer-sml-layout":"","theme-transparent-header-meta":"","adv-header-id-meta":"","stick-header-meta":"","header-above-stick-meta":"","header-main-stick-meta":"","header-below-stick-meta":"","astra-migrate-meta-layouts":"default","ast-page-background-enabled":"default","ast-page-background-meta":{"desktop":{"background-color":"var(--ast-global-color-5)","background-image":"","background-repeat":"repeat","background-position":"center center","background-size":"auto","background-attachment":"scroll","background-type":"","background-media":"","overlay-type":"","overlay-color":"","overlay-opacity":"","overlay-gradient":""},"tablet":{"background-color":"","background-image":"","background-repeat":"repeat","background-position":"center center","background-size":"auto","background-attachment":"scroll","background-type":"","background-media":"","overlay-type":"","overlay-color":"","overlay-opacity":"","overlay-gradient":""},"mobile":{"background-color":"","background-image":"","background-repeat":"repeat","background-position":"center center","background-size":"auto","background-attachment":"scroll","background-type":"","background-media":"","overlay-type":"","overlay-color":"","overlay-opacity":"","overlay-gradient":""}},"ast-content-background-meta":{"desktop":{"background-color":"var(--ast-global-color-4)","background-image":"","background-repeat":"repeat","background-position":"center center","background-size":"auto","background-attachment":"scroll","background-type":"","background-media":"","overlay-type":"","overlay-color":"","overlay-opacity":"","overlay-gradient":""},"tablet":{"background-color":"var(--ast-global-color-4)","background-image":"","background-repeat":"repeat","background-position":"center center","background-size":"auto","background-attachment":"scroll","background-type":"","background-media":"","overlay-type":"","overlay-color":"","overlay-opacity":"","overlay-gradient":""},"mobile":{"background-color":"var(--ast-global-color-4)","background-image":"","background-repeat":"repeat","background-position":"center center","background-size":"auto","background-attachment":"scroll","background-type":"","background-media":"","overlay-type":"","overlay-color":"","overlay-opacity":"","overlay-gradient":""}},"footnotes":""},"categories":[1846],"tags":[],"class_list":["post-395527","post","type-post","status-publish","format-standard","hentry","category-2026-press-releases"],"yoast_head":"<!-- This site is optimized with the Yoast SEO Premium plugin v27.4 (Yoast SEO v27.4) - https:\/\/yoast.com\/product\/yoast-seo-premium-wordpress\/ -->\n<title>Miami Beach To Honor Jos\u00e9 Mart\u00ed - City of Miami Beach<\/title>\n<meta name=\"description\" content=\"The City of Miami Beach and its Hispanic Affairs Committee will mark the birth of Cuban national hero Jos\u00e9 Mart\u00ed on Thursday, Jan. 29 at 4 p.m. The ceremony will take place near the Jos\u00e9 Mart\u00ed monument at 21 Street and Collins Avenue to celebrate the continuing legacy of Mart\u00ed\u2019s contributions to freedom, independence and human rights.\" \/>\n<meta name=\"robots\" content=\"index, follow, max-snippet:-1, max-image-preview:large, max-video-preview:-1\" \/>\n<link rel=\"canonical\" href=\"https:\/\/www.miamibeachfl.gov\/es\/miami-beach-to-honor-jose-marti\/\" \/>\n<meta property=\"og:locale\" content=\"es_ES\" \/>\n<meta property=\"og:type\" content=\"article\" \/>\n<meta property=\"og:title\" content=\"Miami Beach To Honor Jos\u00e9 Mart\u00ed\" \/>\n<meta property=\"og:description\" content=\"The City of Miami Beach and its Hispanic Affairs Committee will mark the birth of Cuban national hero Jos\u00e9 Mart\u00ed on Thursday, Jan. 29 at 4 p.m. The ceremony will take place near the Jos\u00e9 Mart\u00ed monument at 21 Street and Collins Avenue to celebrate the continuing legacy of Mart\u00ed\u2019s contributions to freedom, independence and human rights.\" \/>\n<meta property=\"og:url\" content=\"https:\/\/www.miamibeachfl.gov\/es\/miami-beach-to-honor-jose-marti\/\" \/>\n<meta property=\"og:site_name\" content=\"City of Miami Beach\" \/>\n<meta property=\"article:publisher\" content=\"https:\/\/www.facebook.com\/cityofmiamibeach\" \/>\n<meta property=\"article:published_time\" content=\"2026-01-26T18:16:11+00:00\" \/>\n<meta property=\"article:modified_time\" content=\"2026-01-26T18:21:14+00:00\" \/>\n<meta property=\"og:image\" content=\"https:\/\/www.miamibeachfl.gov\/wp-content\/uploads\/2023\/12\/icon-facebook.png\" \/>\n<meta name=\"author\" content=\"Taylor Jauregui\" \/>\n<meta name=\"twitter:card\" content=\"summary_large_image\" \/>\n<meta name=\"twitter:creator\" content=\"@Miamibeachnews\" \/>\n<meta name=\"twitter:site\" content=\"@Miamibeachnews\" \/>\n<script type=\"application\/ld+json\" class=\"yoast-schema-graph\">{\"@context\":\"https:\\\/\\\/schema.org\",\"@graph\":[{\"@type\":\"Article\",\"@id\":\"https:\\\/\\\/www.miamibeachfl.gov\\\/miami-beach-to-honor-jose-marti\\\/#article\",\"isPartOf\":{\"@id\":\"https:\\\/\\\/www.miamibeachfl.gov\\\/miami-beach-to-honor-jose-marti\\\/\"},\"author\":{\"name\":\"Taylor Jauregui\",\"@id\":\"https:\\\/\\\/www.miamibeachfl.gov\\\/#\\\/schema\\\/person\\\/c891d2c338916a449c8d2a736b7adb22\"},\"headline\":\"Miami Beach To Honor Jos\u00e9 Mart\u00ed\",\"datePublished\":\"2026-01-26T18:16:11+00:00\",\"dateModified\":\"2026-01-26T18:21:14+00:00\",\"mainEntityOfPage\":{\"@id\":\"https:\\\/\\\/www.miamibeachfl.gov\\\/miami-beach-to-honor-jose-marti\\\/\"},\"wordCount\":230,\"publisher\":{\"@id\":\"https:\\\/\\\/www.miamibeachfl.gov\\\/#organization\"},\"image\":{\"@id\":\"https:\\\/\\\/www.miamibeachfl.gov\\\/miami-beach-to-honor-jose-marti\\\/#primaryimage\"},\"thumbnailUrl\":\"https:\\\/\\\/www.miamibeachfl.gov\\\/wp-content\\\/uploads\\\/2023\\\/12\\\/icon-facebook.png\",\"articleSection\":[\"2026 Press Releases\"],\"inLanguage\":\"es\"},{\"@type\":\"WebPage\",\"@id\":\"https:\\\/\\\/www.miamibeachfl.gov\\\/miami-beach-to-honor-jose-marti\\\/\",\"url\":\"https:\\\/\\\/www.miamibeachfl.gov\\\/miami-beach-to-honor-jose-marti\\\/\",\"name\":\"Miami Beach To Honor Jos\u00e9 Mart\u00ed - City of Miami Beach\",\"isPartOf\":{\"@id\":\"https:\\\/\\\/www.miamibeachfl.gov\\\/#website\"},\"primaryImageOfPage\":{\"@id\":\"https:\\\/\\\/www.miamibeachfl.gov\\\/miami-beach-to-honor-jose-marti\\\/#primaryimage\"},\"image\":{\"@id\":\"https:\\\/\\\/www.miamibeachfl.gov\\\/miami-beach-to-honor-jose-marti\\\/#primaryimage\"},\"thumbnailUrl\":\"https:\\\/\\\/www.miamibeachfl.gov\\\/wp-content\\\/uploads\\\/2023\\\/12\\\/icon-facebook.png\",\"datePublished\":\"2026-01-26T18:16:11+00:00\",\"dateModified\":\"2026-01-26T18:21:14+00:00\",\"description\":\"The City of Miami Beach and its Hispanic Affairs Committee will mark the birth of Cuban national hero Jos\u00e9 Mart\u00ed on Thursday, Jan. 29 at 4 p.m. The ceremony will take place near the Jos\u00e9 Mart\u00ed monument at 21 Street and Collins Avenue to celebrate the continuing legacy of Mart\u00ed\u2019s contributions to freedom, independence and human rights.\",\"breadcrumb\":{\"@id\":\"https:\\\/\\\/www.miamibeachfl.gov\\\/miami-beach-to-honor-jose-marti\\\/#breadcrumb\"},\"inLanguage\":\"es\",\"potentialAction\":[{\"@type\":\"ReadAction\",\"target\":[\"https:\\\/\\\/www.miamibeachfl.gov\\\/miami-beach-to-honor-jose-marti\\\/\"]}]},{\"@type\":\"ImageObject\",\"inLanguage\":\"es\",\"@id\":\"https:\\\/\\\/www.miamibeachfl.gov\\\/miami-beach-to-honor-jose-marti\\\/#primaryimage\",\"url\":\"https:\\\/\\\/www.miamibeachfl.gov\\\/wp-content\\\/uploads\\\/2023\\\/12\\\/icon-facebook.png\",\"contentUrl\":\"https:\\\/\\\/www.miamibeachfl.gov\\\/wp-content\\\/uploads\\\/2023\\\/12\\\/icon-facebook.png\"},{\"@type\":\"BreadcrumbList\",\"@id\":\"https:\\\/\\\/www.miamibeachfl.gov\\\/miami-beach-to-honor-jose-marti\\\/#breadcrumb\",\"itemListElement\":[{\"@type\":\"ListItem\",\"position\":1,\"name\":\"Home\",\"item\":\"https:\\\/\\\/www.miamibeachfl.gov\\\/\"},{\"@type\":\"ListItem\",\"position\":2,\"name\":\"Miami Beach To Honor Jos\u00e9 Mart\u00ed\"}]},{\"@type\":\"WebSite\",\"@id\":\"https:\\\/\\\/www.miamibeachfl.gov\\\/#website\",\"url\":\"https:\\\/\\\/www.miamibeachfl.gov\\\/\",\"name\":\"City of Miami Beach\",\"description\":\"The official website of the City of Miami Beach. Stay informed, find important information on city services, news, alerts, events, trolley routes, government employment and more.\",\"publisher\":{\"@id\":\"https:\\\/\\\/www.miamibeachfl.gov\\\/#organization\"},\"potentialAction\":[{\"@type\":\"SearchAction\",\"target\":{\"@type\":\"EntryPoint\",\"urlTemplate\":\"https:\\\/\\\/www.miamibeachfl.gov\\\/?s={search_term_string}\"},\"query-input\":{\"@type\":\"PropertyValueSpecification\",\"valueRequired\":true,\"valueName\":\"search_term_string\"}}],\"inLanguage\":\"es\"},{\"@type\":\"Organization\",\"@id\":\"https:\\\/\\\/www.miamibeachfl.gov\\\/#organization\",\"name\":\"City of Miami Beach\",\"url\":\"https:\\\/\\\/www.miamibeachfl.gov\\\/\",\"logo\":{\"@type\":\"ImageObject\",\"inLanguage\":\"es\",\"@id\":\"https:\\\/\\\/www.miamibeachfl.gov\\\/#\\\/schema\\\/logo\\\/image\\\/\",\"url\":\"https:\\\/\\\/www.miamibeachfl.gov\\\/wp-content\\\/uploads\\\/2022\\\/06\\\/miamibeach-logoblue.png\",\"contentUrl\":\"https:\\\/\\\/www.miamibeachfl.gov\\\/wp-content\\\/uploads\\\/2022\\\/06\\\/miamibeach-logoblue.png\",\"width\":1962,\"height\":381,\"caption\":\"City of Miami Beach\"},\"image\":{\"@id\":\"https:\\\/\\\/www.miamibeachfl.gov\\\/#\\\/schema\\\/logo\\\/image\\\/\"},\"sameAs\":[\"https:\\\/\\\/www.facebook.com\\\/cityofmiamibeach\",\"https:\\\/\\\/x.com\\\/Miamibeachnews\",\"https:\\\/\\\/www.instagram.com\\\/miamibeachnews\\\/\"],\"description\":\"The official website of the City of Miami Beach. Stay informed, find important information on city services, news, alerts, events, trolley routes, government employment and more.\",\"telephone\":\"305.604.CITY(2489)\",\"legalName\":\"City of Miami Beach\"},{\"@type\":\"Person\",\"@id\":\"https:\\\/\\\/www.miamibeachfl.gov\\\/#\\\/schema\\\/person\\\/c891d2c338916a449c8d2a736b7adb22\",\"name\":\"Taylor Jauregui\"}]}<\/script>\n<!-- \/ Yoast SEO Premium plugin. -->","yoast_head_json":{"title":"Miami Beach rendir\u00e1 homenaje a Jos\u00e9 Mart\u00ed - Ciudad de Miami Beach","description":"La ciudad de Miami Beach y su Comit\u00e9 de Asuntos Hispanos conmemorar\u00e1n el nacimiento del h\u00e9roe nacional cubano Jos\u00e9 Mart\u00ed el jueves 29 de enero a las 4 de la tarde. La ceremonia tendr\u00e1 lugar cerca del monumento a Jos\u00e9 Mart\u00ed, en la intersecci\u00f3n de la calle 21 y la avenida Collins, para celebrar el legado perdurable de las contribuciones de Mart\u00ed a la libertad, la independencia y los derechos humanos.","robots":{"index":"index","follow":"follow","max-snippet":"max-snippet:-1","max-image-preview":"max-image-preview:large","max-video-preview":"max-video-preview:-1"},"canonical":"https:\/\/www.miamibeachfl.gov\/es\/miami-beach-to-honor-jose-marti\/","og_locale":"es_ES","og_type":"article","og_title":"Miami Beach To Honor Jos\u00e9 Mart\u00ed","og_description":"The City of Miami Beach and its Hispanic Affairs Committee will mark the birth of Cuban national hero Jos\u00e9 Mart\u00ed on Thursday, Jan. 29 at 4 p.m. The ceremony will take place near the Jos\u00e9 Mart\u00ed monument at 21 Street and Collins Avenue to celebrate the continuing legacy of Mart\u00ed\u2019s contributions to freedom, independence and human rights.","og_url":"https:\/\/www.miamibeachfl.gov\/es\/miami-beach-to-honor-jose-marti\/","og_site_name":"City of Miami Beach","article_publisher":"https:\/\/www.facebook.com\/cityofmiamibeach","article_published_time":"2026-01-26T18:16:11+00:00","article_modified_time":"2026-01-26T18:21:14+00:00","og_image":[{"url":"https:\/\/www.miamibeachfl.gov\/wp-content\/uploads\/2023\/12\/icon-facebook.png","type":"","width":"","height":""}],"author":"Taylor Jauregui","twitter_card":"summary_large_image","twitter_creator":"@Miamibeachnews","twitter_site":"@Miamibeachnews","schema":{"@context":"https:\/\/schema.org","@graph":[{"@type":"Article","@id":"https:\/\/www.miamibeachfl.gov\/miami-beach-to-honor-jose-marti\/#article","isPartOf":{"@id":"https:\/\/www.miamibeachfl.gov\/miami-beach-to-honor-jose-marti\/"},"author":{"name":"Taylor Jauregui","@id":"https:\/\/www.miamibeachfl.gov\/#\/schema\/person\/c891d2c338916a449c8d2a736b7adb22"},"headline":"Miami Beach To Honor Jos\u00e9 Mart\u00ed","datePublished":"2026-01-26T18:16:11+00:00","dateModified":"2026-01-26T18:21:14+00:00","mainEntityOfPage":{"@id":"https:\/\/www.miamibeachfl.gov\/miami-beach-to-honor-jose-marti\/"},"wordCount":230,"publisher":{"@id":"https:\/\/www.miamibeachfl.gov\/#organization"},"image":{"@id":"https:\/\/www.miamibeachfl.gov\/miami-beach-to-honor-jose-marti\/#primaryimage"},"thumbnailUrl":"https:\/\/www.miamibeachfl.gov\/wp-content\/uploads\/2023\/12\/icon-facebook.png","articleSection":["2026 Press Releases"],"inLanguage":"es"},{"@type":"WebPage","@id":"https:\/\/www.miamibeachfl.gov\/miami-beach-to-honor-jose-marti\/","url":"https:\/\/www.miamibeachfl.gov\/miami-beach-to-honor-jose-marti\/","name":"Miami Beach rendir\u00e1 homenaje a Jos\u00e9 Mart\u00ed - Ciudad de Miami Beach","isPartOf":{"@id":"https:\/\/www.miamibeachfl.gov\/#website"},"primaryImageOfPage":{"@id":"https:\/\/www.miamibeachfl.gov\/miami-beach-to-honor-jose-marti\/#primaryimage"},"image":{"@id":"https:\/\/www.miamibeachfl.gov\/miami-beach-to-honor-jose-marti\/#primaryimage"},"thumbnailUrl":"https:\/\/www.miamibeachfl.gov\/wp-content\/uploads\/2023\/12\/icon-facebook.png","datePublished":"2026-01-26T18:16:11+00:00","dateModified":"2026-01-26T18:21:14+00:00","description":"La ciudad de Miami Beach y su Comit\u00e9 de Asuntos Hispanos conmemorar\u00e1n el nacimiento del h\u00e9roe nacional cubano Jos\u00e9 Mart\u00ed el jueves 29 de enero a las 4 de la tarde. La ceremonia tendr\u00e1 lugar cerca del monumento a Jos\u00e9 Mart\u00ed, en la intersecci\u00f3n de la calle 21 y la avenida Collins, para celebrar el legado perdurable de las contribuciones de Mart\u00ed a la libertad, la independencia y los derechos humanos.","breadcrumb":{"@id":"https:\/\/www.miamibeachfl.gov\/miami-beach-to-honor-jose-marti\/#breadcrumb"},"inLanguage":"es","potentialAction":[{"@type":"ReadAction","target":["https:\/\/www.miamibeachfl.gov\/miami-beach-to-honor-jose-marti\/"]}]},{"@type":"ImageObject","inLanguage":"es","@id":"https:\/\/www.miamibeachfl.gov\/miami-beach-to-honor-jose-marti\/#primaryimage","url":"https:\/\/www.miamibeachfl.gov\/wp-content\/uploads\/2023\/12\/icon-facebook.png","contentUrl":"https:\/\/www.miamibeachfl.gov\/wp-content\/uploads\/2023\/12\/icon-facebook.png"},{"@type":"BreadcrumbList","@id":"https:\/\/www.miamibeachfl.gov\/miami-beach-to-honor-jose-marti\/#breadcrumb","itemListElement":[{"@type":"ListItem","position":1,"name":"Home","item":"https:\/\/www.miamibeachfl.gov\/"},{"@type":"ListItem","position":2,"name":"Miami Beach To Honor Jos\u00e9 Mart\u00ed"}]},{"@type":"WebSite","@id":"https:\/\/www.miamibeachfl.gov\/#website","url":"https:\/\/www.miamibeachfl.gov\/","name":"Ciudad de Miami Beach","description":"Sitio web oficial de la Ciudad de Miami Beach. Mant\u00e9ngase informado, encuentre informaci\u00f3n importante sobre servicios municipales, noticias, alertas, eventos, rutas de tranv\u00edas, empleos gubernamentales y m\u00e1s.","publisher":{"@id":"https:\/\/www.miamibeachfl.gov\/#organization"},"potentialAction":[{"@type":"SearchAction","target":{"@type":"EntryPoint","urlTemplate":"https:\/\/www.miamibeachfl.gov\/?s={search_term_string}"},"query-input":{"@type":"PropertyValueSpecification","valueRequired":true,"valueName":"search_term_string"}}],"inLanguage":"es"},{"@type":"Organization","@id":"https:\/\/www.miamibeachfl.gov\/#organization","name":"Ciudad de Miami Beach","url":"https:\/\/www.miamibeachfl.gov\/","logo":{"@type":"ImageObject","inLanguage":"es","@id":"https:\/\/www.miamibeachfl.gov\/#\/schema\/logo\/image\/","url":"https:\/\/www.miamibeachfl.gov\/wp-content\/uploads\/2022\/06\/miamibeach-logoblue.png","contentUrl":"https:\/\/www.miamibeachfl.gov\/wp-content\/uploads\/2022\/06\/miamibeach-logoblue.png","width":1962,"height":381,"caption":"City of Miami Beach"},"image":{"@id":"https:\/\/www.miamibeachfl.gov\/#\/schema\/logo\/image\/"},"sameAs":["https:\/\/www.facebook.com\/cityofmiamibeach","https:\/\/x.com\/Miamibeachnews","https:\/\/www.instagram.com\/miamibeachnews\/"],"description":"Sitio web oficial de la Ciudad de Miami Beach. Mant\u00e9ngase informado, encuentre informaci\u00f3n importante sobre servicios municipales, noticias, alertas, eventos, rutas de tranv\u00edas, empleos gubernamentales y m\u00e1s.","telephone":"305.604.CITY(2489)","legalName":"City of Miami Beach"},{"@type":"Person","@id":"https:\/\/www.miamibeachfl.gov\/#\/schema\/person\/c891d2c338916a449c8d2a736b7adb22","name":"Taylor J\u00e1uregui"}]}},"_links":{"self":[{"href":"https:\/\/www.miamibeachfl.gov\/es\/wp-json\/wp\/v2\/posts\/395527","targetHints":{"allow":["GET"]}}],"collection":[{"href":"https:\/\/www.miamibeachfl.gov\/es\/wp-json\/wp\/v2\/posts"}],"about":[{"href":"https:\/\/www.miamibeachfl.gov\/es\/wp-json\/wp\/v2\/types\/post"}],"author":[{"embeddable":true,"href":"https:\/\/www.miamibeachfl.gov\/es\/wp-json\/wp\/v2\/users\/376"}],"replies":[{"embeddable":true,"href":"https:\/\/www.miamibeachfl.gov\/es\/wp-json\/wp\/v2\/comments?post=395527"}],"version-history":[{"count":2,"href":"https:\/\/www.miamibeachfl.gov\/es\/wp-json\/wp\/v2\/posts\/395527\/revisions"}],"predecessor-version":[{"id":395531,"href":"https:\/\/www.miamibeachfl.gov\/es\/wp-json\/wp\/v2\/posts\/395527\/revisions\/395531"}],"wp:attachment":[{"href":"https:\/\/www.miamibeachfl.gov\/es\/wp-json\/wp\/v2\/media?parent=395527"}],"wp:term":[{"taxonomy":"category","embeddable":true,"href":"https:\/\/www.miamibeachfl.gov\/es\/wp-json\/wp\/v2\/categories?post=395527"},{"taxonomy":"post_tag","embeddable":true,"href":"https:\/\/www.miamibeachfl.gov\/es\/wp-json\/wp\/v2\/tags?post=395527"}],"curies":[{"name":"gracias","href":"https:\/\/api.w.org\/{rel}","templated":true}]}}