{"id":383932,"date":"2025-06-05T10:17:00","date_gmt":"2025-06-05T14:17:00","guid":{"rendered":"https:\/\/www.miamibeachfl.gov\/?p=383932"},"modified":"2025-06-17T16:19:22","modified_gmt":"2025-06-17T20:19:22","slug":"miami-beach-celebrates-a-century-of-art-deco-influence","status":"publish","type":"post","link":"https:\/\/www.miamibeachfl.gov\/fr\/miami-beach-celebrates-a-century-of-art-deco-influence\/","title":{"rendered":"Miami Beach c\u00e9l\u00e8bre un si\u00e8cle d&#039;influence Art d\u00e9co"},"content":{"rendered":"<a href=\"https:\/\/www.miamibeachfl.gov\/wp-content\/uploads\/2025\/06\/Miami-Beach-Celebrates-a-Century-of-Art-Deco-Influence.pdf\" target=\"_blank\" rel=\"noopener\">\n\t\t\t\t\t\tT\u00e9l\u00e9charger le communiqu\u00e9 de presse\n\t\t\t\t\t<\/a>\n<h2>\n\t\t\tPartager:\t<\/h2>\n\t\t\t\t\t\t\t\t\t\t<a class= \"uabb-ss-grid-button-link\" href=\"https:\/\/www.facebook.com\/sharer.php?u=https%3A%2F%2Fwww.miamibeachfl.gov%2F%3Fp%3D383932%26fl_builder\" target=\"_blank\" onclick=\"window.open(this.href,'social-share','left=20,top=20,width=500,height=500,toolbar=1,resizable=0');return false;\">\n\t\t\t\t\t\t\t\t\t\t\t\t\t\t\t\t\t\t\t\t\t\t\t<img decoding=\"async\" src=\"https:\/\/www.miamibeachfl.gov\/wp-content\/uploads\/2023\/12\/icon-facebook.png\" alt=\"283216\"\/>\n\t\t\t\t\t\t\t\t\t\t<\/a>\n\t\t\t\t\t\t\t\t\t\t<a class= \"uabb-ss-grid-button-link\" href=\"https:\/\/twitter.com\/share?url=https%3A%2F%2Fwww.miamibeachfl.gov%2F%3Fp%3D383932%26fl_builder\" target=\"_blank\" onclick=\"window.open(this.href,'social-share','left=20,top=20,width=500,height=500,toolbar=1,resizable=0');return false;\">\n\t\t\t\t\t\t\t\t\t\t\t\t\t\t\t\t\t\t\t\t\t\t\t<img decoding=\"async\" src=\"https:\/\/www.miamibeachfl.gov\/wp-content\/uploads\/2023\/12\/icon-twitterx.png\" alt=\"283218\"\/>\n\t\t\t\t\t\t\t\t\t\t<\/a>\n\t\t\t\t\t\t\t\t\t\t<a class= \"uabb-ss-grid-button-link\" href=\"https:\/\/www.linkedin.com\/shareArticle?url=https%3A%2F%2Fwww.miamibeachfl.gov%2F%3Fp%3D383932%26fl_builder\" target=\"_blank\" onclick=\"window.open(this.href,'social-share','left=20,top=20,width=500,height=500,toolbar=1,resizable=0');return false;\">\n\t\t\t\t\t\t\t\t\t\t\t\t\t\t\t\t\t\t\t\t\t\t\t<img decoding=\"async\" src=\"https:\/\/www.miamibeachfl.gov\/wp-content\/uploads\/2023\/12\/icon-linkedin.png\" alt=\"283217\"\/>\n\t\t\t\t\t\t\t\t\t\t<\/a>\n<h2>\n\t\t\tpour diffusion imm\u00e9diate\t<\/h2>\n<h2>\n\t\t\t5 juin 2025\t<\/h2>\n<h3>\n\t\t\t\u2013 La nouvelle exposition en plein air devrait ouvrir ses portes le 12 juin \u00e0 Lummus Park \u2013\t<\/h3>\n\t<p>Miami Beach, FL \u2013 La ville de Miami Beach vous invite \u00e0 c\u00e9l\u00e9brer le centenaire de l&#039;exposition universelle de Paris de 1925, qui a fait d\u00e9couvrir l&#039;art d\u00e9co au monde et inaugur\u00e9 l&#039;\u00e2ge d&#039;or de l&#039;art d\u00e9co tropical \u00e0 Miami Beach, avec une nouvelle exposition en plein air intitul\u00e9e \u00ab 100 ans d&#039;Art d\u00e9co : une c\u00e9l\u00e9bration mondiale \u00e0 Miami Beach \u00bb.<\/p>\n<p>Une grande c\u00e9r\u00e9monie d&#039;inauguration aura lieu le jeudi 12 juin \u00e0 18 h au Lummus Park de la Galer\u00eda Ocean Drive, situ\u00e9e au 1101 Ocean Drive. L&#039;exposition pr\u00e9sentera plus de 160 images Art d\u00e9co, dont des photos du monde entier et des images mettant en valeur le style tropical unique de Miami Beach.<\/p>\n<p>\u00ab Alors que nous c\u00e9l\u00e9brons le centenaire de l&#039;essor de l&#039;Art d\u00e9co dans le monde entier, cette exposition en plein air nous rappelle pourquoi l&#039;h\u00e9ritage architectural de Miami Beach m\u00e9rite d&#039;\u00eatre prot\u00e9g\u00e9 \u00bb, a d\u00e9clar\u00e9 le maire de Miami Beach, Steven Meiner. \u00ab Le quartier Art d\u00e9co historique de notre ville n&#039;est pas seulement un tr\u00e9sor local, c&#039;est un monument international qui refl\u00e8te \u00e0 la fois notre pass\u00e9 et notre identit\u00e9. \u00bb Organis\u00e9e par le bureau du maire Steven Meiner et la Commission, l&#039;exposition emm\u00e8ne les visiteurs dans un voyage \u00e0 travers l&#039;Art d\u00e9co, explorant son influence sur la d\u00e9coration int\u00e9rieure, la mode, le graphisme et le design moderne \u2013 le tout pr\u00e9sent\u00e9 sur 34 panneaux r\u00e9sistants aux intemp\u00e9ries expos\u00e9s dans le parc Lummus. L&#039;exposition gratuite pr\u00e9sentera \u00e9galement plusieurs installations Instagrammables.<\/p>\n<p>Pendant sept mois, l&#039;exposition proposera \u00e9galement des \u00e9v\u00e9nements culturels Art d\u00e9co anim\u00e9s par la communaut\u00e9 \u00e0 la Galeria Ocean Drive. Le premier \u00e9v\u00e9nement, programm\u00e9 lors du Culture Crawl du 19 juin, sera la Soir\u00e9e Art d\u00e9co, anim\u00e9e par George Neary, directeur par int\u00e9rim de la Miami Design Preservation League.<\/p>\n<p>\u00ab Cette nouvelle exposition t\u00e9moigne de l&#039;engagement de Miami Beach \u00e0 pr\u00e9server et \u00e0 mettre en valeur son patrimoine architectural unique \u00bb, a ajout\u00e9 Neary. \u00ab Nous sommes ravis de nous associer \u00e0 cette initiative et de participer \u00e0 la c\u00e9l\u00e9bration mondiale du centenaire de l&#039;Art d\u00e9co, consolidant ainsi la place de Miami Beach parmi les destinations d\u00e9co les plus pris\u00e9es au monde. \u00bb<\/p>\n<p>La Galer\u00eda est un espace d&#039;exposition ouvert toute l&#039;ann\u00e9e, avec des expositions temporaires c\u00e9l\u00e9brant la riche histoire et le patrimoine culturel de Miami Beach. L&#039;exposition Art d\u00e9co se tiendra jusqu&#039;en janvier 2026. Pour plus d&#039;informations, veuillez consulter www.miamibeachfl.gov\/galeria.<\/p>\n<p>###<\/p>\n<p>Pour demander ce mat\u00e9riel dans un format alternatif, un interpr\u00e8te en langue des signes (pr\u00e9avis de cinq jours requis), des informations sur l&#039;acc\u00e8s pour les personnes handicap\u00e9es et\/ou tout am\u00e9nagement pour examiner tout document ou participer \u00e0 toute proc\u00e9dure parrain\u00e9e par la ville, appelez le 305.604.2ADA (2232) et s\u00e9lectionnez 1 pour l&#039;anglais ou 2 pour l&#039;espagnol, puis l&#039;option 6 ; les utilisateurs de TTY peuvent appeler via le 711 (Florida Relay Service).<\/p>","protected":false},"excerpt":{"rendered":"<p>Download Press Release Share: for immediate release June 5, 2025 &#8211; The new outdoor exhibit is set to open on [&hellip;]<\/p>\n","protected":false},"author":361,"featured_media":0,"comment_status":"closed","ping_status":"closed","sticky":false,"template":"","format":"standard","meta":{"_searchwp_excluded":"","site-sidebar-layout":"default","site-content-layout":"","ast-site-content-layout":"default","site-content-style":"default","site-sidebar-style":"default","ast-global-header-display":"","ast-banner-title-visibility":"","ast-main-header-display":"","ast-hfb-above-header-display":"","ast-hfb-below-header-display":"","ast-hfb-mobile-header-display":"","site-post-title":"","ast-breadcrumbs-content":"","ast-featured-img":"","footer-sml-layout":"","theme-transparent-header-meta":"","adv-header-id-meta":"","stick-header-meta":"","header-above-stick-meta":"","header-main-stick-meta":"","header-below-stick-meta":"","astra-migrate-meta-layouts":"default","ast-page-background-enabled":"default","ast-page-background-meta":{"desktop":{"background-color":"var(--ast-global-color-5)","background-image":"","background-repeat":"repeat","background-position":"center center","background-size":"auto","background-attachment":"scroll","background-type":"","background-media":"","overlay-type":"","overlay-color":"","overlay-opacity":"","overlay-gradient":""},"tablet":{"background-color":"","background-image":"","background-repeat":"repeat","background-position":"center center","background-size":"auto","background-attachment":"scroll","background-type":"","background-media":"","overlay-type":"","overlay-color":"","overlay-opacity":"","overlay-gradient":""},"mobile":{"background-color":"","background-image":"","background-repeat":"repeat","background-position":"center center","background-size":"auto","background-attachment":"scroll","background-type":"","background-media":"","overlay-type":"","overlay-color":"","overlay-opacity":"","overlay-gradient":""}},"ast-content-background-meta":{"desktop":{"background-color":"var(--ast-global-color-4)","background-image":"","background-repeat":"repeat","background-position":"center center","background-size":"auto","background-attachment":"scroll","background-type":"","background-media":"","overlay-type":"","overlay-color":"","overlay-opacity":"","overlay-gradient":""},"tablet":{"background-color":"var(--ast-global-color-4)","background-image":"","background-repeat":"repeat","background-position":"center center","background-size":"auto","background-attachment":"scroll","background-type":"","background-media":"","overlay-type":"","overlay-color":"","overlay-opacity":"","overlay-gradient":""},"mobile":{"background-color":"var(--ast-global-color-4)","background-image":"","background-repeat":"repeat","background-position":"center center","background-size":"auto","background-attachment":"scroll","background-type":"","background-media":"","overlay-type":"","overlay-color":"","overlay-opacity":"","overlay-gradient":""}},"footnotes":""},"categories":[1664],"tags":[],"class_list":["post-383932","post","type-post","status-publish","format-standard","hentry","category-2025-press-releases"],"yoast_head":"<!-- This site is optimized with the Yoast SEO Premium plugin v27.4 (Yoast SEO v27.4) - https:\/\/yoast.com\/product\/yoast-seo-premium-wordpress\/ -->\n<title>Miami Beach Celebrates a Century of Art Deco Influence - City of Miami Beach<\/title>\n<meta name=\"description\" content=\"The City of Miami Beach invites you to celebrate the centennial anniversary of the 1925 Paris expo that introduced art deco to the world.\" \/>\n<meta name=\"robots\" content=\"index, follow, max-snippet:-1, max-image-preview:large, max-video-preview:-1\" \/>\n<link rel=\"canonical\" href=\"https:\/\/www.miamibeachfl.gov\/fr\/miami-beach-celebrates-a-century-of-art-deco-influence\/\" \/>\n<meta property=\"og:locale\" content=\"fr_FR\" \/>\n<meta property=\"og:type\" content=\"article\" \/>\n<meta property=\"og:title\" content=\"Miami Beach Celebrates a Century of Art Deco Influence\" \/>\n<meta property=\"og:description\" content=\"The City of Miami Beach invites you to celebrate the centennial anniversary of the 1925 Paris expo that introduced art deco to the world.\" \/>\n<meta property=\"og:url\" content=\"https:\/\/www.miamibeachfl.gov\/fr\/miami-beach-celebrates-a-century-of-art-deco-influence\/\" \/>\n<meta property=\"og:site_name\" content=\"City of Miami Beach\" \/>\n<meta property=\"article:publisher\" content=\"https:\/\/www.facebook.com\/cityofmiamibeach\" \/>\n<meta property=\"article:published_time\" content=\"2025-06-05T14:17:00+00:00\" \/>\n<meta property=\"article:modified_time\" content=\"2025-06-17T20:19:22+00:00\" \/>\n<meta property=\"og:image\" content=\"https:\/\/www.miamibeachfl.gov\/wp-content\/uploads\/2023\/12\/icon-facebook.png\" \/>\n<meta name=\"author\" content=\"Emily Castillo\" \/>\n<meta name=\"twitter:card\" content=\"summary_large_image\" \/>\n<meta name=\"twitter:creator\" content=\"@Miamibeachnews\" \/>\n<meta name=\"twitter:site\" content=\"@Miamibeachnews\" \/>\n<script type=\"application\/ld+json\" class=\"yoast-schema-graph\">{\"@context\":\"https:\\\/\\\/schema.org\",\"@graph\":[{\"@type\":\"Article\",\"@id\":\"https:\\\/\\\/www.miamibeachfl.gov\\\/miami-beach-celebrates-a-century-of-art-deco-influence\\\/#article\",\"isPartOf\":{\"@id\":\"https:\\\/\\\/www.miamibeachfl.gov\\\/miami-beach-celebrates-a-century-of-art-deco-influence\\\/\"},\"author\":{\"name\":\"Emily Castillo\",\"@id\":\"https:\\\/\\\/www.miamibeachfl.gov\\\/#\\\/schema\\\/person\\\/7b37a95841b5231439bceb3fe7f46378\"},\"headline\":\"Miami Beach Celebrates a Century of Art Deco Influence\",\"datePublished\":\"2025-06-05T14:17:00+00:00\",\"dateModified\":\"2025-06-17T20:19:22+00:00\",\"mainEntityOfPage\":{\"@id\":\"https:\\\/\\\/www.miamibeachfl.gov\\\/miami-beach-celebrates-a-century-of-art-deco-influence\\\/\"},\"wordCount\":437,\"publisher\":{\"@id\":\"https:\\\/\\\/www.miamibeachfl.gov\\\/#organization\"},\"image\":{\"@id\":\"https:\\\/\\\/www.miamibeachfl.gov\\\/miami-beach-celebrates-a-century-of-art-deco-influence\\\/#primaryimage\"},\"thumbnailUrl\":\"https:\\\/\\\/www.miamibeachfl.gov\\\/wp-content\\\/uploads\\\/2023\\\/12\\\/icon-facebook.png\",\"articleSection\":[\"2025 Press Releases\"],\"inLanguage\":\"fr-FR\"},{\"@type\":\"WebPage\",\"@id\":\"https:\\\/\\\/www.miamibeachfl.gov\\\/miami-beach-celebrates-a-century-of-art-deco-influence\\\/\",\"url\":\"https:\\\/\\\/www.miamibeachfl.gov\\\/miami-beach-celebrates-a-century-of-art-deco-influence\\\/\",\"name\":\"Miami Beach Celebrates a Century of Art Deco Influence - City of Miami Beach\",\"isPartOf\":{\"@id\":\"https:\\\/\\\/www.miamibeachfl.gov\\\/#website\"},\"primaryImageOfPage\":{\"@id\":\"https:\\\/\\\/www.miamibeachfl.gov\\\/miami-beach-celebrates-a-century-of-art-deco-influence\\\/#primaryimage\"},\"image\":{\"@id\":\"https:\\\/\\\/www.miamibeachfl.gov\\\/miami-beach-celebrates-a-century-of-art-deco-influence\\\/#primaryimage\"},\"thumbnailUrl\":\"https:\\\/\\\/www.miamibeachfl.gov\\\/wp-content\\\/uploads\\\/2023\\\/12\\\/icon-facebook.png\",\"datePublished\":\"2025-06-05T14:17:00+00:00\",\"dateModified\":\"2025-06-17T20:19:22+00:00\",\"description\":\"The City of Miami Beach invites you to celebrate the centennial anniversary of the 1925 Paris expo that introduced art deco to the world.\",\"breadcrumb\":{\"@id\":\"https:\\\/\\\/www.miamibeachfl.gov\\\/miami-beach-celebrates-a-century-of-art-deco-influence\\\/#breadcrumb\"},\"inLanguage\":\"fr-FR\",\"potentialAction\":[{\"@type\":\"ReadAction\",\"target\":[\"https:\\\/\\\/www.miamibeachfl.gov\\\/miami-beach-celebrates-a-century-of-art-deco-influence\\\/\"]}]},{\"@type\":\"ImageObject\",\"inLanguage\":\"fr-FR\",\"@id\":\"https:\\\/\\\/www.miamibeachfl.gov\\\/miami-beach-celebrates-a-century-of-art-deco-influence\\\/#primaryimage\",\"url\":\"https:\\\/\\\/www.miamibeachfl.gov\\\/wp-content\\\/uploads\\\/2023\\\/12\\\/icon-facebook.png\",\"contentUrl\":\"https:\\\/\\\/www.miamibeachfl.gov\\\/wp-content\\\/uploads\\\/2023\\\/12\\\/icon-facebook.png\"},{\"@type\":\"BreadcrumbList\",\"@id\":\"https:\\\/\\\/www.miamibeachfl.gov\\\/miami-beach-celebrates-a-century-of-art-deco-influence\\\/#breadcrumb\",\"itemListElement\":[{\"@type\":\"ListItem\",\"position\":1,\"name\":\"Home\",\"item\":\"https:\\\/\\\/www.miamibeachfl.gov\\\/\"},{\"@type\":\"ListItem\",\"position\":2,\"name\":\"Miami Beach Celebrates a Century of Art Deco Influence\"}]},{\"@type\":\"WebSite\",\"@id\":\"https:\\\/\\\/www.miamibeachfl.gov\\\/#website\",\"url\":\"https:\\\/\\\/www.miamibeachfl.gov\\\/\",\"name\":\"City of Miami Beach\",\"description\":\"The official website of the City of Miami Beach. Stay informed, find important information on city services, news, alerts, events, trolley routes, government employment and more.\",\"publisher\":{\"@id\":\"https:\\\/\\\/www.miamibeachfl.gov\\\/#organization\"},\"potentialAction\":[{\"@type\":\"SearchAction\",\"target\":{\"@type\":\"EntryPoint\",\"urlTemplate\":\"https:\\\/\\\/www.miamibeachfl.gov\\\/?s={search_term_string}\"},\"query-input\":{\"@type\":\"PropertyValueSpecification\",\"valueRequired\":true,\"valueName\":\"search_term_string\"}}],\"inLanguage\":\"fr-FR\"},{\"@type\":\"Organization\",\"@id\":\"https:\\\/\\\/www.miamibeachfl.gov\\\/#organization\",\"name\":\"City of Miami Beach\",\"url\":\"https:\\\/\\\/www.miamibeachfl.gov\\\/\",\"logo\":{\"@type\":\"ImageObject\",\"inLanguage\":\"fr-FR\",\"@id\":\"https:\\\/\\\/www.miamibeachfl.gov\\\/#\\\/schema\\\/logo\\\/image\\\/\",\"url\":\"https:\\\/\\\/www.miamibeachfl.gov\\\/wp-content\\\/uploads\\\/2022\\\/06\\\/miamibeach-logoblue.png\",\"contentUrl\":\"https:\\\/\\\/www.miamibeachfl.gov\\\/wp-content\\\/uploads\\\/2022\\\/06\\\/miamibeach-logoblue.png\",\"width\":1962,\"height\":381,\"caption\":\"City of Miami Beach\"},\"image\":{\"@id\":\"https:\\\/\\\/www.miamibeachfl.gov\\\/#\\\/schema\\\/logo\\\/image\\\/\"},\"sameAs\":[\"https:\\\/\\\/www.facebook.com\\\/cityofmiamibeach\",\"https:\\\/\\\/x.com\\\/Miamibeachnews\",\"https:\\\/\\\/www.instagram.com\\\/miamibeachnews\\\/\"],\"description\":\"The official website of the City of Miami Beach. Stay informed, find important information on city services, news, alerts, events, trolley routes, government employment and more.\",\"telephone\":\"305.604.CITY(2489)\",\"legalName\":\"City of Miami Beach\"},{\"@type\":\"Person\",\"@id\":\"https:\\\/\\\/www.miamibeachfl.gov\\\/#\\\/schema\\\/person\\\/7b37a95841b5231439bceb3fe7f46378\",\"name\":\"Emily Castillo\"}]}<\/script>\n<!-- \/ Yoast SEO Premium plugin. -->","yoast_head_json":{"title":"Miami Beach c\u00e9l\u00e8bre un si\u00e8cle d&#039;influence Art d\u00e9co - Ville de Miami Beach","description":"La ville de Miami Beach vous invite \u00e0 c\u00e9l\u00e9brer le centenaire de l&#039;exposition universelle de Paris de 1925 qui a fait d\u00e9couvrir l&#039;art d\u00e9co au monde.","robots":{"index":"index","follow":"follow","max-snippet":"max-snippet:-1","max-image-preview":"max-image-preview:large","max-video-preview":"max-video-preview:-1"},"canonical":"https:\/\/www.miamibeachfl.gov\/fr\/miami-beach-celebrates-a-century-of-art-deco-influence\/","og_locale":"fr_FR","og_type":"article","og_title":"Miami Beach Celebrates a Century of Art Deco Influence","og_description":"The City of Miami Beach invites you to celebrate the centennial anniversary of the 1925 Paris expo that introduced art deco to the world.","og_url":"https:\/\/www.miamibeachfl.gov\/fr\/miami-beach-celebrates-a-century-of-art-deco-influence\/","og_site_name":"City of Miami Beach","article_publisher":"https:\/\/www.facebook.com\/cityofmiamibeach","article_published_time":"2025-06-05T14:17:00+00:00","article_modified_time":"2025-06-17T20:19:22+00:00","og_image":[{"url":"https:\/\/www.miamibeachfl.gov\/wp-content\/uploads\/2023\/12\/icon-facebook.png","type":"","width":"","height":""}],"author":"Emily Castillo","twitter_card":"summary_large_image","twitter_creator":"@Miamibeachnews","twitter_site":"@Miamibeachnews","schema":{"@context":"https:\/\/schema.org","@graph":[{"@type":"Article","@id":"https:\/\/www.miamibeachfl.gov\/miami-beach-celebrates-a-century-of-art-deco-influence\/#article","isPartOf":{"@id":"https:\/\/www.miamibeachfl.gov\/miami-beach-celebrates-a-century-of-art-deco-influence\/"},"author":{"name":"Emily Castillo","@id":"https:\/\/www.miamibeachfl.gov\/#\/schema\/person\/7b37a95841b5231439bceb3fe7f46378"},"headline":"Miami Beach Celebrates a Century of Art Deco Influence","datePublished":"2025-06-05T14:17:00+00:00","dateModified":"2025-06-17T20:19:22+00:00","mainEntityOfPage":{"@id":"https:\/\/www.miamibeachfl.gov\/miami-beach-celebrates-a-century-of-art-deco-influence\/"},"wordCount":437,"publisher":{"@id":"https:\/\/www.miamibeachfl.gov\/#organization"},"image":{"@id":"https:\/\/www.miamibeachfl.gov\/miami-beach-celebrates-a-century-of-art-deco-influence\/#primaryimage"},"thumbnailUrl":"https:\/\/www.miamibeachfl.gov\/wp-content\/uploads\/2023\/12\/icon-facebook.png","articleSection":["2025 Press Releases"],"inLanguage":"fr-FR"},{"@type":"WebPage","@id":"https:\/\/www.miamibeachfl.gov\/miami-beach-celebrates-a-century-of-art-deco-influence\/","url":"https:\/\/www.miamibeachfl.gov\/miami-beach-celebrates-a-century-of-art-deco-influence\/","name":"Miami Beach c\u00e9l\u00e8bre un si\u00e8cle d&#039;influence Art d\u00e9co - Ville de Miami Beach","isPartOf":{"@id":"https:\/\/www.miamibeachfl.gov\/#website"},"primaryImageOfPage":{"@id":"https:\/\/www.miamibeachfl.gov\/miami-beach-celebrates-a-century-of-art-deco-influence\/#primaryimage"},"image":{"@id":"https:\/\/www.miamibeachfl.gov\/miami-beach-celebrates-a-century-of-art-deco-influence\/#primaryimage"},"thumbnailUrl":"https:\/\/www.miamibeachfl.gov\/wp-content\/uploads\/2023\/12\/icon-facebook.png","datePublished":"2025-06-05T14:17:00+00:00","dateModified":"2025-06-17T20:19:22+00:00","description":"La ville de Miami Beach vous invite \u00e0 c\u00e9l\u00e9brer le centenaire de l&#039;exposition universelle de Paris de 1925 qui a fait d\u00e9couvrir l&#039;art d\u00e9co au monde.","breadcrumb":{"@id":"https:\/\/www.miamibeachfl.gov\/miami-beach-celebrates-a-century-of-art-deco-influence\/#breadcrumb"},"inLanguage":"fr-FR","potentialAction":[{"@type":"ReadAction","target":["https:\/\/www.miamibeachfl.gov\/miami-beach-celebrates-a-century-of-art-deco-influence\/"]}]},{"@type":"ImageObject","inLanguage":"fr-FR","@id":"https:\/\/www.miamibeachfl.gov\/miami-beach-celebrates-a-century-of-art-deco-influence\/#primaryimage","url":"https:\/\/www.miamibeachfl.gov\/wp-content\/uploads\/2023\/12\/icon-facebook.png","contentUrl":"https:\/\/www.miamibeachfl.gov\/wp-content\/uploads\/2023\/12\/icon-facebook.png"},{"@type":"BreadcrumbList","@id":"https:\/\/www.miamibeachfl.gov\/miami-beach-celebrates-a-century-of-art-deco-influence\/#breadcrumb","itemListElement":[{"@type":"ListItem","position":1,"name":"Home","item":"https:\/\/www.miamibeachfl.gov\/"},{"@type":"ListItem","position":2,"name":"Miami Beach Celebrates a Century of Art Deco Influence"}]},{"@type":"WebSite","@id":"https:\/\/www.miamibeachfl.gov\/#website","url":"https:\/\/www.miamibeachfl.gov\/","name":"Ville de Miami Beach","description":"Site officiel de la ville de Miami Beach. Restez inform\u00e9 et trouvez des informations importantes sur les services municipaux, les actualit\u00e9s, les alertes, les \u00e9v\u00e9nements, les itin\u00e9raires de tramway, les emplois gouvernementaux et bien plus encore.","publisher":{"@id":"https:\/\/www.miamibeachfl.gov\/#organization"},"potentialAction":[{"@type":"SearchAction","target":{"@type":"EntryPoint","urlTemplate":"https:\/\/www.miamibeachfl.gov\/?s={search_term_string}"},"query-input":{"@type":"PropertyValueSpecification","valueRequired":true,"valueName":"search_term_string"}}],"inLanguage":"fr-FR"},{"@type":"Organization","@id":"https:\/\/www.miamibeachfl.gov\/#organization","name":"Ville de Miami Beach","url":"https:\/\/www.miamibeachfl.gov\/","logo":{"@type":"ImageObject","inLanguage":"fr-FR","@id":"https:\/\/www.miamibeachfl.gov\/#\/schema\/logo\/image\/","url":"https:\/\/www.miamibeachfl.gov\/wp-content\/uploads\/2022\/06\/miamibeach-logoblue.png","contentUrl":"https:\/\/www.miamibeachfl.gov\/wp-content\/uploads\/2022\/06\/miamibeach-logoblue.png","width":1962,"height":381,"caption":"City of Miami Beach"},"image":{"@id":"https:\/\/www.miamibeachfl.gov\/#\/schema\/logo\/image\/"},"sameAs":["https:\/\/www.facebook.com\/cityofmiamibeach","https:\/\/x.com\/Miamibeachnews","https:\/\/www.instagram.com\/miamibeachnews\/"],"description":"Site officiel de la ville de Miami Beach. Restez inform\u00e9 et trouvez des informations importantes sur les services municipaux, les actualit\u00e9s, les alertes, les \u00e9v\u00e9nements, les itin\u00e9raires de tramway, les emplois gouvernementaux et bien plus encore.","telephone":"305.604.CITY(2489)","legalName":"City of Miami Beach"},{"@type":"Person","@id":"https:\/\/www.miamibeachfl.gov\/#\/schema\/person\/7b37a95841b5231439bceb3fe7f46378","name":"Emily Castillo"}]}},"_links":{"self":[{"href":"https:\/\/www.miamibeachfl.gov\/fr\/wp-json\/wp\/v2\/posts\/383932","targetHints":{"allow":["GET"]}}],"collection":[{"href":"https:\/\/www.miamibeachfl.gov\/fr\/wp-json\/wp\/v2\/posts"}],"about":[{"href":"https:\/\/www.miamibeachfl.gov\/fr\/wp-json\/wp\/v2\/types\/post"}],"author":[{"embeddable":true,"href":"https:\/\/www.miamibeachfl.gov\/fr\/wp-json\/wp\/v2\/users\/361"}],"replies":[{"embeddable":true,"href":"https:\/\/www.miamibeachfl.gov\/fr\/wp-json\/wp\/v2\/comments?post=383932"}],"version-history":[{"count":3,"href":"https:\/\/www.miamibeachfl.gov\/fr\/wp-json\/wp\/v2\/posts\/383932\/revisions"}],"predecessor-version":[{"id":383938,"href":"https:\/\/www.miamibeachfl.gov\/fr\/wp-json\/wp\/v2\/posts\/383932\/revisions\/383938"}],"wp:attachment":[{"href":"https:\/\/www.miamibeachfl.gov\/fr\/wp-json\/wp\/v2\/media?parent=383932"}],"wp:term":[{"taxonomy":"category","embeddable":true,"href":"https:\/\/www.miamibeachfl.gov\/fr\/wp-json\/wp\/v2\/categories?post=383932"},{"taxonomy":"post_tag","embeddable":true,"href":"https:\/\/www.miamibeachfl.gov\/fr\/wp-json\/wp\/v2\/tags?post=383932"}],"curies":[{"name":"wp","href":"https:\/\/api.w.org\/{rel}","templated":true}]}}