{"id":387091,"date":"2025-07-16T14:22:00","date_gmt":"2025-07-16T18:22:00","guid":{"rendered":"https:\/\/www.miamibeachfl.gov\/?p=387091"},"modified":"2025-07-23T15:40:33","modified_gmt":"2025-07-23T19:40:33","slug":"miami-beach-hosts-simon-bolivar-y-las-americas-day-celebration-3","status":"publish","type":"post","link":"https:\/\/www.miamibeachfl.gov\/fr\/miami-beach-hosts-simon-bolivar-y-las-americas-day-celebration-3\/","title":{"rendered":"Miami Beach accueille la c\u00e9l\u00e9bration de la Journ\u00e9e Sim\u00f3n Bol\u00edvar et Las Americas"},"content":{"rendered":"<a href=\"https:\/\/www.miamibeachfl.gov\/wp-content\/uploads\/2025\/07\/Miami-Beach-Hosts-Simon-Bolivar-y-Las-Americas-Day-Celebration-2025.pdf\" target=\"_blank\" rel=\"noopener\">\n\t\t\t\t\t\tT\u00e9l\u00e9charger le communiqu\u00e9 de presse\n\t\t\t\t\t<\/a>\n<h2>\n\t\t\tPartager:\t<\/h2>\n\t\t\t\t\t\t\t\t\t\t<a class= \"uabb-ss-grid-button-link\" href=\"https:\/\/www.facebook.com\/sharer.php?u=https%3A%2F%2Fwww.miamibeachfl.gov%2F%3Fp%3D387091%26fl_builder\" target=\"_blank\" onclick=\"window.open(this.href,'social-share','left=20,top=20,width=500,height=500,toolbar=1,resizable=0');return false;\">\n\t\t\t\t\t\t\t\t\t\t\t\t\t\t\t\t\t\t\t\t\t\t\t<img decoding=\"async\" src=\"https:\/\/www.miamibeachfl.gov\/wp-content\/uploads\/2023\/12\/icon-facebook.png\" alt=\"283216\"\/>\n\t\t\t\t\t\t\t\t\t\t<\/a>\n\t\t\t\t\t\t\t\t\t\t<a class= \"uabb-ss-grid-button-link\" href=\"https:\/\/twitter.com\/share?url=https%3A%2F%2Fwww.miamibeachfl.gov%2F%3Fp%3D387091%26fl_builder\" target=\"_blank\" onclick=\"window.open(this.href,'social-share','left=20,top=20,width=500,height=500,toolbar=1,resizable=0');return false;\">\n\t\t\t\t\t\t\t\t\t\t\t\t\t\t\t\t\t\t\t\t\t\t\t<img decoding=\"async\" src=\"https:\/\/www.miamibeachfl.gov\/wp-content\/uploads\/2023\/12\/icon-twitterx.png\" alt=\"283218\"\/>\n\t\t\t\t\t\t\t\t\t\t<\/a>\n\t\t\t\t\t\t\t\t\t\t<a class= \"uabb-ss-grid-button-link\" href=\"https:\/\/www.linkedin.com\/shareArticle?url=https%3A%2F%2Fwww.miamibeachfl.gov%2F%3Fp%3D387091%26fl_builder\" target=\"_blank\" onclick=\"window.open(this.href,'social-share','left=20,top=20,width=500,height=500,toolbar=1,resizable=0');return false;\">\n\t\t\t\t\t\t\t\t\t\t\t\t\t\t\t\t\t\t\t\t\t\t\t<img decoding=\"async\" src=\"https:\/\/www.miamibeachfl.gov\/wp-content\/uploads\/2023\/12\/icon-linkedin.png\" alt=\"283217\"\/>\n\t\t\t\t\t\t\t\t\t\t<\/a>\n<h2>\n\t\t\tpour diffusion imm\u00e9diate\t<\/h2>\n<h2>\n\t\t\t16 juillet 2025\t<\/h2>\n<h3>\n\t\t\t\u2013 La c\u00e9r\u00e9monie du 24 juillet de cette ann\u00e9e soulignera l\u2019ind\u00e9pendance du Panama \u2013\t<\/h3>\n\t<p><strong>Miami Beach, Floride <\/strong>\u2013 Rejoignez la ville de Miami Beach pour sa septi\u00e8me c\u00e9l\u00e9bration annuelle de la Journ\u00e9e Sim\u00f3n Bol\u00edvar y Las Americas le <strong>Jeudi 24 juillet 2025<\/strong> \u00e0 <strong>16h<\/strong> Bol\u00edvar est n\u00e9 le 24 juillet 1783 \u00e0 Caracas, au Venezuela, et ses r\u00e9alisations sont c\u00e9l\u00e9br\u00e9es dans toute l&#039;Am\u00e9rique latine.<\/p>\n<p>\u00ab Le combat de Sim\u00f3n Bol\u00edvar pour la libert\u00e9 r\u00e9sonne profond\u00e9ment dans notre communaut\u00e9 hispanique et au-del\u00e0. \u00bb <strong>a d\u00e9clar\u00e9 le maire de Miami Beach, Steven Meiner.<\/strong>\u00ab Leur qu\u00eate de ces id\u00e9aux continue d\u2019enrichir et de renforcer Miami Beach. \u00bb<\/p>\n<p>\u00ab El Libertador \u00bb, comme on l&#039;appelle en espagnol (le Lib\u00e9rateur), a jou\u00e9 un r\u00f4le central dans le mouvement d&#039;ind\u00e9pendance sud-am\u00e9ricain. Ses efforts ont permis la cr\u00e9ation de la Bolivie, de la Colombie, de l&#039;\u00c9quateur, du Panama et du P\u00e9rou.<\/p>\n<p>La c\u00e9r\u00e9monie de Miami Beach aura lieu au monument de Bol\u00edvar \u00e0 Miami Beach, dans le parc Collins, et sera suivie d&#039;un caf\u00e9.<\/p>\n<p>Le monument, qui est situ\u00e9 \u00e0 <strong>21e Rue et Collins Avenue<\/strong>comm\u00e9more les efforts courageux de Bol\u00edvar. Les festivit\u00e9s comprendront une invocation et une c\u00e9r\u00e9monie de d\u00e9p\u00f4t de gerbes organis\u00e9es par le bureau du maire et la Commission. Chaque ann\u00e9e, le Comit\u00e9 des affaires hispaniques de Miami Beach met \u00e0 l&#039;honneur un pays que Bol\u00edvar a contribu\u00e9 \u00e0 l&#039;ind\u00e9pendance. Cette ann\u00e9e, la c\u00e9r\u00e9monie honorera l&#039;exp\u00e9rience du Panama.<\/p>\n<p>\u00ab Sim\u00f3n Bol\u00edvar nous a laiss\u00e9 l\u2019un des plus grands h\u00e9ritages de l\u2019humanit\u00e9 \u00bb, a d\u00e9clar\u00e9 <strong>Carmen Datorre, pr\u00e9sidente du Comit\u00e9 des affaires hispaniques de Miami Beach<\/strong>\u00ab Bien qu\u2019il soit n\u00e9 dans un milieu privil\u00e9gi\u00e9, il a toujours lutt\u00e9 pour l\u2019\u00e9galit\u00e9, la dignit\u00e9 et la libert\u00e9, en mettant l\u2019accent sur l\u2019\u00e9ducation comme moyen. \u00bb<\/p>\n###<br \/>\n<em><br \/>\n<\/em><em>Pour demander ce mat\u00e9riel dans un format alternatif, un interpr\u00e8te en langue des signes (pr\u00e9avis de cinq jours requis), des informations sur l&#039;acc\u00e8s pour les personnes handicap\u00e9es et\/ou tout am\u00e9nagement pour examiner tout document ou participer \u00e0 toute proc\u00e9dure parrain\u00e9e par la ville, appelez le 305.604.2ADA (2232) et s\u00e9lectionnez 1 pour l&#039;anglais ou 2 pour l&#039;espagnol, puis l&#039;option 6 ; les utilisateurs de TTY peuvent appeler via le 711 (Florida Relay Service).<\/em>","protected":false},"excerpt":{"rendered":"<p>Download Press Release Share: for immediate release July 16, 2025 &#8211; This year&#8217;s ceremony on July 24 will highlight Panama&#8217;s [&hellip;]<\/p>\n","protected":false},"author":361,"featured_media":0,"comment_status":"closed","ping_status":"closed","sticky":false,"template":"","format":"standard","meta":{"_searchwp_excluded":"","site-sidebar-layout":"default","site-content-layout":"","ast-site-content-layout":"default","site-content-style":"default","site-sidebar-style":"default","ast-global-header-display":"","ast-banner-title-visibility":"","ast-main-header-display":"","ast-hfb-above-header-display":"","ast-hfb-below-header-display":"","ast-hfb-mobile-header-display":"","site-post-title":"","ast-breadcrumbs-content":"","ast-featured-img":"","footer-sml-layout":"","theme-transparent-header-meta":"","adv-header-id-meta":"","stick-header-meta":"","header-above-stick-meta":"","header-main-stick-meta":"","header-below-stick-meta":"","astra-migrate-meta-layouts":"default","ast-page-background-enabled":"default","ast-page-background-meta":{"desktop":{"background-color":"var(--ast-global-color-5)","background-image":"","background-repeat":"repeat","background-position":"center center","background-size":"auto","background-attachment":"scroll","background-type":"","background-media":"","overlay-type":"","overlay-color":"","overlay-opacity":"","overlay-gradient":""},"tablet":{"background-color":"","background-image":"","background-repeat":"repeat","background-position":"center center","background-size":"auto","background-attachment":"scroll","background-type":"","background-media":"","overlay-type":"","overlay-color":"","overlay-opacity":"","overlay-gradient":""},"mobile":{"background-color":"","background-image":"","background-repeat":"repeat","background-position":"center center","background-size":"auto","background-attachment":"scroll","background-type":"","background-media":"","overlay-type":"","overlay-color":"","overlay-opacity":"","overlay-gradient":""}},"ast-content-background-meta":{"desktop":{"background-color":"var(--ast-global-color-4)","background-image":"","background-repeat":"repeat","background-position":"center center","background-size":"auto","background-attachment":"scroll","background-type":"","background-media":"","overlay-type":"","overlay-color":"","overlay-opacity":"","overlay-gradient":""},"tablet":{"background-color":"var(--ast-global-color-4)","background-image":"","background-repeat":"repeat","background-position":"center center","background-size":"auto","background-attachment":"scroll","background-type":"","background-media":"","overlay-type":"","overlay-color":"","overlay-opacity":"","overlay-gradient":""},"mobile":{"background-color":"var(--ast-global-color-4)","background-image":"","background-repeat":"repeat","background-position":"center center","background-size":"auto","background-attachment":"scroll","background-type":"","background-media":"","overlay-type":"","overlay-color":"","overlay-opacity":"","overlay-gradient":""}},"footnotes":""},"categories":[1664],"tags":[],"class_list":["post-387091","post","type-post","status-publish","format-standard","hentry","category-2025-press-releases"],"yoast_head":"<!-- This site is optimized with the Yoast SEO Premium plugin v27.4 (Yoast SEO v27.4) - https:\/\/yoast.com\/product\/yoast-seo-premium-wordpress\/ -->\n<title>Miami Beach Hosts Sim\u00f3n Bol\u00edvar y Las Americas Day Celebration - City of Miami Beach<\/title>\n<meta name=\"description\" content=\"Join the City of Miami Beach for its seventh annual celebration of Sim\u00f3n Bol\u00edvar y Las Americas Day on Thursday, July 24, 2025 at 4 p.m.\" \/>\n<meta name=\"robots\" content=\"index, follow, max-snippet:-1, max-image-preview:large, max-video-preview:-1\" \/>\n<link rel=\"canonical\" href=\"https:\/\/www.miamibeachfl.gov\/fr\/miami-beach-hosts-simon-bolivar-y-las-americas-day-celebration-3\/\" \/>\n<meta property=\"og:locale\" content=\"fr_FR\" \/>\n<meta property=\"og:type\" content=\"article\" \/>\n<meta property=\"og:title\" content=\"Miami Beach Hosts Sim\u00f3n Bol\u00edvar y Las Americas Day Celebration\" \/>\n<meta property=\"og:description\" content=\"Join the City of Miami Beach for its seventh annual celebration of Sim\u00f3n Bol\u00edvar y Las Americas Day on Thursday, July 24, 2025 at 4 p.m.\" \/>\n<meta property=\"og:url\" content=\"https:\/\/www.miamibeachfl.gov\/fr\/miami-beach-hosts-simon-bolivar-y-las-americas-day-celebration-3\/\" \/>\n<meta property=\"og:site_name\" content=\"City of Miami Beach\" \/>\n<meta property=\"article:publisher\" content=\"https:\/\/www.facebook.com\/cityofmiamibeach\" \/>\n<meta property=\"article:published_time\" content=\"2025-07-16T18:22:00+00:00\" \/>\n<meta property=\"article:modified_time\" content=\"2025-07-23T19:40:33+00:00\" \/>\n<meta property=\"og:image\" content=\"https:\/\/www.miamibeachfl.gov\/wp-content\/uploads\/2023\/12\/icon-facebook.png\" \/>\n<meta name=\"author\" content=\"Emily Castillo\" \/>\n<meta name=\"twitter:card\" content=\"summary_large_image\" \/>\n<meta name=\"twitter:creator\" content=\"@Miamibeachnews\" \/>\n<meta name=\"twitter:site\" content=\"@Miamibeachnews\" \/>\n<script type=\"application\/ld+json\" class=\"yoast-schema-graph\">{\"@context\":\"https:\\\/\\\/schema.org\",\"@graph\":[{\"@type\":\"Article\",\"@id\":\"https:\\\/\\\/www.miamibeachfl.gov\\\/miami-beach-hosts-simon-bolivar-y-las-americas-day-celebration-3\\\/#article\",\"isPartOf\":{\"@id\":\"https:\\\/\\\/www.miamibeachfl.gov\\\/miami-beach-hosts-simon-bolivar-y-las-americas-day-celebration-3\\\/\"},\"author\":{\"name\":\"Emily Castillo\",\"@id\":\"https:\\\/\\\/www.miamibeachfl.gov\\\/#\\\/schema\\\/person\\\/7b37a95841b5231439bceb3fe7f46378\"},\"headline\":\"Miami Beach Hosts Sim\u00f3n Bol\u00edvar y Las Americas Day Celebration\",\"datePublished\":\"2025-07-16T18:22:00+00:00\",\"dateModified\":\"2025-07-23T19:40:33+00:00\",\"mainEntityOfPage\":{\"@id\":\"https:\\\/\\\/www.miamibeachfl.gov\\\/miami-beach-hosts-simon-bolivar-y-las-americas-day-celebration-3\\\/\"},\"wordCount\":328,\"publisher\":{\"@id\":\"https:\\\/\\\/www.miamibeachfl.gov\\\/#organization\"},\"image\":{\"@id\":\"https:\\\/\\\/www.miamibeachfl.gov\\\/miami-beach-hosts-simon-bolivar-y-las-americas-day-celebration-3\\\/#primaryimage\"},\"thumbnailUrl\":\"https:\\\/\\\/www.miamibeachfl.gov\\\/wp-content\\\/uploads\\\/2023\\\/12\\\/icon-facebook.png\",\"articleSection\":[\"2025 Press Releases\"],\"inLanguage\":\"fr-FR\"},{\"@type\":\"WebPage\",\"@id\":\"https:\\\/\\\/www.miamibeachfl.gov\\\/miami-beach-hosts-simon-bolivar-y-las-americas-day-celebration-3\\\/\",\"url\":\"https:\\\/\\\/www.miamibeachfl.gov\\\/miami-beach-hosts-simon-bolivar-y-las-americas-day-celebration-3\\\/\",\"name\":\"Miami Beach Hosts Sim\u00f3n Bol\u00edvar y Las Americas Day Celebration - City of Miami Beach\",\"isPartOf\":{\"@id\":\"https:\\\/\\\/www.miamibeachfl.gov\\\/#website\"},\"primaryImageOfPage\":{\"@id\":\"https:\\\/\\\/www.miamibeachfl.gov\\\/miami-beach-hosts-simon-bolivar-y-las-americas-day-celebration-3\\\/#primaryimage\"},\"image\":{\"@id\":\"https:\\\/\\\/www.miamibeachfl.gov\\\/miami-beach-hosts-simon-bolivar-y-las-americas-day-celebration-3\\\/#primaryimage\"},\"thumbnailUrl\":\"https:\\\/\\\/www.miamibeachfl.gov\\\/wp-content\\\/uploads\\\/2023\\\/12\\\/icon-facebook.png\",\"datePublished\":\"2025-07-16T18:22:00+00:00\",\"dateModified\":\"2025-07-23T19:40:33+00:00\",\"description\":\"Join the City of Miami Beach for its seventh annual celebration of Sim\u00f3n Bol\u00edvar y Las Americas Day on Thursday, July 24, 2025 at 4 p.m.\",\"breadcrumb\":{\"@id\":\"https:\\\/\\\/www.miamibeachfl.gov\\\/miami-beach-hosts-simon-bolivar-y-las-americas-day-celebration-3\\\/#breadcrumb\"},\"inLanguage\":\"fr-FR\",\"potentialAction\":[{\"@type\":\"ReadAction\",\"target\":[\"https:\\\/\\\/www.miamibeachfl.gov\\\/miami-beach-hosts-simon-bolivar-y-las-americas-day-celebration-3\\\/\"]}]},{\"@type\":\"ImageObject\",\"inLanguage\":\"fr-FR\",\"@id\":\"https:\\\/\\\/www.miamibeachfl.gov\\\/miami-beach-hosts-simon-bolivar-y-las-americas-day-celebration-3\\\/#primaryimage\",\"url\":\"https:\\\/\\\/www.miamibeachfl.gov\\\/wp-content\\\/uploads\\\/2023\\\/12\\\/icon-facebook.png\",\"contentUrl\":\"https:\\\/\\\/www.miamibeachfl.gov\\\/wp-content\\\/uploads\\\/2023\\\/12\\\/icon-facebook.png\"},{\"@type\":\"BreadcrumbList\",\"@id\":\"https:\\\/\\\/www.miamibeachfl.gov\\\/miami-beach-hosts-simon-bolivar-y-las-americas-day-celebration-3\\\/#breadcrumb\",\"itemListElement\":[{\"@type\":\"ListItem\",\"position\":1,\"name\":\"Home\",\"item\":\"https:\\\/\\\/www.miamibeachfl.gov\\\/\"},{\"@type\":\"ListItem\",\"position\":2,\"name\":\"Miami Beach Hosts Sim\u00f3n Bol\u00edvar y Las Americas Day Celebration\"}]},{\"@type\":\"WebSite\",\"@id\":\"https:\\\/\\\/www.miamibeachfl.gov\\\/#website\",\"url\":\"https:\\\/\\\/www.miamibeachfl.gov\\\/\",\"name\":\"City of Miami Beach\",\"description\":\"The official website of the City of Miami Beach. Stay informed, find important information on city services, news, alerts, events, trolley routes, government employment and more.\",\"publisher\":{\"@id\":\"https:\\\/\\\/www.miamibeachfl.gov\\\/#organization\"},\"potentialAction\":[{\"@type\":\"SearchAction\",\"target\":{\"@type\":\"EntryPoint\",\"urlTemplate\":\"https:\\\/\\\/www.miamibeachfl.gov\\\/?s={search_term_string}\"},\"query-input\":{\"@type\":\"PropertyValueSpecification\",\"valueRequired\":true,\"valueName\":\"search_term_string\"}}],\"inLanguage\":\"fr-FR\"},{\"@type\":\"Organization\",\"@id\":\"https:\\\/\\\/www.miamibeachfl.gov\\\/#organization\",\"name\":\"City of Miami Beach\",\"url\":\"https:\\\/\\\/www.miamibeachfl.gov\\\/\",\"logo\":{\"@type\":\"ImageObject\",\"inLanguage\":\"fr-FR\",\"@id\":\"https:\\\/\\\/www.miamibeachfl.gov\\\/#\\\/schema\\\/logo\\\/image\\\/\",\"url\":\"https:\\\/\\\/www.miamibeachfl.gov\\\/wp-content\\\/uploads\\\/2022\\\/06\\\/miamibeach-logoblue.png\",\"contentUrl\":\"https:\\\/\\\/www.miamibeachfl.gov\\\/wp-content\\\/uploads\\\/2022\\\/06\\\/miamibeach-logoblue.png\",\"width\":1962,\"height\":381,\"caption\":\"City of Miami Beach\"},\"image\":{\"@id\":\"https:\\\/\\\/www.miamibeachfl.gov\\\/#\\\/schema\\\/logo\\\/image\\\/\"},\"sameAs\":[\"https:\\\/\\\/www.facebook.com\\\/cityofmiamibeach\",\"https:\\\/\\\/x.com\\\/Miamibeachnews\",\"https:\\\/\\\/www.instagram.com\\\/miamibeachnews\\\/\"],\"description\":\"The official website of the City of Miami Beach. Stay informed, find important information on city services, news, alerts, events, trolley routes, government employment and more.\",\"telephone\":\"305.604.CITY(2489)\",\"legalName\":\"City of Miami Beach\"},{\"@type\":\"Person\",\"@id\":\"https:\\\/\\\/www.miamibeachfl.gov\\\/#\\\/schema\\\/person\\\/7b37a95841b5231439bceb3fe7f46378\",\"name\":\"Emily Castillo\"}]}<\/script>\n<!-- \/ Yoast SEO Premium plugin. -->","yoast_head_json":{"title":"Miami Beach accueille la c\u00e9l\u00e9bration de la Journ\u00e9e Sim\u00f3n Bol\u00edvar et Las Americas - Ville de Miami Beach","description":"Join the City of Miami Beach for its seventh annual celebration of Sim\u00f3n Bol\u00edvar y Las Americas Day on Thursday, July 24, 2025 at 4 p.m.","robots":{"index":"index","follow":"follow","max-snippet":"max-snippet:-1","max-image-preview":"max-image-preview:large","max-video-preview":"max-video-preview:-1"},"canonical":"https:\/\/www.miamibeachfl.gov\/fr\/miami-beach-hosts-simon-bolivar-y-las-americas-day-celebration-3\/","og_locale":"fr_FR","og_type":"article","og_title":"Miami Beach Hosts Sim\u00f3n Bol\u00edvar y Las Americas Day Celebration","og_description":"Join the City of Miami Beach for its seventh annual celebration of Sim\u00f3n Bol\u00edvar y Las Americas Day on Thursday, July 24, 2025 at 4 p.m.","og_url":"https:\/\/www.miamibeachfl.gov\/fr\/miami-beach-hosts-simon-bolivar-y-las-americas-day-celebration-3\/","og_site_name":"City of Miami Beach","article_publisher":"https:\/\/www.facebook.com\/cityofmiamibeach","article_published_time":"2025-07-16T18:22:00+00:00","article_modified_time":"2025-07-23T19:40:33+00:00","og_image":[{"url":"https:\/\/www.miamibeachfl.gov\/wp-content\/uploads\/2023\/12\/icon-facebook.png","type":"","width":"","height":""}],"author":"Emily Castillo","twitter_card":"summary_large_image","twitter_creator":"@Miamibeachnews","twitter_site":"@Miamibeachnews","schema":{"@context":"https:\/\/schema.org","@graph":[{"@type":"Article","@id":"https:\/\/www.miamibeachfl.gov\/miami-beach-hosts-simon-bolivar-y-las-americas-day-celebration-3\/#article","isPartOf":{"@id":"https:\/\/www.miamibeachfl.gov\/miami-beach-hosts-simon-bolivar-y-las-americas-day-celebration-3\/"},"author":{"name":"Emily Castillo","@id":"https:\/\/www.miamibeachfl.gov\/#\/schema\/person\/7b37a95841b5231439bceb3fe7f46378"},"headline":"Miami Beach Hosts Sim\u00f3n Bol\u00edvar y Las Americas Day Celebration","datePublished":"2025-07-16T18:22:00+00:00","dateModified":"2025-07-23T19:40:33+00:00","mainEntityOfPage":{"@id":"https:\/\/www.miamibeachfl.gov\/miami-beach-hosts-simon-bolivar-y-las-americas-day-celebration-3\/"},"wordCount":328,"publisher":{"@id":"https:\/\/www.miamibeachfl.gov\/#organization"},"image":{"@id":"https:\/\/www.miamibeachfl.gov\/miami-beach-hosts-simon-bolivar-y-las-americas-day-celebration-3\/#primaryimage"},"thumbnailUrl":"https:\/\/www.miamibeachfl.gov\/wp-content\/uploads\/2023\/12\/icon-facebook.png","articleSection":["2025 Press Releases"],"inLanguage":"fr-FR"},{"@type":"WebPage","@id":"https:\/\/www.miamibeachfl.gov\/miami-beach-hosts-simon-bolivar-y-las-americas-day-celebration-3\/","url":"https:\/\/www.miamibeachfl.gov\/miami-beach-hosts-simon-bolivar-y-las-americas-day-celebration-3\/","name":"Miami Beach accueille la c\u00e9l\u00e9bration de la Journ\u00e9e Sim\u00f3n Bol\u00edvar et Las Americas - Ville de Miami Beach","isPartOf":{"@id":"https:\/\/www.miamibeachfl.gov\/#website"},"primaryImageOfPage":{"@id":"https:\/\/www.miamibeachfl.gov\/miami-beach-hosts-simon-bolivar-y-las-americas-day-celebration-3\/#primaryimage"},"image":{"@id":"https:\/\/www.miamibeachfl.gov\/miami-beach-hosts-simon-bolivar-y-las-americas-day-celebration-3\/#primaryimage"},"thumbnailUrl":"https:\/\/www.miamibeachfl.gov\/wp-content\/uploads\/2023\/12\/icon-facebook.png","datePublished":"2025-07-16T18:22:00+00:00","dateModified":"2025-07-23T19:40:33+00:00","description":"Join the City of Miami Beach for its seventh annual celebration of Sim\u00f3n Bol\u00edvar y Las Americas Day on Thursday, July 24, 2025 at 4 p.m.","breadcrumb":{"@id":"https:\/\/www.miamibeachfl.gov\/miami-beach-hosts-simon-bolivar-y-las-americas-day-celebration-3\/#breadcrumb"},"inLanguage":"fr-FR","potentialAction":[{"@type":"ReadAction","target":["https:\/\/www.miamibeachfl.gov\/miami-beach-hosts-simon-bolivar-y-las-americas-day-celebration-3\/"]}]},{"@type":"ImageObject","inLanguage":"fr-FR","@id":"https:\/\/www.miamibeachfl.gov\/miami-beach-hosts-simon-bolivar-y-las-americas-day-celebration-3\/#primaryimage","url":"https:\/\/www.miamibeachfl.gov\/wp-content\/uploads\/2023\/12\/icon-facebook.png","contentUrl":"https:\/\/www.miamibeachfl.gov\/wp-content\/uploads\/2023\/12\/icon-facebook.png"},{"@type":"BreadcrumbList","@id":"https:\/\/www.miamibeachfl.gov\/miami-beach-hosts-simon-bolivar-y-las-americas-day-celebration-3\/#breadcrumb","itemListElement":[{"@type":"ListItem","position":1,"name":"Home","item":"https:\/\/www.miamibeachfl.gov\/"},{"@type":"ListItem","position":2,"name":"Miami Beach Hosts Sim\u00f3n Bol\u00edvar y Las Americas Day Celebration"}]},{"@type":"WebSite","@id":"https:\/\/www.miamibeachfl.gov\/#website","url":"https:\/\/www.miamibeachfl.gov\/","name":"Ville de Miami Beach","description":"Site officiel de la ville de Miami Beach. Restez inform\u00e9 et trouvez des informations importantes sur les services municipaux, les actualit\u00e9s, les alertes, les \u00e9v\u00e9nements, les itin\u00e9raires de tramway, les emplois gouvernementaux et bien plus encore.","publisher":{"@id":"https:\/\/www.miamibeachfl.gov\/#organization"},"potentialAction":[{"@type":"SearchAction","target":{"@type":"EntryPoint","urlTemplate":"https:\/\/www.miamibeachfl.gov\/?s={search_term_string}"},"query-input":{"@type":"PropertyValueSpecification","valueRequired":true,"valueName":"search_term_string"}}],"inLanguage":"fr-FR"},{"@type":"Organization","@id":"https:\/\/www.miamibeachfl.gov\/#organization","name":"Ville de Miami Beach","url":"https:\/\/www.miamibeachfl.gov\/","logo":{"@type":"ImageObject","inLanguage":"fr-FR","@id":"https:\/\/www.miamibeachfl.gov\/#\/schema\/logo\/image\/","url":"https:\/\/www.miamibeachfl.gov\/wp-content\/uploads\/2022\/06\/miamibeach-logoblue.png","contentUrl":"https:\/\/www.miamibeachfl.gov\/wp-content\/uploads\/2022\/06\/miamibeach-logoblue.png","width":1962,"height":381,"caption":"City of Miami Beach"},"image":{"@id":"https:\/\/www.miamibeachfl.gov\/#\/schema\/logo\/image\/"},"sameAs":["https:\/\/www.facebook.com\/cityofmiamibeach","https:\/\/x.com\/Miamibeachnews","https:\/\/www.instagram.com\/miamibeachnews\/"],"description":"Site officiel de la ville de Miami Beach. Restez inform\u00e9 et trouvez des informations importantes sur les services municipaux, les actualit\u00e9s, les alertes, les \u00e9v\u00e9nements, les itin\u00e9raires de tramway, les emplois gouvernementaux et bien plus encore.","telephone":"305.604.CITY(2489)","legalName":"City of Miami Beach"},{"@type":"Person","@id":"https:\/\/www.miamibeachfl.gov\/#\/schema\/person\/7b37a95841b5231439bceb3fe7f46378","name":"Emily Castillo"}]}},"_links":{"self":[{"href":"https:\/\/www.miamibeachfl.gov\/fr\/wp-json\/wp\/v2\/posts\/387091","targetHints":{"allow":["GET"]}}],"collection":[{"href":"https:\/\/www.miamibeachfl.gov\/fr\/wp-json\/wp\/v2\/posts"}],"about":[{"href":"https:\/\/www.miamibeachfl.gov\/fr\/wp-json\/wp\/v2\/types\/post"}],"author":[{"embeddable":true,"href":"https:\/\/www.miamibeachfl.gov\/fr\/wp-json\/wp\/v2\/users\/361"}],"replies":[{"embeddable":true,"href":"https:\/\/www.miamibeachfl.gov\/fr\/wp-json\/wp\/v2\/comments?post=387091"}],"version-history":[{"count":3,"href":"https:\/\/www.miamibeachfl.gov\/fr\/wp-json\/wp\/v2\/posts\/387091\/revisions"}],"predecessor-version":[{"id":387095,"href":"https:\/\/www.miamibeachfl.gov\/fr\/wp-json\/wp\/v2\/posts\/387091\/revisions\/387095"}],"wp:attachment":[{"href":"https:\/\/www.miamibeachfl.gov\/fr\/wp-json\/wp\/v2\/media?parent=387091"}],"wp:term":[{"taxonomy":"category","embeddable":true,"href":"https:\/\/www.miamibeachfl.gov\/fr\/wp-json\/wp\/v2\/categories?post=387091"},{"taxonomy":"post_tag","embeddable":true,"href":"https:\/\/www.miamibeachfl.gov\/fr\/wp-json\/wp\/v2\/tags?post=387091"}],"curies":[{"name":"wp","href":"https:\/\/api.w.org\/{rel}","templated":true}]}}