{"id":388934,"date":"2025-09-12T10:41:00","date_gmt":"2025-09-12T14:41:00","guid":{"rendered":"https:\/\/www.miamibeachfl.gov\/?p=388934"},"modified":"2025-09-12T14:04:40","modified_gmt":"2025-09-12T18:04:40","slug":"miami-beach-celebrates-hispanic-heritage-month-2","status":"publish","type":"post","link":"https:\/\/www.miamibeachfl.gov\/fr\/miami-beach-celebrates-hispanic-heritage-month-2\/","title":{"rendered":"Miami Beach c\u00e9l\u00e8bre le Mois du patrimoine hispanique"},"content":{"rendered":"<a href=\"\" target=\"_blank\" rel=\"noopener\">\n\t\t\t\t\t\tT\u00e9l\u00e9charger le communiqu\u00e9 de presse\n\t\t\t\t\t<\/a>\n<h2>\n\t\t\tPartager:\t<\/h2>\n\t\t\t\t\t\t\t\t\t\t<a class= \"uabb-ss-grid-button-link\" href=\"https:\/\/www.facebook.com\/sharer.php?u=https%3A%2F%2Fwww.miamibeachfl.gov%2F%3Fp%3D388934%26fl_builder\" target=\"_blank\" onclick=\"window.open(this.href,'social-share','left=20,top=20,width=500,height=500,toolbar=1,resizable=0');return false;\">\n\t\t\t\t\t\t\t\t\t\t\t\t\t\t\t\t\t\t\t\t\t\t\t<img decoding=\"async\" src=\"https:\/\/www.miamibeachfl.gov\/wp-content\/uploads\/2023\/12\/icon-facebook.png\" alt=\"283216\"\/>\n\t\t\t\t\t\t\t\t\t\t<\/a>\n\t\t\t\t\t\t\t\t\t\t<a class= \"uabb-ss-grid-button-link\" href=\"https:\/\/twitter.com\/share?url=https%3A%2F%2Fwww.miamibeachfl.gov%2F%3Fp%3D388934%26fl_builder\" target=\"_blank\" onclick=\"window.open(this.href,'social-share','left=20,top=20,width=500,height=500,toolbar=1,resizable=0');return false;\">\n\t\t\t\t\t\t\t\t\t\t\t\t\t\t\t\t\t\t\t\t\t\t\t<img decoding=\"async\" src=\"https:\/\/www.miamibeachfl.gov\/wp-content\/uploads\/2023\/12\/icon-twitterx.png\" alt=\"283218\"\/>\n\t\t\t\t\t\t\t\t\t\t<\/a>\n\t\t\t\t\t\t\t\t\t\t<a class= \"uabb-ss-grid-button-link\" href=\"https:\/\/www.linkedin.com\/shareArticle?url=https%3A%2F%2Fwww.miamibeachfl.gov%2F%3Fp%3D388934%26fl_builder\" target=\"_blank\" onclick=\"window.open(this.href,'social-share','left=20,top=20,width=500,height=500,toolbar=1,resizable=0');return false;\">\n\t\t\t\t\t\t\t\t\t\t\t\t\t\t\t\t\t\t\t\t\t\t\t<img decoding=\"async\" src=\"https:\/\/www.miamibeachfl.gov\/wp-content\/uploads\/2023\/12\/icon-linkedin.png\" alt=\"283217\"\/>\n\t\t\t\t\t\t\t\t\t\t<\/a>\n<h2>\n\t\t\tpour diffusion imm\u00e9diate\t<\/h2>\n<h2>\n\t\t\t12 septembre 2025\t<\/h2>\n<h3>\n\t\t\t\u2013 Avec des \u00e9v\u00e9nements pr\u00e9vus dans toute la ville-\t<\/h3>\n\t<p><strong>Miami Beach, Floride<\/strong> \u2013 En reconnaissance des contributions des r\u00e9sidents et de la culture hispaniques, la ville de Miami Beach organisera un certain nombre d\u2019\u00e9v\u00e9nements pour comm\u00e9morer le Mois du patrimoine hispanique, qui se d\u00e9roulera du 15 septembre au 15 octobre.<\/p>\n<p>\u00ab La communaut\u00e9 hispanique est ancr\u00e9e dans le tissu de Miami Beach : son art, sa culture et son esprit ont fa\u00e7onn\u00e9 notre ville de mani\u00e8re durable \u00bb, a d\u00e9clar\u00e9 <strong>Steven Meiner, maire de Miami Beach<\/strong>\u00ab Le Mois du patrimoine hispanique est l\u2019occasion d\u2019honorer cet h\u00e9ritage vivant et de c\u00e9l\u00e9brer les g\u00e9n\u00e9rations dont la cr\u00e9ativit\u00e9, la vision et la profondeur culturelle continuent de nous inspirer tous. \u00bb<\/p>\n<p>\u00ab Le Mois du patrimoine hispanique nous rappelle que nos histoires ne concernent pas seulement le pass\u00e9, mais aussi l\u2019avenir que nous continuons de construire ensemble \u00bb, a ajout\u00e9 <strong>Alex Fernandez, commissaire de Miami Beach<\/strong>\u00ab En tant qu&#039;Am\u00e9ricain d&#039;origine hispanique, je suis profond\u00e9ment reconnaissant envers ce pays, envers les sacrifices des g\u00e9n\u00e9rations qui nous ont pr\u00e9c\u00e9d\u00e9s et envers ceux qui poursuivent leur chemin avec courage et r\u00e9silience, en travaillant dur, en donnant en retour et en nous laissant un riche h\u00e9ritage culturel qui fa\u00e7onne ce que nous sommes aujourd&#039;hui. \u00bb<\/p>\n<p>Les \u00e9v\u00e9nements GRATUITS suivants se d\u00e9roulent dans toute la ville :<\/p>\n<ul>\n<li><a href=\"https:\/\/www.miamibeachfl.gov\/fr\/city-hall\/parks-and-recreation\/\"><strong>Festival du patrimoine hispanique<\/strong><\/a>\n<ul>\n<li>Vendredi 19 septembre de 18h \u00e0 21h au North Shore Park, 501 72 Street<\/li>\n<li>Le festival annuel du patrimoine hispanique de la ville proposera des man\u00e8ges et des ch\u00e2teaux gonflables, des spectacles du programme parascolaire Parks &amp; Recreation, des vendeurs de nourriture et des activit\u00e9s d&#039;art et d&#039;artisanat.<\/li>\n<\/ul>\n<\/li>\n<li><strong><a href=\"https:\/\/mdpls.org\/event\/14116416\">Miami Beach sur sc\u00e8ne\u00a0! En direct \u00e0 La Playa<\/a><\/strong>\n<ul>\n<li>Samedi 20 septembre de 17h \u00e0 19h au parc Altos del Mar, 241 77 Street<\/li>\n<li>La s\u00e9rie OnStage! de la ville de Miami Beach d\u00e9butera avec Jacuzzi Boys, un hommage \u00e9nergique \u00e0 leurs tubes pop espagnols pr\u00e9f\u00e9r\u00e9s. Sonora Tukukuy, DJ Le Spam et le Mobile D\u00e1le Zine Truck seront \u00e9galement pr\u00e9sents. Ce camion se transformera en galerie itin\u00e9rante pr\u00e9sentant des \u0153uvres d&#039;art inspir\u00e9es de la cumbia, notamment des pochettes de disques vintage, des logos de labels et des affiches. Les invit\u00e9s pourront cr\u00e9er leur propre affiche ou pochette de vinyle de style cumbia, en utilisant des polices, des couleurs et des \u00e9l\u00e9ments graphiques populaires, inspir\u00e9s de la riche histoire visuelle du genre.<\/li>\n<\/ul>\n<\/li>\n<li><a href=\"https:\/\/mdpls.org\/event\/14116416\"><strong>La troupe d&#039;histoires de la biblioth\u00e8que au Miami Beach Regional<\/strong><\/a>\n<ul>\n<li>Samedi 20 septembre de 10h30 \u00e0 12h30 \u00e0 la biblioth\u00e8que r\u00e9gionale de Miami Beach, 227 22 Street<\/li>\n<li>Venez c\u00e9l\u00e9brer le Mois du patrimoine hispanique avec la troupe d&#039;histoires de la biblioth\u00e8que et profitez de contes et du Mr. J&#039;s Bilingual Bash, une jam session captivante c\u00e9l\u00e9brant les chansons et les livres classiques pour enfants en anglais et en espagnol.<\/li>\n<\/ul>\n<\/li>\n<\/ul>\n<ul>\n<li><a href=\"https:\/\/mbgarden.org\/event\/sounds-colors-of-hispano-america\/\"><strong>Sons et couleurs de l&#039;Am\u00e9rique hispanique<\/strong><\/a>\n<ul>\n<li>Dimanche 21 septembre, de 13h \u00e0 14h30 au Jardin botanique de Miami Beach, 2000 Convention Center Drive<\/li>\n<li>Le Jardin botanique de Miami Beach vous propose un apr\u00e8s-midi de musique, d&#039;art, de c\u00e9l\u00e9bration culturelle unique et de rencontres enrichissantes ! Gabriela Esquivel et ses amis vous invitent \u00e0 vivre une fusion artistique vibrante c\u00e9l\u00e9brant la richesse des cultures hispano-am\u00e9ricaine et am\u00e9ricaine.<\/li>\n<\/ul>\n<\/li>\n<\/ul>\n<ul>\n<li><strong><a href=\"https:\/\/www.miamiandbeaches.com\/events\/ocean-drive-arts\">Trois spectacles de la s\u00e9rie musicale Ocean Drive Promenade \u00e0 Lummus Park<\/a><\/strong>\n<ul>\n<li>Ocean Drive entre la 14e Rue et la 14e Place<\/li>\n<li>L&#039;Ocean Drive Promenade Music Series est une s\u00e9rie de concerts hebdomadaires gratuits pr\u00e9sent\u00e9s par l&#039;Ocean Drive Association avec le soutien de la Ville de Miami Beach et du Greater Miami Convention &amp; Visitors Bureau. Il est conseill\u00e9 aux visiteurs d&#039;apporter une couverture ou une chaise de jardin. En cas de pluie, les concerts suivants auront lieu \u00e0 l&#039;h\u00f4tel Betsy, situ\u00e9 au 1440 Ocean Drive.<\/li>\n<\/ul>\n<\/li>\n<\/ul>\n<p><strong><a href=\"https:\/\/www.miamiandbeaches.com\/event\/cortadito\/27647\">Cortadito<\/a><\/strong><\/p>\n<p>Dimanche 21 septembre de 18h \u00e0 19h<\/p>\n<p>D\u00e9couvrez les rythmes de la musique traditionnelle cubaine \u00ab\u00a0son\u00a0\u00bb avec le groupe Cortadito, originaire de Miami, qui d\u00e9ploie sa signature musicale au Lummus Park. Sp\u00e9cialis\u00e9 dans le son, l&#039;une des premi\u00e8res formes de musique country cubaine, Cortadito a su se forger une solide r\u00e9putation locale et nationale gr\u00e2ce \u00e0 sa musique acoustique inspir\u00e9e du Buena Vista Social Club.<\/p>\n<p><a href=\"https:\/\/www.miamiandbeaches.com\/event\/niuver\/34298\"><strong>Niuver<\/strong><\/a><\/p>\n<p>Dimanche 28 septembre de 18h \u00e0 19h<\/p>\n<p>D\u00e9couvrez un m\u00e9lange interculturel de racines latines et d&#039;influences internationales avec l&#039;auteure-compositrice-interpr\u00e8te Niuver qui d\u00e9ploie sa musique soul sur la pelouse du Lummus Park. N\u00e9e \u00e0 Cuba et d\u00e9sormais install\u00e9e \u00e0 Paris, Niuver s&#039;inspire de ses exp\u00e9riences en Espagne, aux \u00c9tats-Unis et en France pour composer des chansons qui refl\u00e8tent une identit\u00e9 musicale riche et complexe. Guitariste et joueuse de talent, elle interpr\u00e8te des morceaux originaux m\u00ealant traditions folkloriques latino-am\u00e9ricaines et textures acoustiques contemporaines.<\/p>\n<p><strong><a href=\"https:\/\/www.miamiandbeaches.com\/event\/melodia-y-rumba\/34299\">M\u00e9lodie et rumba<\/a><\/strong><\/p>\n<p>Dimanche 5 octobre de 18h \u00e0 19h<\/p>\n<p>Ressentez l&#039;\u00e9nergie de la salsa contemporaine et des rythmes latins classiques avec Melodia Y Rumba qui monte sur sc\u00e8ne pour un concert en plein air entra\u00eenant. Fond\u00e9 par le bassiste et compositeur Osmany \u00ab\u00a0Ozzie\u00a0\u00bb Gonzalez, Melodia Y Rumba est un ensemble de 10 musiciens qui m\u00eale salsa traditionnelle et influences modernes. Avec la chanteuse principale Melissa Cruz, le groupe offre un son dynamique qui refl\u00e8te les influences culturelles de la sc\u00e8ne musicale latine de Miami.<\/p>\n<ul>\n<li><a href=\"https:\/\/miamibeachbandshell.com\/event\/miami-beach-salsa-fest-11\/\"><strong>Trois \u00e9v\u00e9nements de la Fondation Rhythm au Miami Beach Bandshell<\/strong><br \/>\n<\/a>7275, avenue Collins<\/li>\n<\/ul>\n<p><a href=\"https:\/\/miamibeachbandshell.com\/event\/ballet-folklorico-antumapu-mb-arts-in-the-parks\/\">Ballet Folklorico Antumapu<\/a><\/p>\n<p>Vendredi 3 octobre, 19h<\/p>\n<p>Le Ballet Folkl\u00f3rico Antumapu de l&#039;Universit\u00e9 du Chili pr\u00e9sente <em>Chiliche<\/em> \u2013 <em>Gens du Chili<\/em>, une production sc\u00e9nique color\u00e9e et \u00e9mouvante, avec un ensemble folklorique de plus de 20 danseurs, qui c\u00e9l\u00e8bre la richesse culturelle du peuple chilien \u00e0 travers la danse, la musique et les traditions ancestrales. Ce spectacle explore la diversit\u00e9 des paysages et des expressions du pays, du mystique Rapa Nui aux rythmes vibrants du nord et du sud.<\/p>\n<p><a href=\"https:\/\/miamibeachbandshell.com\/event\/miami-beach-salsa-fest-11\/\">Festival de salsa de Miami Beach<\/a><\/p>\n<p>Dimanche 5 octobre, de 16h \u00e0 22h<\/p>\n<p>Rejoignez le Comit\u00e9 des affaires hispaniques de la ville de Miami Beach pour le Miami Beach Salsa Fest avec Melina Almod\u00f3var <em>&quot;La <\/em>Poup\u00e9e<em> de la Salsa,\u201d <\/em>Jacareo, DJ Cristi Hernz, un concours de danse salsa senior, des cours de salsa gratuits et bien plus encore.<\/p>\n<p><a href=\"https:\/\/miamibeachbandshell.com\/event\/festival-de-bomba-y-plena-miami-beach\/\">Festival de Bomba y Plena MB \u00a0<\/a><\/p>\n<p>Dimanche 12 octobre, 18h<\/p>\n<p>Le Festival de Bomba y Plena Miami Beach, pr\u00e9sent\u00e9 par Afro Borinken Roots, est un \u00e9v\u00e9nement gratuit et familial c\u00e9l\u00e9brant les vibrantes traditions musicales et dansantes afro-portoricaines. Le public vibrera au rythme puissant des tambours-tonneaux, de la danse expressive et des chants joyeux \u00e0 r\u00e9pondre.<\/p>\n<ul>\n<li><strong><a href=\"https:\/\/www.eventbrite.com\/e\/onstage-featuring-miamiblocos-bateria-saideira-with-rum-coke-tickets-1607464632989?aff=oddtdtcreator\">Miami Beach OnStage\u00a0! avec Bateria Saideira de Miamibloco et rhum et Coca\u00a0<\/a><\/strong><\/li>\n<\/ul>\n<p>Jeudi 16 octobre, de 18h \u00e0 21h \u00e0 l&#039;Euclid Oval sur Lincoln Road<\/p>\n<p>Le programme OnStage! de la ville de Miami Beach pr\u00e9sente une nouvelle version d&#039;un concert de samba avec l&#039;orchestre de percussions Miamibloco et les rythmes de Rum &amp; Coke sur Lincoln Road. Commencez la soir\u00e9e avec un set de danse afro-carib\u00e9enne r\u00e9tro anim\u00e9 par les DJ r\u00e9sidents Kumi, Harold Fandino et Jesus Rodriguez de 18h \u00e0 19h30, suivi de deux concerts de samba cons\u00e9cutifs de Miamibloco \u00e0 19h30 et 20h15.<\/p>\n<p>Pour une liste compl\u00e8te des \u00e9v\u00e9nements artistiques et culturels qui se d\u00e9roulent \u00e0 Miami Beach, visitez <a href=\"https:\/\/events.miamibeachfl.gov\/arts-and-culture\/\">\u00e9v\u00e9nements.miamibeachfl.gov\/arts-and-culture<\/a>.<\/p>\n<p>###<\/p>\n<p><em>Pour demander ce document dans un autre format, un interpr\u00e8te en langue des signes (pr\u00e9avis de 5 jours requis), des informations sur l&#039;acc\u00e8s des personnes handicap\u00e9es et\/ou tout am\u00e9nagement pour consulter un document ou participer \u00e0 une proc\u00e9dure municipale, appelez le 305.604.2ADA (2232) (voix), s\u00e9lectionnez 1 (anglais) ou 2 (espagnol) et laissez un message avec votre demande. Les utilisateurs d&#039;ATS peuvent appeler le 711 (Florida Relay Service). Vous pouvez \u00e9galement faire vos demandes en ligne \u00e0 l&#039;adresse suivante\u00a0: <\/em><a href=\"https:\/\/www.miamibeachfl.gov\/fr\/ada\/\">www.miamibeachfl.gov\/ada<\/a><em>\u00a0en s\u00e9lectionnant la demande ADA.<\/em><\/p>\n<p>&nbsp;<\/p>\n<p>&nbsp;<\/p>","protected":false},"excerpt":{"rendered":"<p>Download Press Release Share: for immediate release Sept. 12, 2025 &#8211; With Events Planned Throughout the City- Miami Beach, FL [&hellip;]<\/p>\n","protected":false},"author":361,"featured_media":0,"comment_status":"closed","ping_status":"closed","sticky":false,"template":"","format":"standard","meta":{"_searchwp_excluded":"","site-sidebar-layout":"default","site-content-layout":"","ast-site-content-layout":"default","site-content-style":"default","site-sidebar-style":"default","ast-global-header-display":"","ast-banner-title-visibility":"","ast-main-header-display":"","ast-hfb-above-header-display":"","ast-hfb-below-header-display":"","ast-hfb-mobile-header-display":"","site-post-title":"","ast-breadcrumbs-content":"","ast-featured-img":"","footer-sml-layout":"","theme-transparent-header-meta":"","adv-header-id-meta":"","stick-header-meta":"","header-above-stick-meta":"","header-main-stick-meta":"","header-below-stick-meta":"","astra-migrate-meta-layouts":"default","ast-page-background-enabled":"default","ast-page-background-meta":{"desktop":{"background-color":"var(--ast-global-color-5)","background-image":"","background-repeat":"repeat","background-position":"center center","background-size":"auto","background-attachment":"scroll","background-type":"","background-media":"","overlay-type":"","overlay-color":"","overlay-opacity":"","overlay-gradient":""},"tablet":{"background-color":"","background-image":"","background-repeat":"repeat","background-position":"center center","background-size":"auto","background-attachment":"scroll","background-type":"","background-media":"","overlay-type":"","overlay-color":"","overlay-opacity":"","overlay-gradient":""},"mobile":{"background-color":"","background-image":"","background-repeat":"repeat","background-position":"center center","background-size":"auto","background-attachment":"scroll","background-type":"","background-media":"","overlay-type":"","overlay-color":"","overlay-opacity":"","overlay-gradient":""}},"ast-content-background-meta":{"desktop":{"background-color":"var(--ast-global-color-4)","background-image":"","background-repeat":"repeat","background-position":"center center","background-size":"auto","background-attachment":"scroll","background-type":"","background-media":"","overlay-type":"","overlay-color":"","overlay-opacity":"","overlay-gradient":""},"tablet":{"background-color":"var(--ast-global-color-4)","background-image":"","background-repeat":"repeat","background-position":"center center","background-size":"auto","background-attachment":"scroll","background-type":"","background-media":"","overlay-type":"","overlay-color":"","overlay-opacity":"","overlay-gradient":""},"mobile":{"background-color":"var(--ast-global-color-4)","background-image":"","background-repeat":"repeat","background-position":"center center","background-size":"auto","background-attachment":"scroll","background-type":"","background-media":"","overlay-type":"","overlay-color":"","overlay-opacity":"","overlay-gradient":""}},"footnotes":""},"categories":[1664],"tags":[],"class_list":["post-388934","post","type-post","status-publish","format-standard","hentry","category-2025-press-releases"],"yoast_head":"<!-- This site is optimized with the Yoast SEO Premium plugin v27.4 (Yoast SEO v27.4) - https:\/\/yoast.com\/product\/yoast-seo-premium-wordpress\/ -->\n<title>Miami Beach Celebrates Hispanic Heritage Month - City of Miami Beach<\/title>\n<meta name=\"description\" content=\"In recognition of the contributions of Hispanic residents and culture, the City of Miami Beach will hold a number of events to commemorate.\" \/>\n<meta name=\"robots\" content=\"index, follow, max-snippet:-1, max-image-preview:large, max-video-preview:-1\" \/>\n<link rel=\"canonical\" href=\"https:\/\/www.miamibeachfl.gov\/fr\/miami-beach-celebrates-hispanic-heritage-month-2\/\" \/>\n<meta property=\"og:locale\" content=\"fr_FR\" \/>\n<meta property=\"og:type\" content=\"article\" \/>\n<meta property=\"og:title\" content=\"Miami Beach Celebrates Hispanic Heritage Month\" \/>\n<meta property=\"og:description\" content=\"In recognition of the contributions of Hispanic residents and culture, the City of Miami Beach will hold a number of events to commemorate.\" \/>\n<meta property=\"og:url\" content=\"https:\/\/www.miamibeachfl.gov\/fr\/miami-beach-celebrates-hispanic-heritage-month-2\/\" \/>\n<meta property=\"og:site_name\" content=\"City of Miami Beach\" \/>\n<meta property=\"article:publisher\" content=\"https:\/\/www.facebook.com\/cityofmiamibeach\" \/>\n<meta property=\"article:published_time\" content=\"2025-09-12T14:41:00+00:00\" \/>\n<meta property=\"article:modified_time\" content=\"2025-09-12T18:04:40+00:00\" \/>\n<meta property=\"og:image\" content=\"https:\/\/www.miamibeachfl.gov\/wp-content\/uploads\/2023\/12\/icon-facebook.png\" \/>\n<meta name=\"author\" content=\"Emily Castillo\" \/>\n<meta name=\"twitter:card\" content=\"summary_large_image\" \/>\n<meta name=\"twitter:creator\" content=\"@Miamibeachnews\" \/>\n<meta name=\"twitter:site\" content=\"@Miamibeachnews\" \/>\n<script type=\"application\/ld+json\" class=\"yoast-schema-graph\">{\"@context\":\"https:\\\/\\\/schema.org\",\"@graph\":[{\"@type\":\"Article\",\"@id\":\"https:\\\/\\\/www.miamibeachfl.gov\\\/miami-beach-celebrates-hispanic-heritage-month-2\\\/#article\",\"isPartOf\":{\"@id\":\"https:\\\/\\\/www.miamibeachfl.gov\\\/miami-beach-celebrates-hispanic-heritage-month-2\\\/\"},\"author\":{\"name\":\"Emily Castillo\",\"@id\":\"https:\\\/\\\/www.miamibeachfl.gov\\\/#\\\/schema\\\/person\\\/7b37a95841b5231439bceb3fe7f46378\"},\"headline\":\"Miami Beach Celebrates Hispanic Heritage Month\",\"datePublished\":\"2025-09-12T14:41:00+00:00\",\"dateModified\":\"2025-09-12T18:04:40+00:00\",\"mainEntityOfPage\":{\"@id\":\"https:\\\/\\\/www.miamibeachfl.gov\\\/miami-beach-celebrates-hispanic-heritage-month-2\\\/\"},\"wordCount\":1125,\"publisher\":{\"@id\":\"https:\\\/\\\/www.miamibeachfl.gov\\\/#organization\"},\"image\":{\"@id\":\"https:\\\/\\\/www.miamibeachfl.gov\\\/miami-beach-celebrates-hispanic-heritage-month-2\\\/#primaryimage\"},\"thumbnailUrl\":\"https:\\\/\\\/www.miamibeachfl.gov\\\/wp-content\\\/uploads\\\/2023\\\/12\\\/icon-facebook.png\",\"articleSection\":[\"2025 Press Releases\"],\"inLanguage\":\"fr-FR\"},{\"@type\":\"WebPage\",\"@id\":\"https:\\\/\\\/www.miamibeachfl.gov\\\/miami-beach-celebrates-hispanic-heritage-month-2\\\/\",\"url\":\"https:\\\/\\\/www.miamibeachfl.gov\\\/miami-beach-celebrates-hispanic-heritage-month-2\\\/\",\"name\":\"Miami Beach Celebrates Hispanic Heritage Month - City of Miami Beach\",\"isPartOf\":{\"@id\":\"https:\\\/\\\/www.miamibeachfl.gov\\\/#website\"},\"primaryImageOfPage\":{\"@id\":\"https:\\\/\\\/www.miamibeachfl.gov\\\/miami-beach-celebrates-hispanic-heritage-month-2\\\/#primaryimage\"},\"image\":{\"@id\":\"https:\\\/\\\/www.miamibeachfl.gov\\\/miami-beach-celebrates-hispanic-heritage-month-2\\\/#primaryimage\"},\"thumbnailUrl\":\"https:\\\/\\\/www.miamibeachfl.gov\\\/wp-content\\\/uploads\\\/2023\\\/12\\\/icon-facebook.png\",\"datePublished\":\"2025-09-12T14:41:00+00:00\",\"dateModified\":\"2025-09-12T18:04:40+00:00\",\"description\":\"In recognition of the contributions of Hispanic residents and culture, the City of Miami Beach will hold a number of events to commemorate.\",\"breadcrumb\":{\"@id\":\"https:\\\/\\\/www.miamibeachfl.gov\\\/miami-beach-celebrates-hispanic-heritage-month-2\\\/#breadcrumb\"},\"inLanguage\":\"fr-FR\",\"potentialAction\":[{\"@type\":\"ReadAction\",\"target\":[\"https:\\\/\\\/www.miamibeachfl.gov\\\/miami-beach-celebrates-hispanic-heritage-month-2\\\/\"]}]},{\"@type\":\"ImageObject\",\"inLanguage\":\"fr-FR\",\"@id\":\"https:\\\/\\\/www.miamibeachfl.gov\\\/miami-beach-celebrates-hispanic-heritage-month-2\\\/#primaryimage\",\"url\":\"https:\\\/\\\/www.miamibeachfl.gov\\\/wp-content\\\/uploads\\\/2023\\\/12\\\/icon-facebook.png\",\"contentUrl\":\"https:\\\/\\\/www.miamibeachfl.gov\\\/wp-content\\\/uploads\\\/2023\\\/12\\\/icon-facebook.png\"},{\"@type\":\"BreadcrumbList\",\"@id\":\"https:\\\/\\\/www.miamibeachfl.gov\\\/miami-beach-celebrates-hispanic-heritage-month-2\\\/#breadcrumb\",\"itemListElement\":[{\"@type\":\"ListItem\",\"position\":1,\"name\":\"Home\",\"item\":\"https:\\\/\\\/www.miamibeachfl.gov\\\/\"},{\"@type\":\"ListItem\",\"position\":2,\"name\":\"Miami Beach Celebrates Hispanic Heritage Month\"}]},{\"@type\":\"WebSite\",\"@id\":\"https:\\\/\\\/www.miamibeachfl.gov\\\/#website\",\"url\":\"https:\\\/\\\/www.miamibeachfl.gov\\\/\",\"name\":\"City of Miami Beach\",\"description\":\"The official website of the City of Miami Beach. Stay informed, find important information on city services, news, alerts, events, trolley routes, government employment and more.\",\"publisher\":{\"@id\":\"https:\\\/\\\/www.miamibeachfl.gov\\\/#organization\"},\"potentialAction\":[{\"@type\":\"SearchAction\",\"target\":{\"@type\":\"EntryPoint\",\"urlTemplate\":\"https:\\\/\\\/www.miamibeachfl.gov\\\/?s={search_term_string}\"},\"query-input\":{\"@type\":\"PropertyValueSpecification\",\"valueRequired\":true,\"valueName\":\"search_term_string\"}}],\"inLanguage\":\"fr-FR\"},{\"@type\":\"Organization\",\"@id\":\"https:\\\/\\\/www.miamibeachfl.gov\\\/#organization\",\"name\":\"City of Miami Beach\",\"url\":\"https:\\\/\\\/www.miamibeachfl.gov\\\/\",\"logo\":{\"@type\":\"ImageObject\",\"inLanguage\":\"fr-FR\",\"@id\":\"https:\\\/\\\/www.miamibeachfl.gov\\\/#\\\/schema\\\/logo\\\/image\\\/\",\"url\":\"https:\\\/\\\/www.miamibeachfl.gov\\\/wp-content\\\/uploads\\\/2022\\\/06\\\/miamibeach-logoblue.png\",\"contentUrl\":\"https:\\\/\\\/www.miamibeachfl.gov\\\/wp-content\\\/uploads\\\/2022\\\/06\\\/miamibeach-logoblue.png\",\"width\":1962,\"height\":381,\"caption\":\"City of Miami Beach\"},\"image\":{\"@id\":\"https:\\\/\\\/www.miamibeachfl.gov\\\/#\\\/schema\\\/logo\\\/image\\\/\"},\"sameAs\":[\"https:\\\/\\\/www.facebook.com\\\/cityofmiamibeach\",\"https:\\\/\\\/x.com\\\/Miamibeachnews\",\"https:\\\/\\\/www.instagram.com\\\/miamibeachnews\\\/\"],\"description\":\"The official website of the City of Miami Beach. Stay informed, find important information on city services, news, alerts, events, trolley routes, government employment and more.\",\"telephone\":\"305.604.CITY(2489)\",\"legalName\":\"City of Miami Beach\"},{\"@type\":\"Person\",\"@id\":\"https:\\\/\\\/www.miamibeachfl.gov\\\/#\\\/schema\\\/person\\\/7b37a95841b5231439bceb3fe7f46378\",\"name\":\"Emily Castillo\"}]}<\/script>\n<!-- \/ Yoast SEO Premium plugin. -->","yoast_head_json":{"title":"Miami Beach c\u00e9l\u00e8bre le Mois du patrimoine hispanique - Ville de Miami Beach","description":"En reconnaissance des contributions des r\u00e9sidents et de la culture hispaniques, la ville de Miami Beach organisera un certain nombre d&#039;\u00e9v\u00e9nements pour comm\u00e9morer.","robots":{"index":"index","follow":"follow","max-snippet":"max-snippet:-1","max-image-preview":"max-image-preview:large","max-video-preview":"max-video-preview:-1"},"canonical":"https:\/\/www.miamibeachfl.gov\/fr\/miami-beach-celebrates-hispanic-heritage-month-2\/","og_locale":"fr_FR","og_type":"article","og_title":"Miami Beach Celebrates Hispanic Heritage Month","og_description":"In recognition of the contributions of Hispanic residents and culture, the City of Miami Beach will hold a number of events to commemorate.","og_url":"https:\/\/www.miamibeachfl.gov\/fr\/miami-beach-celebrates-hispanic-heritage-month-2\/","og_site_name":"City of Miami Beach","article_publisher":"https:\/\/www.facebook.com\/cityofmiamibeach","article_published_time":"2025-09-12T14:41:00+00:00","article_modified_time":"2025-09-12T18:04:40+00:00","og_image":[{"url":"https:\/\/www.miamibeachfl.gov\/wp-content\/uploads\/2023\/12\/icon-facebook.png","type":"","width":"","height":""}],"author":"Emily Castillo","twitter_card":"summary_large_image","twitter_creator":"@Miamibeachnews","twitter_site":"@Miamibeachnews","schema":{"@context":"https:\/\/schema.org","@graph":[{"@type":"Article","@id":"https:\/\/www.miamibeachfl.gov\/miami-beach-celebrates-hispanic-heritage-month-2\/#article","isPartOf":{"@id":"https:\/\/www.miamibeachfl.gov\/miami-beach-celebrates-hispanic-heritage-month-2\/"},"author":{"name":"Emily Castillo","@id":"https:\/\/www.miamibeachfl.gov\/#\/schema\/person\/7b37a95841b5231439bceb3fe7f46378"},"headline":"Miami Beach Celebrates Hispanic Heritage Month","datePublished":"2025-09-12T14:41:00+00:00","dateModified":"2025-09-12T18:04:40+00:00","mainEntityOfPage":{"@id":"https:\/\/www.miamibeachfl.gov\/miami-beach-celebrates-hispanic-heritage-month-2\/"},"wordCount":1125,"publisher":{"@id":"https:\/\/www.miamibeachfl.gov\/#organization"},"image":{"@id":"https:\/\/www.miamibeachfl.gov\/miami-beach-celebrates-hispanic-heritage-month-2\/#primaryimage"},"thumbnailUrl":"https:\/\/www.miamibeachfl.gov\/wp-content\/uploads\/2023\/12\/icon-facebook.png","articleSection":["2025 Press Releases"],"inLanguage":"fr-FR"},{"@type":"WebPage","@id":"https:\/\/www.miamibeachfl.gov\/miami-beach-celebrates-hispanic-heritage-month-2\/","url":"https:\/\/www.miamibeachfl.gov\/miami-beach-celebrates-hispanic-heritage-month-2\/","name":"Miami Beach c\u00e9l\u00e8bre le Mois du patrimoine hispanique - Ville de Miami Beach","isPartOf":{"@id":"https:\/\/www.miamibeachfl.gov\/#website"},"primaryImageOfPage":{"@id":"https:\/\/www.miamibeachfl.gov\/miami-beach-celebrates-hispanic-heritage-month-2\/#primaryimage"},"image":{"@id":"https:\/\/www.miamibeachfl.gov\/miami-beach-celebrates-hispanic-heritage-month-2\/#primaryimage"},"thumbnailUrl":"https:\/\/www.miamibeachfl.gov\/wp-content\/uploads\/2023\/12\/icon-facebook.png","datePublished":"2025-09-12T14:41:00+00:00","dateModified":"2025-09-12T18:04:40+00:00","description":"En reconnaissance des contributions des r\u00e9sidents et de la culture hispaniques, la ville de Miami Beach organisera un certain nombre d&#039;\u00e9v\u00e9nements pour comm\u00e9morer.","breadcrumb":{"@id":"https:\/\/www.miamibeachfl.gov\/miami-beach-celebrates-hispanic-heritage-month-2\/#breadcrumb"},"inLanguage":"fr-FR","potentialAction":[{"@type":"ReadAction","target":["https:\/\/www.miamibeachfl.gov\/miami-beach-celebrates-hispanic-heritage-month-2\/"]}]},{"@type":"ImageObject","inLanguage":"fr-FR","@id":"https:\/\/www.miamibeachfl.gov\/miami-beach-celebrates-hispanic-heritage-month-2\/#primaryimage","url":"https:\/\/www.miamibeachfl.gov\/wp-content\/uploads\/2023\/12\/icon-facebook.png","contentUrl":"https:\/\/www.miamibeachfl.gov\/wp-content\/uploads\/2023\/12\/icon-facebook.png"},{"@type":"BreadcrumbList","@id":"https:\/\/www.miamibeachfl.gov\/miami-beach-celebrates-hispanic-heritage-month-2\/#breadcrumb","itemListElement":[{"@type":"ListItem","position":1,"name":"Home","item":"https:\/\/www.miamibeachfl.gov\/"},{"@type":"ListItem","position":2,"name":"Miami Beach Celebrates Hispanic Heritage Month"}]},{"@type":"WebSite","@id":"https:\/\/www.miamibeachfl.gov\/#website","url":"https:\/\/www.miamibeachfl.gov\/","name":"Ville de Miami Beach","description":"Site officiel de la ville de Miami Beach. Restez inform\u00e9 et trouvez des informations importantes sur les services municipaux, les actualit\u00e9s, les alertes, les \u00e9v\u00e9nements, les itin\u00e9raires de tramway, les emplois gouvernementaux et bien plus encore.","publisher":{"@id":"https:\/\/www.miamibeachfl.gov\/#organization"},"potentialAction":[{"@type":"SearchAction","target":{"@type":"EntryPoint","urlTemplate":"https:\/\/www.miamibeachfl.gov\/?s={search_term_string}"},"query-input":{"@type":"PropertyValueSpecification","valueRequired":true,"valueName":"search_term_string"}}],"inLanguage":"fr-FR"},{"@type":"Organization","@id":"https:\/\/www.miamibeachfl.gov\/#organization","name":"Ville de Miami Beach","url":"https:\/\/www.miamibeachfl.gov\/","logo":{"@type":"ImageObject","inLanguage":"fr-FR","@id":"https:\/\/www.miamibeachfl.gov\/#\/schema\/logo\/image\/","url":"https:\/\/www.miamibeachfl.gov\/wp-content\/uploads\/2022\/06\/miamibeach-logoblue.png","contentUrl":"https:\/\/www.miamibeachfl.gov\/wp-content\/uploads\/2022\/06\/miamibeach-logoblue.png","width":1962,"height":381,"caption":"City of Miami Beach"},"image":{"@id":"https:\/\/www.miamibeachfl.gov\/#\/schema\/logo\/image\/"},"sameAs":["https:\/\/www.facebook.com\/cityofmiamibeach","https:\/\/x.com\/Miamibeachnews","https:\/\/www.instagram.com\/miamibeachnews\/"],"description":"Site officiel de la ville de Miami Beach. Restez inform\u00e9 et trouvez des informations importantes sur les services municipaux, les actualit\u00e9s, les alertes, les \u00e9v\u00e9nements, les itin\u00e9raires de tramway, les emplois gouvernementaux et bien plus encore.","telephone":"305.604.CITY(2489)","legalName":"City of Miami Beach"},{"@type":"Person","@id":"https:\/\/www.miamibeachfl.gov\/#\/schema\/person\/7b37a95841b5231439bceb3fe7f46378","name":"Emily Castillo"}]}},"_links":{"self":[{"href":"https:\/\/www.miamibeachfl.gov\/fr\/wp-json\/wp\/v2\/posts\/388934","targetHints":{"allow":["GET"]}}],"collection":[{"href":"https:\/\/www.miamibeachfl.gov\/fr\/wp-json\/wp\/v2\/posts"}],"about":[{"href":"https:\/\/www.miamibeachfl.gov\/fr\/wp-json\/wp\/v2\/types\/post"}],"author":[{"embeddable":true,"href":"https:\/\/www.miamibeachfl.gov\/fr\/wp-json\/wp\/v2\/users\/361"}],"replies":[{"embeddable":true,"href":"https:\/\/www.miamibeachfl.gov\/fr\/wp-json\/wp\/v2\/comments?post=388934"}],"version-history":[{"count":6,"href":"https:\/\/www.miamibeachfl.gov\/fr\/wp-json\/wp\/v2\/posts\/388934\/revisions"}],"predecessor-version":[{"id":388942,"href":"https:\/\/www.miamibeachfl.gov\/fr\/wp-json\/wp\/v2\/posts\/388934\/revisions\/388942"}],"wp:attachment":[{"href":"https:\/\/www.miamibeachfl.gov\/fr\/wp-json\/wp\/v2\/media?parent=388934"}],"wp:term":[{"taxonomy":"category","embeddable":true,"href":"https:\/\/www.miamibeachfl.gov\/fr\/wp-json\/wp\/v2\/categories?post=388934"},{"taxonomy":"post_tag","embeddable":true,"href":"https:\/\/www.miamibeachfl.gov\/fr\/wp-json\/wp\/v2\/tags?post=388934"}],"curies":[{"name":"wp","href":"https:\/\/api.w.org\/{rel}","templated":true}]}}