{"id":390487,"date":"2025-10-16T08:06:00","date_gmt":"2025-10-16T12:06:00","guid":{"rendered":"https:\/\/www.miamibeachfl.gov\/?p=390487"},"modified":"2025-10-16T09:50:49","modified_gmt":"2025-10-16T13:50:49","slug":"reeflines-first-monumental-installation-deploys-off-the-shore-of-miami-beach","status":"publish","type":"post","link":"https:\/\/www.miamibeachfl.gov\/fr\/reeflines-first-monumental-installation-deploys-off-the-shore-of-miami-beach\/","title":{"rendered":"La premi\u00e8re installation monumentale de REEFLINE est d\u00e9ploy\u00e9e au large de Miami Beach"},"content":{"rendered":"<a href=\"https:\/\/www.miamibeachfl.gov\/wp-content\/uploads\/2025\/10\/REEFLINE-Launch-Press-Release.pdf\" target=\"_blank\" rel=\"noopener\">\n\t\t\t\t\t\tT\u00e9l\u00e9charger le communiqu\u00e9 de presse\n\t\t\t\t\t<\/a>\n<h2>\n\t\t\tPartager:\t<\/h2>\n\t\t\t\t\t\t\t\t\t\t<a class= \"uabb-ss-grid-button-link\" href=\"https:\/\/www.facebook.com\/sharer.php?u=https%3A%2F%2Fwww.miamibeachfl.gov%2F%3Fp%3D390487%26fl_builder\" target=\"_blank\" onclick=\"window.open(this.href,'social-share','left=20,top=20,width=500,height=500,toolbar=1,resizable=0');return false;\">\n\t\t\t\t\t\t\t\t\t\t\t\t\t\t\t\t\t\t\t\t\t\t\t<img decoding=\"async\" src=\"https:\/\/www.miamibeachfl.gov\/wp-content\/uploads\/2023\/12\/icon-facebook.png\" alt=\"283216\"\/>\n\t\t\t\t\t\t\t\t\t\t<\/a>\n\t\t\t\t\t\t\t\t\t\t<a class= \"uabb-ss-grid-button-link\" href=\"https:\/\/twitter.com\/share?url=https%3A%2F%2Fwww.miamibeachfl.gov%2F%3Fp%3D390487%26fl_builder\" target=\"_blank\" onclick=\"window.open(this.href,'social-share','left=20,top=20,width=500,height=500,toolbar=1,resizable=0');return false;\">\n\t\t\t\t\t\t\t\t\t\t\t\t\t\t\t\t\t\t\t\t\t\t\t<img decoding=\"async\" src=\"https:\/\/www.miamibeachfl.gov\/wp-content\/uploads\/2023\/12\/icon-twitterx.png\" alt=\"283218\"\/>\n\t\t\t\t\t\t\t\t\t\t<\/a>\n\t\t\t\t\t\t\t\t\t\t<a class= \"uabb-ss-grid-button-link\" href=\"https:\/\/www.linkedin.com\/shareArticle?url=https%3A%2F%2Fwww.miamibeachfl.gov%2F%3Fp%3D390487%26fl_builder\" target=\"_blank\" onclick=\"window.open(this.href,'social-share','left=20,top=20,width=500,height=500,toolbar=1,resizable=0');return false;\">\n\t\t\t\t\t\t\t\t\t\t\t\t\t\t\t\t\t\t\t\t\t\t\t<img decoding=\"async\" src=\"https:\/\/www.miamibeachfl.gov\/wp-content\/uploads\/2023\/12\/icon-linkedin.png\" alt=\"283217\"\/>\n\t\t\t\t\t\t\t\t\t\t<\/a>\n<h2>\n\t\t\tpour diffusion imm\u00e9diate\t<\/h2>\n<h2>\n\t\t\t16 octobre 2025\t<\/h2>\n<h3>\n\t\t\t\u2013 Rejoignez-nous pour la f\u00eate sur la plage le mardi 21 octobre \u00e0 13h, entre la 4e et la 5e rue \u2013\t<\/h3>\n\t<img loading=\"lazy\" decoding=\"async\" src=\"https:\/\/www.miamibeachfl.gov\/wp-content\/uploads\/2025\/10\/PICTURE-300x149.jpg\" alt=\"\" width=\"405\" height=\"201\" data-warning=\"Missing alt text\" \/>\n<p><strong>\u00a0<\/strong><\/p>\n<p><strong>Miami Beach, Floride <\/strong>\u2013 Rejoignez la ville de Miami Beach pour une f\u00eate en bord de mer le<strong> Mardi 21 octobre entre la 4e et la 5e rue \u00e0 13h <\/strong>Pour c\u00e9l\u00e9brer le d\u00e9ploiement historique du REEFLINE, un parc de sculptures sous-marines et un r\u00e9cif hybride in\u00e9dits, le maire et les conseillers municipaux, des artistes, des scientifiques, des personnalit\u00e9s culturelles, des pionniers de l&#039;environnement, des d\u00e9cideurs politiques et des sympathisants seront pr\u00e9sents.<\/p>\n<p>\u00ab L\u2019installation REEFLINE est bien plus qu\u2019une fusion spectaculaire d\u2019art et de science ; c\u2019est une protection \u00e9conomique essentielle \u00e0 long terme pour Miami Beach \u00bb, a d\u00e9clar\u00e9 <strong>Steven Meiner, maire de Miami Beach<\/strong>\u00ab\u00a0Des r\u00e9cifs coralliens en bonne sant\u00e9 constituent notre infrastructure naturelle, prot\u00e9geant nos pr\u00e9cieuses plages et nos revenus touristiques essentiels en r\u00e9duisant consid\u00e9rablement les ondes de temp\u00eate et l\u2019\u00e9rosion. Ce projet monumental, fond\u00e9 sur des donn\u00e9es scientifiques, offre une solution novatrice pour prot\u00e9ger nos \u00e9cosyst\u00e8mes marins et notre paysage culturel.\u00a0\u00bb<\/p>\n<p>L&#039;installation marque le lancement de REEFLINE, un nouveau parc de sculptures publiques et un r\u00e9cif hybride \u00e0 une courte distance des c\u00f4tes de Miami Beach, rendu possible gr\u00e2ce \u00e0 l&#039;obligation g\u00e9n\u00e9rale Arts &amp; Culture approuv\u00e9e par les \u00e9lecteurs de 2022.<\/p>\n<p>Les 20 et 21 octobre, ainsi que les 27 et 28 octobre, les habitants et visiteurs de Miami Beach pourront admirer une barge de chantier de 48 m\u00e8tres de long qui descendra 22 voitures grandeur nature en b\u00e9ton de qualit\u00e9 marine dans l&#039;oc\u00e9an, \u00e0 236 m\u00e8tres au large de 4 \u00e0 5 rues. Une fois d\u00e9ploy\u00e9es, ces sculptures constitueront <em>Corail en b\u00e9ton<\/em>, une nouvelle \u0153uvre d&#039;art sous-marine de l&#039;artiste de renomm\u00e9e internationale Leandro Erlich, agenc\u00e9e comme un embouteillage sous-marin surr\u00e9aliste \u00e0 6 m\u00e8tres sous la surface de l&#039;oc\u00e9an.<\/p>\n<p>Bient\u00f4t ensemenc\u00e9 de 2 200 coraux cultiv\u00e9s dans le laboratoire de coraux indig\u00e8nes de REEFLINE \u00e0 Miami, \u00e0 Allapattah, <em>Corail en b\u00e9ton <\/em>L&#039;\u0153uvre utilisera Coral Lok\u2122, une technologie innovante permettant une transplantation de corail rapide, s\u00fbre et durable. Elle transforme un symbole de congestion urbaine en un r\u00e9cif vivant qui enrichit les \u00e9cosyst\u00e8mes marins \u2013 un renversement po\u00e9tique de l&#039;empreinte environnementale de l&#039;humanit\u00e9.<\/p>\n<p>Con\u00e7u par Ximena Caminos, am\u00e9nageuse culturelle, comme un mod\u00e8le pour les villes c\u00f4ti\u00e8res du monde entier, et dot\u00e9 d&#039;un plan directeur sign\u00e9 Shohei Shigematsu\/OMA, REEFLINE est port\u00e9 par un collectif multidisciplinaire de biologistes marins, d&#039;ing\u00e9nieurs c\u00f4tiers, de designers, d&#039;artistes et d&#039;experts en environnement. Ce projet en 11 phases vise \u00e0 lever 144 millions de pesos pour \u00e9tendre son corridor sous-marin sur 11 kilom\u00e8tres \u2013 soit toute la longueur de Miami Beach \u2013 afin d&#039;y transplanter des milliers de coraux.<\/p>\n<p>\u00ab REEFLINE montre comment la cr\u00e9ativit\u00e9 peut engendrer de v\u00e9ritables solutions pour une plan\u00e8te en mutation \u00bb, a d\u00e9clar\u00e9 un porte-parole de la communaut\u00e9. <strong>Fondatrice et directrice artistique de REEFLINE Ximena Caminos<\/strong>\u00ab Nous transformons l&#039;art en un moteur de valorisation et d&#039;\u00e9ducation des \u00e9cosyst\u00e8mes marins. Ce qui commence \u00e0 Miami Beach \u2013 autrefois consid\u00e9r\u00e9e comme l&#039;\u00e9picentre de la mont\u00e9e des eaux \u2013 peut devenir un mod\u00e8le pour les villes du monde entier. C&#039;est l\u00e0 toute la force de la collaboration\u00a0: lorsque les artistes, les scientifiques et les communaut\u00e9s travaillent ensemble, la r\u00e9g\u00e9n\u00e9ration devient possible. Je suis profond\u00e9ment reconnaissant du soutien visionnaire de la ville de Miami Beach, de son maire, de ses conseillers et de ses habitants \u2013 dont la confiance en ce projet nous permet de concr\u00e9tiser nos id\u00e9es. \u00bb<\/p>\n<p>Aucun bateau ni nageur ne sera autoris\u00e9 \u00e0 proximit\u00e9 de la zone de d\u00e9ploiement pendant les travaux. Le d\u00e9ploiement sera mieux observ\u00e9 depuis la plage pr\u00e8s de la 5e Rue.<\/p>\n<p>###<\/p>\n<p>&nbsp;<\/p>\n<p><strong>\u00c0 propos de REEFLINE<\/strong><\/p>\n<p><strong>LIGNE DE R\u00c9CIF<\/strong> est un parc de sculptures publiques sous-marines pionnier et un r\u00e9cif hybride au large de Miami Beach. Con\u00e7u par un cr\u00e9ateur de lieux culturels <strong>Ximena Caminos<\/strong>, avec un plan directeur par <strong>Shohei Shigematsu\/OMA<\/strong>, <strong>LIGNE DE R\u00c9CIF<\/strong> rassemble l\u2019art, la science, l\u2019\u00e9ducation et la communaut\u00e9 pour am\u00e9liorer les \u00e9cosyst\u00e8mes marins, favoriser la connaissance des oc\u00e9ans et inspirer la gestion mondiale des oc\u00e9ans. <strong>LIGNE DE R\u00c9CIF<\/strong> Ce projet vise \u00e0 planter des milliers de coraux sur des \u0153uvres d&#039;art sous-marines \u00e0 grande \u00e9chelle et sp\u00e9cifiques \u00e0 chaque site, au cours de la prochaine d\u00e9cennie, tout en cr\u00e9ant un mod\u00e8le pour les villes c\u00f4ti\u00e8res du monde entier \u2013 une salle de classe vivante o\u00f9 l&#039;art, la science et l&#039;\u00e9ducation se rencontrent pour autonomiser les g\u00e9n\u00e9rations futures et favoriser l&#039;action collective.<\/p>\n###<br \/>\n<em><br \/>\n<\/em><em>Pour demander ce mat\u00e9riel dans un format alternatif, un interpr\u00e8te en langue des signes (pr\u00e9avis de cinq jours requis), des informations sur l&#039;acc\u00e8s pour les personnes handicap\u00e9es et\/ou tout am\u00e9nagement pour examiner tout document ou participer \u00e0 toute proc\u00e9dure parrain\u00e9e par la ville, appelez le 305.604.2ADA (2232) et s\u00e9lectionnez 1 pour l&#039;anglais ou 2 pour l&#039;espagnol, puis l&#039;option 6 ; les utilisateurs de TTY peuvent appeler via le 711 (Florida Relay Service).<\/em>","protected":false},"excerpt":{"rendered":"<p>Download Press Release Share: for immediate release Oct. 16, 2025 &#8211; Join the beachside celebration on Tues, Oct. 21 at [&hellip;]<\/p>\n","protected":false},"author":361,"featured_media":0,"comment_status":"closed","ping_status":"closed","sticky":false,"template":"","format":"standard","meta":{"_searchwp_excluded":"","site-sidebar-layout":"default","site-content-layout":"","ast-site-content-layout":"default","site-content-style":"default","site-sidebar-style":"default","ast-global-header-display":"","ast-banner-title-visibility":"","ast-main-header-display":"","ast-hfb-above-header-display":"","ast-hfb-below-header-display":"","ast-hfb-mobile-header-display":"","site-post-title":"","ast-breadcrumbs-content":"","ast-featured-img":"","footer-sml-layout":"","theme-transparent-header-meta":"","adv-header-id-meta":"","stick-header-meta":"","header-above-stick-meta":"","header-main-stick-meta":"","header-below-stick-meta":"","astra-migrate-meta-layouts":"default","ast-page-background-enabled":"default","ast-page-background-meta":{"desktop":{"background-color":"var(--ast-global-color-5)","background-image":"","background-repeat":"repeat","background-position":"center center","background-size":"auto","background-attachment":"scroll","background-type":"","background-media":"","overlay-type":"","overlay-color":"","overlay-opacity":"","overlay-gradient":""},"tablet":{"background-color":"","background-image":"","background-repeat":"repeat","background-position":"center center","background-size":"auto","background-attachment":"scroll","background-type":"","background-media":"","overlay-type":"","overlay-color":"","overlay-opacity":"","overlay-gradient":""},"mobile":{"background-color":"","background-image":"","background-repeat":"repeat","background-position":"center center","background-size":"auto","background-attachment":"scroll","background-type":"","background-media":"","overlay-type":"","overlay-color":"","overlay-opacity":"","overlay-gradient":""}},"ast-content-background-meta":{"desktop":{"background-color":"var(--ast-global-color-4)","background-image":"","background-repeat":"repeat","background-position":"center center","background-size":"auto","background-attachment":"scroll","background-type":"","background-media":"","overlay-type":"","overlay-color":"","overlay-opacity":"","overlay-gradient":""},"tablet":{"background-color":"var(--ast-global-color-4)","background-image":"","background-repeat":"repeat","background-position":"center center","background-size":"auto","background-attachment":"scroll","background-type":"","background-media":"","overlay-type":"","overlay-color":"","overlay-opacity":"","overlay-gradient":""},"mobile":{"background-color":"var(--ast-global-color-4)","background-image":"","background-repeat":"repeat","background-position":"center center","background-size":"auto","background-attachment":"scroll","background-type":"","background-media":"","overlay-type":"","overlay-color":"","overlay-opacity":"","overlay-gradient":""}},"footnotes":""},"categories":[1664],"tags":[],"class_list":["post-390487","post","type-post","status-publish","format-standard","hentry","category-2025-press-releases"],"yoast_head":"<!-- This site is optimized with the Yoast SEO Premium plugin v27.4 (Yoast SEO v27.4) - https:\/\/yoast.com\/product\/yoast-seo-premium-wordpress\/ -->\n<title>REEFLINE\u2019s First Monumental Installation Deploys off the Shore of Miami Beach - City of Miami Beach<\/title>\n<meta name=\"description\" content=\"Join the City of Miami Beach for a beachside celebration on Tuesday, October 21 between 4 and 5 streets at 1 p.m. to mark the REEFLINE\u2019s historic.\" \/>\n<meta name=\"robots\" content=\"index, follow, max-snippet:-1, max-image-preview:large, max-video-preview:-1\" \/>\n<link rel=\"canonical\" href=\"https:\/\/www.miamibeachfl.gov\/fr\/reeflines-first-monumental-installation-deploys-off-the-shore-of-miami-beach\/\" \/>\n<meta property=\"og:locale\" content=\"fr_FR\" \/>\n<meta property=\"og:type\" content=\"article\" \/>\n<meta property=\"og:title\" content=\"REEFLINE\u2019s First Monumental Installation Deploys off the Shore of Miami Beach\" \/>\n<meta property=\"og:description\" content=\"Join the City of Miami Beach for a beachside celebration on Tuesday, October 21 between 4 and 5 streets at 1 p.m. to mark the REEFLINE\u2019s historic.\" \/>\n<meta property=\"og:url\" content=\"https:\/\/www.miamibeachfl.gov\/fr\/reeflines-first-monumental-installation-deploys-off-the-shore-of-miami-beach\/\" \/>\n<meta property=\"og:site_name\" content=\"City of Miami Beach\" \/>\n<meta property=\"article:publisher\" content=\"https:\/\/www.facebook.com\/cityofmiamibeach\" \/>\n<meta property=\"article:published_time\" content=\"2025-10-16T12:06:00+00:00\" \/>\n<meta property=\"article:modified_time\" content=\"2025-10-16T13:50:49+00:00\" \/>\n<meta property=\"og:image\" content=\"https:\/\/www.miamibeachfl.gov\/wp-content\/uploads\/2023\/12\/icon-facebook.png\" \/>\n<meta name=\"author\" content=\"Emily Castillo\" \/>\n<meta name=\"twitter:card\" content=\"summary_large_image\" \/>\n<meta name=\"twitter:creator\" content=\"@Miamibeachnews\" \/>\n<meta name=\"twitter:site\" content=\"@Miamibeachnews\" \/>\n<script type=\"application\/ld+json\" class=\"yoast-schema-graph\">{\"@context\":\"https:\\\/\\\/schema.org\",\"@graph\":[{\"@type\":\"Article\",\"@id\":\"https:\\\/\\\/www.miamibeachfl.gov\\\/reeflines-first-monumental-installation-deploys-off-the-shore-of-miami-beach\\\/#article\",\"isPartOf\":{\"@id\":\"https:\\\/\\\/www.miamibeachfl.gov\\\/reeflines-first-monumental-installation-deploys-off-the-shore-of-miami-beach\\\/\"},\"author\":{\"name\":\"Emily Castillo\",\"@id\":\"https:\\\/\\\/www.miamibeachfl.gov\\\/#\\\/schema\\\/person\\\/7b37a95841b5231439bceb3fe7f46378\"},\"headline\":\"REEFLINE\u2019s First Monumental Installation Deploys off the Shore of Miami Beach\",\"datePublished\":\"2025-10-16T12:06:00+00:00\",\"dateModified\":\"2025-10-16T13:50:49+00:00\",\"mainEntityOfPage\":{\"@id\":\"https:\\\/\\\/www.miamibeachfl.gov\\\/reeflines-first-monumental-installation-deploys-off-the-shore-of-miami-beach\\\/\"},\"wordCount\":662,\"publisher\":{\"@id\":\"https:\\\/\\\/www.miamibeachfl.gov\\\/#organization\"},\"image\":{\"@id\":\"https:\\\/\\\/www.miamibeachfl.gov\\\/reeflines-first-monumental-installation-deploys-off-the-shore-of-miami-beach\\\/#primaryimage\"},\"thumbnailUrl\":\"https:\\\/\\\/www.miamibeachfl.gov\\\/wp-content\\\/uploads\\\/2023\\\/12\\\/icon-facebook.png\",\"articleSection\":[\"2025 Press Releases\"],\"inLanguage\":\"fr-FR\"},{\"@type\":\"WebPage\",\"@id\":\"https:\\\/\\\/www.miamibeachfl.gov\\\/reeflines-first-monumental-installation-deploys-off-the-shore-of-miami-beach\\\/\",\"url\":\"https:\\\/\\\/www.miamibeachfl.gov\\\/reeflines-first-monumental-installation-deploys-off-the-shore-of-miami-beach\\\/\",\"name\":\"REEFLINE\u2019s First Monumental Installation Deploys off the Shore of Miami Beach - City of Miami Beach\",\"isPartOf\":{\"@id\":\"https:\\\/\\\/www.miamibeachfl.gov\\\/#website\"},\"primaryImageOfPage\":{\"@id\":\"https:\\\/\\\/www.miamibeachfl.gov\\\/reeflines-first-monumental-installation-deploys-off-the-shore-of-miami-beach\\\/#primaryimage\"},\"image\":{\"@id\":\"https:\\\/\\\/www.miamibeachfl.gov\\\/reeflines-first-monumental-installation-deploys-off-the-shore-of-miami-beach\\\/#primaryimage\"},\"thumbnailUrl\":\"https:\\\/\\\/www.miamibeachfl.gov\\\/wp-content\\\/uploads\\\/2023\\\/12\\\/icon-facebook.png\",\"datePublished\":\"2025-10-16T12:06:00+00:00\",\"dateModified\":\"2025-10-16T13:50:49+00:00\",\"description\":\"Join the City of Miami Beach for a beachside celebration on Tuesday, October 21 between 4 and 5 streets at 1 p.m. to mark the REEFLINE\u2019s historic.\",\"breadcrumb\":{\"@id\":\"https:\\\/\\\/www.miamibeachfl.gov\\\/reeflines-first-monumental-installation-deploys-off-the-shore-of-miami-beach\\\/#breadcrumb\"},\"inLanguage\":\"fr-FR\",\"potentialAction\":[{\"@type\":\"ReadAction\",\"target\":[\"https:\\\/\\\/www.miamibeachfl.gov\\\/reeflines-first-monumental-installation-deploys-off-the-shore-of-miami-beach\\\/\"]}]},{\"@type\":\"ImageObject\",\"inLanguage\":\"fr-FR\",\"@id\":\"https:\\\/\\\/www.miamibeachfl.gov\\\/reeflines-first-monumental-installation-deploys-off-the-shore-of-miami-beach\\\/#primaryimage\",\"url\":\"https:\\\/\\\/www.miamibeachfl.gov\\\/wp-content\\\/uploads\\\/2023\\\/12\\\/icon-facebook.png\",\"contentUrl\":\"https:\\\/\\\/www.miamibeachfl.gov\\\/wp-content\\\/uploads\\\/2023\\\/12\\\/icon-facebook.png\"},{\"@type\":\"BreadcrumbList\",\"@id\":\"https:\\\/\\\/www.miamibeachfl.gov\\\/reeflines-first-monumental-installation-deploys-off-the-shore-of-miami-beach\\\/#breadcrumb\",\"itemListElement\":[{\"@type\":\"ListItem\",\"position\":1,\"name\":\"Home\",\"item\":\"https:\\\/\\\/www.miamibeachfl.gov\\\/\"},{\"@type\":\"ListItem\",\"position\":2,\"name\":\"REEFLINE\u2019s First Monumental Installation Deploys off the Shore of Miami Beach\"}]},{\"@type\":\"WebSite\",\"@id\":\"https:\\\/\\\/www.miamibeachfl.gov\\\/#website\",\"url\":\"https:\\\/\\\/www.miamibeachfl.gov\\\/\",\"name\":\"City of Miami Beach\",\"description\":\"The official website of the City of Miami Beach. Stay informed, find important information on city services, news, alerts, events, trolley routes, government employment and more.\",\"publisher\":{\"@id\":\"https:\\\/\\\/www.miamibeachfl.gov\\\/#organization\"},\"potentialAction\":[{\"@type\":\"SearchAction\",\"target\":{\"@type\":\"EntryPoint\",\"urlTemplate\":\"https:\\\/\\\/www.miamibeachfl.gov\\\/?s={search_term_string}\"},\"query-input\":{\"@type\":\"PropertyValueSpecification\",\"valueRequired\":true,\"valueName\":\"search_term_string\"}}],\"inLanguage\":\"fr-FR\"},{\"@type\":\"Organization\",\"@id\":\"https:\\\/\\\/www.miamibeachfl.gov\\\/#organization\",\"name\":\"City of Miami Beach\",\"url\":\"https:\\\/\\\/www.miamibeachfl.gov\\\/\",\"logo\":{\"@type\":\"ImageObject\",\"inLanguage\":\"fr-FR\",\"@id\":\"https:\\\/\\\/www.miamibeachfl.gov\\\/#\\\/schema\\\/logo\\\/image\\\/\",\"url\":\"https:\\\/\\\/www.miamibeachfl.gov\\\/wp-content\\\/uploads\\\/2022\\\/06\\\/miamibeach-logoblue.png\",\"contentUrl\":\"https:\\\/\\\/www.miamibeachfl.gov\\\/wp-content\\\/uploads\\\/2022\\\/06\\\/miamibeach-logoblue.png\",\"width\":1962,\"height\":381,\"caption\":\"City of Miami Beach\"},\"image\":{\"@id\":\"https:\\\/\\\/www.miamibeachfl.gov\\\/#\\\/schema\\\/logo\\\/image\\\/\"},\"sameAs\":[\"https:\\\/\\\/www.facebook.com\\\/cityofmiamibeach\",\"https:\\\/\\\/x.com\\\/Miamibeachnews\",\"https:\\\/\\\/www.instagram.com\\\/miamibeachnews\\\/\"],\"description\":\"The official website of the City of Miami Beach. Stay informed, find important information on city services, news, alerts, events, trolley routes, government employment and more.\",\"telephone\":\"305.604.CITY(2489)\",\"legalName\":\"City of Miami Beach\"},{\"@type\":\"Person\",\"@id\":\"https:\\\/\\\/www.miamibeachfl.gov\\\/#\\\/schema\\\/person\\\/7b37a95841b5231439bceb3fe7f46378\",\"name\":\"Emily Castillo\"}]}<\/script>\n<!-- \/ Yoast SEO Premium plugin. -->","yoast_head_json":{"title":"Premi\u00e8re installation monumentale de REEFLINE d\u00e9ploy\u00e9e au large de Miami Beach - Ville de Miami Beach","description":"Rejoignez la ville de Miami Beach pour une c\u00e9l\u00e9bration en bord de mer le mardi 21 octobre entre les rues 4 et 5 \u00e0 13h pour c\u00e9l\u00e9brer l&#039;\u00e9v\u00e9nement historique de la REEFLINE.","robots":{"index":"index","follow":"follow","max-snippet":"max-snippet:-1","max-image-preview":"max-image-preview:large","max-video-preview":"max-video-preview:-1"},"canonical":"https:\/\/www.miamibeachfl.gov\/fr\/reeflines-first-monumental-installation-deploys-off-the-shore-of-miami-beach\/","og_locale":"fr_FR","og_type":"article","og_title":"REEFLINE\u2019s First Monumental Installation Deploys off the Shore of Miami Beach","og_description":"Join the City of Miami Beach for a beachside celebration on Tuesday, October 21 between 4 and 5 streets at 1 p.m. to mark the REEFLINE\u2019s historic.","og_url":"https:\/\/www.miamibeachfl.gov\/fr\/reeflines-first-monumental-installation-deploys-off-the-shore-of-miami-beach\/","og_site_name":"City of Miami Beach","article_publisher":"https:\/\/www.facebook.com\/cityofmiamibeach","article_published_time":"2025-10-16T12:06:00+00:00","article_modified_time":"2025-10-16T13:50:49+00:00","og_image":[{"url":"https:\/\/www.miamibeachfl.gov\/wp-content\/uploads\/2023\/12\/icon-facebook.png","type":"","width":"","height":""}],"author":"Emily Castillo","twitter_card":"summary_large_image","twitter_creator":"@Miamibeachnews","twitter_site":"@Miamibeachnews","schema":{"@context":"https:\/\/schema.org","@graph":[{"@type":"Article","@id":"https:\/\/www.miamibeachfl.gov\/reeflines-first-monumental-installation-deploys-off-the-shore-of-miami-beach\/#article","isPartOf":{"@id":"https:\/\/www.miamibeachfl.gov\/reeflines-first-monumental-installation-deploys-off-the-shore-of-miami-beach\/"},"author":{"name":"Emily Castillo","@id":"https:\/\/www.miamibeachfl.gov\/#\/schema\/person\/7b37a95841b5231439bceb3fe7f46378"},"headline":"REEFLINE\u2019s First Monumental Installation Deploys off the Shore of Miami Beach","datePublished":"2025-10-16T12:06:00+00:00","dateModified":"2025-10-16T13:50:49+00:00","mainEntityOfPage":{"@id":"https:\/\/www.miamibeachfl.gov\/reeflines-first-monumental-installation-deploys-off-the-shore-of-miami-beach\/"},"wordCount":662,"publisher":{"@id":"https:\/\/www.miamibeachfl.gov\/#organization"},"image":{"@id":"https:\/\/www.miamibeachfl.gov\/reeflines-first-monumental-installation-deploys-off-the-shore-of-miami-beach\/#primaryimage"},"thumbnailUrl":"https:\/\/www.miamibeachfl.gov\/wp-content\/uploads\/2023\/12\/icon-facebook.png","articleSection":["2025 Press Releases"],"inLanguage":"fr-FR"},{"@type":"WebPage","@id":"https:\/\/www.miamibeachfl.gov\/reeflines-first-monumental-installation-deploys-off-the-shore-of-miami-beach\/","url":"https:\/\/www.miamibeachfl.gov\/reeflines-first-monumental-installation-deploys-off-the-shore-of-miami-beach\/","name":"Premi\u00e8re installation monumentale de REEFLINE d\u00e9ploy\u00e9e au large de Miami Beach - Ville de Miami Beach","isPartOf":{"@id":"https:\/\/www.miamibeachfl.gov\/#website"},"primaryImageOfPage":{"@id":"https:\/\/www.miamibeachfl.gov\/reeflines-first-monumental-installation-deploys-off-the-shore-of-miami-beach\/#primaryimage"},"image":{"@id":"https:\/\/www.miamibeachfl.gov\/reeflines-first-monumental-installation-deploys-off-the-shore-of-miami-beach\/#primaryimage"},"thumbnailUrl":"https:\/\/www.miamibeachfl.gov\/wp-content\/uploads\/2023\/12\/icon-facebook.png","datePublished":"2025-10-16T12:06:00+00:00","dateModified":"2025-10-16T13:50:49+00:00","description":"Rejoignez la ville de Miami Beach pour une c\u00e9l\u00e9bration en bord de mer le mardi 21 octobre entre les rues 4 et 5 \u00e0 13h pour c\u00e9l\u00e9brer l&#039;\u00e9v\u00e9nement historique de la REEFLINE.","breadcrumb":{"@id":"https:\/\/www.miamibeachfl.gov\/reeflines-first-monumental-installation-deploys-off-the-shore-of-miami-beach\/#breadcrumb"},"inLanguage":"fr-FR","potentialAction":[{"@type":"ReadAction","target":["https:\/\/www.miamibeachfl.gov\/reeflines-first-monumental-installation-deploys-off-the-shore-of-miami-beach\/"]}]},{"@type":"ImageObject","inLanguage":"fr-FR","@id":"https:\/\/www.miamibeachfl.gov\/reeflines-first-monumental-installation-deploys-off-the-shore-of-miami-beach\/#primaryimage","url":"https:\/\/www.miamibeachfl.gov\/wp-content\/uploads\/2023\/12\/icon-facebook.png","contentUrl":"https:\/\/www.miamibeachfl.gov\/wp-content\/uploads\/2023\/12\/icon-facebook.png"},{"@type":"BreadcrumbList","@id":"https:\/\/www.miamibeachfl.gov\/reeflines-first-monumental-installation-deploys-off-the-shore-of-miami-beach\/#breadcrumb","itemListElement":[{"@type":"ListItem","position":1,"name":"Home","item":"https:\/\/www.miamibeachfl.gov\/"},{"@type":"ListItem","position":2,"name":"REEFLINE\u2019s First Monumental Installation Deploys off the Shore of Miami Beach"}]},{"@type":"WebSite","@id":"https:\/\/www.miamibeachfl.gov\/#website","url":"https:\/\/www.miamibeachfl.gov\/","name":"Ville de Miami Beach","description":"Site officiel de la ville de Miami Beach. Restez inform\u00e9 et trouvez des informations importantes sur les services municipaux, les actualit\u00e9s, les alertes, les \u00e9v\u00e9nements, les itin\u00e9raires de tramway, les emplois gouvernementaux et bien plus encore.","publisher":{"@id":"https:\/\/www.miamibeachfl.gov\/#organization"},"potentialAction":[{"@type":"SearchAction","target":{"@type":"EntryPoint","urlTemplate":"https:\/\/www.miamibeachfl.gov\/?s={search_term_string}"},"query-input":{"@type":"PropertyValueSpecification","valueRequired":true,"valueName":"search_term_string"}}],"inLanguage":"fr-FR"},{"@type":"Organization","@id":"https:\/\/www.miamibeachfl.gov\/#organization","name":"Ville de Miami Beach","url":"https:\/\/www.miamibeachfl.gov\/","logo":{"@type":"ImageObject","inLanguage":"fr-FR","@id":"https:\/\/www.miamibeachfl.gov\/#\/schema\/logo\/image\/","url":"https:\/\/www.miamibeachfl.gov\/wp-content\/uploads\/2022\/06\/miamibeach-logoblue.png","contentUrl":"https:\/\/www.miamibeachfl.gov\/wp-content\/uploads\/2022\/06\/miamibeach-logoblue.png","width":1962,"height":381,"caption":"City of Miami Beach"},"image":{"@id":"https:\/\/www.miamibeachfl.gov\/#\/schema\/logo\/image\/"},"sameAs":["https:\/\/www.facebook.com\/cityofmiamibeach","https:\/\/x.com\/Miamibeachnews","https:\/\/www.instagram.com\/miamibeachnews\/"],"description":"Site officiel de la ville de Miami Beach. Restez inform\u00e9 et trouvez des informations importantes sur les services municipaux, les actualit\u00e9s, les alertes, les \u00e9v\u00e9nements, les itin\u00e9raires de tramway, les emplois gouvernementaux et bien plus encore.","telephone":"305.604.CITY(2489)","legalName":"City of Miami Beach"},{"@type":"Person","@id":"https:\/\/www.miamibeachfl.gov\/#\/schema\/person\/7b37a95841b5231439bceb3fe7f46378","name":"Emily Castillo"}]}},"_links":{"self":[{"href":"https:\/\/www.miamibeachfl.gov\/fr\/wp-json\/wp\/v2\/posts\/390487","targetHints":{"allow":["GET"]}}],"collection":[{"href":"https:\/\/www.miamibeachfl.gov\/fr\/wp-json\/wp\/v2\/posts"}],"about":[{"href":"https:\/\/www.miamibeachfl.gov\/fr\/wp-json\/wp\/v2\/types\/post"}],"author":[{"embeddable":true,"href":"https:\/\/www.miamibeachfl.gov\/fr\/wp-json\/wp\/v2\/users\/361"}],"replies":[{"embeddable":true,"href":"https:\/\/www.miamibeachfl.gov\/fr\/wp-json\/wp\/v2\/comments?post=390487"}],"version-history":[{"count":4,"href":"https:\/\/www.miamibeachfl.gov\/fr\/wp-json\/wp\/v2\/posts\/390487\/revisions"}],"predecessor-version":[{"id":390494,"href":"https:\/\/www.miamibeachfl.gov\/fr\/wp-json\/wp\/v2\/posts\/390487\/revisions\/390494"}],"wp:attachment":[{"href":"https:\/\/www.miamibeachfl.gov\/fr\/wp-json\/wp\/v2\/media?parent=390487"}],"wp:term":[{"taxonomy":"category","embeddable":true,"href":"https:\/\/www.miamibeachfl.gov\/fr\/wp-json\/wp\/v2\/categories?post=390487"},{"taxonomy":"post_tag","embeddable":true,"href":"https:\/\/www.miamibeachfl.gov\/fr\/wp-json\/wp\/v2\/tags?post=390487"}],"curies":[{"name":"wp","href":"https:\/\/api.w.org\/{rel}","templated":true}]}}