{"id":389540,"date":"2025-09-30T14:09:00","date_gmt":"2025-09-30T18:09:00","guid":{"rendered":"https:\/\/www.miamibeachfl.gov\/?p=389540"},"modified":"2025-09-30T14:46:49","modified_gmt":"2025-09-30T18:46:49","slug":"miami-beach-celebrates-completion-of-ocean-terrace-park","status":"publish","type":"post","link":"https:\/\/www.miamibeachfl.gov\/ht\/miami-beach-celebrates-completion-of-ocean-terrace-park\/","title":{"rendered":"Miami Beach selebre fini konstriksyon Ocean Terrace Park la"},"content":{"rendered":"<a href=\"https:\/\/www.miamibeachfl.gov\/wp-content\/uploads\/2025\/09\/Miami-Beach-Celebrates-Completion-of-Ocean-Terrace-Park.pdf\" target=\"_blank\" rel=\"noopener\">\n\t\t\t\t\t\tTelechaje Kominike pou lapr\u00e8s la\n\t\t\t\t\t<\/a>\n<h2>\n\t\t\tPataje:\t<\/h2>\n\t\t\t\t\t\t\t\t\t\t<a class= \"uabb-ss-grid-button-link\" href=\"https:\/\/www.facebook.com\/sharer.php?u=https%3A%2F%2Fwww.miamibeachfl.gov%2F%3Fp%3D389540%26fl_builder\" target=\"_blank\" onclick=\"window.open(this.href,'social-share','left=20,top=20,width=500,height=500,toolbar=1,resizable=0');return false;\">\n\t\t\t\t\t\t\t\t\t\t\t\t\t\t\t\t\t\t\t\t\t\t\t<img decoding=\"async\" src=\"https:\/\/www.miamibeachfl.gov\/wp-content\/uploads\/2023\/12\/icon-facebook.png\" alt=\"283216\"\/>\n\t\t\t\t\t\t\t\t\t\t<\/a>\n\t\t\t\t\t\t\t\t\t\t<a class= \"uabb-ss-grid-button-link\" href=\"https:\/\/twitter.com\/share?url=https%3A%2F%2Fwww.miamibeachfl.gov%2F%3Fp%3D389540%26fl_builder\" target=\"_blank\" onclick=\"window.open(this.href,'social-share','left=20,top=20,width=500,height=500,toolbar=1,resizable=0');return false;\">\n\t\t\t\t\t\t\t\t\t\t\t\t\t\t\t\t\t\t\t\t\t\t\t<img decoding=\"async\" src=\"https:\/\/www.miamibeachfl.gov\/wp-content\/uploads\/2023\/12\/icon-twitterx.png\" alt=\"283218\"\/>\n\t\t\t\t\t\t\t\t\t\t<\/a>\n\t\t\t\t\t\t\t\t\t\t<a class= \"uabb-ss-grid-button-link\" href=\"https:\/\/www.linkedin.com\/shareArticle?url=https%3A%2F%2Fwww.miamibeachfl.gov%2F%3Fp%3D389540%26fl_builder\" target=\"_blank\" onclick=\"window.open(this.href,'social-share','left=20,top=20,width=500,height=500,toolbar=1,resizable=0');return false;\">\n\t\t\t\t\t\t\t\t\t\t\t\t\t\t\t\t\t\t\t\t\t\t\t<img decoding=\"async\" src=\"https:\/\/www.miamibeachfl.gov\/wp-content\/uploads\/2023\/12\/icon-linkedin.png\" alt=\"283217\"\/>\n\t\t\t\t\t\t\t\t\t\t<\/a>\n<h2>\n\t\t\tpou lage imedya\t<\/h2>\n<h2>\n\t\t\t30 septanm 2025\t<\/h2>\n<h3>\n\t\t\t-Vin jwenn otorite vil yo vandredi 3 okt\u00f2b pou gran ouv\u00e8ti nouvo pak b\u00f2 lanm\u00e8 a nan North Beach \u2013\t<\/h3>\n\t<p><strong>Miami Beach, Florid<\/strong> Vil Miami Beach pral \u00f2ganize yon gran seremoni ouv\u00e8ti <strong>Vandredi 3 Okt\u00f2b <\/strong>nan <strong>3:30 pm<\/strong> pou selebre nouvo vil la <strong>Pak Teras Oseyan an<\/strong>, ki gen ladan yon pwomnad pyeton sou plizy\u00e8 nivo ak eleman dlo. Pak la sitiye sou <strong>Teras Oseyan ant 73 ak 75 lari yo<\/strong>, jis b\u00f2 plaj la nan katye North Beach nan vil la.<\/p>\n<p>\u201cYo louvri yon l\u00f2t b\u00e8l pak nan Miami Beach, e pak sa a se yon vr\u00e8 etap enp\u00f2tan pou North Beach,\u201d te di <strong>Majistra Miami Beach Steven Meiner<\/strong>&quot;Ocean Terrace Park la gen plis pase senk kawo t\u00e8 espas v\u00e8t b\u00f2 lanm\u00e8 a \u2013 se yon siyal sou envestisman transf\u00f2masyon ki pral alimante renesans North Beach.&quot;<\/p>\n<p>Pak 5 kawo t\u00e8 a se youn nan plizy\u00e8 amelyorasyon piblik ak prive ki prevwa pou North Beach pandan k\u00e8k ane kap vini yo ki gen entansyon anonse yon relans ekonomik transf\u00f2masyon\u00e8l. Ocean Terrace sitiye sou b\u00f2 lanm\u00e8 a epi li te s\u00e8n pwodiksyon televizyon ak fim pou resanblans li ak Ocean Drive nan South Beach.<\/p>\n<p>Konstwi anba yon ak\u00f2 devlopman ant Vil Miami Beach ak Ocean Terrace Holdings, pwoj\u00e8 Ocean Terrace Park la sitiye a yon ti distans mache de Miami Beach Bandshell la epi li pral ofri plis opsyon pou kom\u00e8s ak manje anplis sa ki disponib kounye a sou Collins Avenue ki toupre a.<\/p>\n<p>Pak la, ki te f\u00e8t pa kabin\u00e8 achitekti peyizaj Raymond Jungles Inc. epi konstwi pa Recreational Design &amp; Construction, Inc. (RDC), gen ladan l twa eleman dlo ki plante ak esp\u00e8s akwatik, ban koutim ak op\u00f2tinite pou chita ansanm ak z\u00f2n gazon pou aktivite lwazi pasif. Pwoj\u00e8 a gen ladan l tou amelyorasyon drenaj pou lapli, nouvo ekipman jaden ak irigasyon, ekleraj ki adapte ak tortu, yon paviyon dey\u00f2 nan lavni, enfrastrikti kamera sekirite ak yon p\u00f2syon Beachwalk ki amelyore.<\/p>\n<p>&quot;Depi nan k\u00f2mansman an, vizyon nou pou Ocean Terrace sete pou transf\u00f2me asfalt b\u00f2 lanm\u00e8 a an yon peyizaj abondan ak akeyan, plen ak pyebwa ki bay lonbray, espas v\u00e8t, atizay eksepsyon\u00e8l ak vin\u00e8t seren,&quot; te ajoute. <strong>Sandor Scher, direkt\u00e8 nan Ocean Terrace Holdings<\/strong>&quot;Ocean Terrace Park pote vizyon sa a nan lavi k\u00f2m yon ekipman piblik klas mondyal ke plizy\u00e8 jenerasyon pral jwi. Nou fy\u00e8 pou nou w\u00e8 etap enp\u00f2tan sa a reyalize nan patenarya nou ak Vil Miami Beach.&quot;<\/p>\n<p>Av\u00e8k ouv\u00e8ti pak $15 milyon dola a, rezidan ak vizit\u00e8 Miami Beach yo kapab kounye a jwi yon pi gwo espas piblik sou b\u00f2 lanm\u00e8 n\u00f2 vil la, soti nan Altos Del Mar Park rive nan Ocean Terrace Park rive jis nan UNIDAD Senior Center ak Bandshell Park.<\/p>\n###<br \/>\n<em><br \/>\n<\/em><em>Pou mande matery\u00e8l sa a nan yon l\u00f2t f\u00f2ma, yon ent\u00e8pr\u00e8t lang siy (ou bezwen yon avi senk jou), enf\u00f2masyon sou aks\u00e8 pou moun ki andikape, ak\/oswa nenp\u00f2t aranjman pou revize nenp\u00f2t dokiman oswa patisipe nan nenp\u00f2t pwosedi vil la ap \u00f2ganize, rele 305.604.2ADA (2232) epi chwazi 1 pou angle oswa 2 pou pany\u00f2l, answit opsyon 6; itilizat\u00e8 TTY yo ka rele atrav\u00e8 711 (S\u00e8vis Rel\u00e8 Florid).<\/em>","protected":false},"excerpt":{"rendered":"<p>Download Press Release Share: for immediate release Sept. 30, 2025 -Join city officials on Friday, Oct. 3 for the grand [&hellip;]<\/p>\n","protected":false},"author":361,"featured_media":0,"comment_status":"closed","ping_status":"closed","sticky":false,"template":"","format":"standard","meta":{"_searchwp_excluded":"","site-sidebar-layout":"default","site-content-layout":"","ast-site-content-layout":"default","site-content-style":"default","site-sidebar-style":"default","ast-global-header-display":"","ast-banner-title-visibility":"","ast-main-header-display":"","ast-hfb-above-header-display":"","ast-hfb-below-header-display":"","ast-hfb-mobile-header-display":"","site-post-title":"","ast-breadcrumbs-content":"","ast-featured-img":"","footer-sml-layout":"","theme-transparent-header-meta":"","adv-header-id-meta":"","stick-header-meta":"","header-above-stick-meta":"","header-main-stick-meta":"","header-below-stick-meta":"","astra-migrate-meta-layouts":"default","ast-page-background-enabled":"default","ast-page-background-meta":{"desktop":{"background-color":"var(--ast-global-color-5)","background-image":"","background-repeat":"repeat","background-position":"center center","background-size":"auto","background-attachment":"scroll","background-type":"","background-media":"","overlay-type":"","overlay-color":"","overlay-opacity":"","overlay-gradient":""},"tablet":{"background-color":"","background-image":"","background-repeat":"repeat","background-position":"center center","background-size":"auto","background-attachment":"scroll","background-type":"","background-media":"","overlay-type":"","overlay-color":"","overlay-opacity":"","overlay-gradient":""},"mobile":{"background-color":"","background-image":"","background-repeat":"repeat","background-position":"center center","background-size":"auto","background-attachment":"scroll","background-type":"","background-media":"","overlay-type":"","overlay-color":"","overlay-opacity":"","overlay-gradient":""}},"ast-content-background-meta":{"desktop":{"background-color":"var(--ast-global-color-4)","background-image":"","background-repeat":"repeat","background-position":"center center","background-size":"auto","background-attachment":"scroll","background-type":"","background-media":"","overlay-type":"","overlay-color":"","overlay-opacity":"","overlay-gradient":""},"tablet":{"background-color":"var(--ast-global-color-4)","background-image":"","background-repeat":"repeat","background-position":"center center","background-size":"auto","background-attachment":"scroll","background-type":"","background-media":"","overlay-type":"","overlay-color":"","overlay-opacity":"","overlay-gradient":""},"mobile":{"background-color":"var(--ast-global-color-4)","background-image":"","background-repeat":"repeat","background-position":"center center","background-size":"auto","background-attachment":"scroll","background-type":"","background-media":"","overlay-type":"","overlay-color":"","overlay-opacity":"","overlay-gradient":""}},"footnotes":""},"categories":[1664],"tags":[],"class_list":["post-389540","post","type-post","status-publish","format-standard","hentry","category-2025-press-releases"],"yoast_head":"<!-- This site is optimized with the Yoast SEO Premium plugin v27.4 (Yoast SEO v27.4) - https:\/\/yoast.com\/product\/yoast-seo-premium-wordpress\/ -->\n<title>Miami Beach Celebrates Completion of Ocean Terrace Park - City of Miami Beach<\/title>\n<meta name=\"description\" content=\"The City of Miami Beach will hold a grand opening ceremony on Friday, Oct. 3 at 3:30 p.m. to celebrate the city\u2019s new Ocean Terrace Park.\" \/>\n<meta name=\"robots\" content=\"index, follow, max-snippet:-1, max-image-preview:large, max-video-preview:-1\" \/>\n<link rel=\"canonical\" href=\"https:\/\/www.miamibeachfl.gov\/ht\/miami-beach-celebrates-completion-of-ocean-terrace-park\/\" \/>\n<meta property=\"og:locale\" content=\"ht_HT\" \/>\n<meta property=\"og:type\" content=\"article\" \/>\n<meta property=\"og:title\" content=\"Miami Beach Celebrates Completion of Ocean Terrace Park\" \/>\n<meta property=\"og:description\" content=\"The City of Miami Beach will hold a grand opening ceremony on Friday, Oct. 3 at 3:30 p.m. to celebrate the city\u2019s new Ocean Terrace Park.\" \/>\n<meta property=\"og:url\" content=\"https:\/\/www.miamibeachfl.gov\/ht\/miami-beach-celebrates-completion-of-ocean-terrace-park\/\" \/>\n<meta property=\"og:site_name\" content=\"City of Miami Beach\" \/>\n<meta property=\"article:publisher\" content=\"https:\/\/www.facebook.com\/cityofmiamibeach\" \/>\n<meta property=\"article:published_time\" content=\"2025-09-30T18:09:00+00:00\" \/>\n<meta property=\"article:modified_time\" content=\"2025-09-30T18:46:49+00:00\" \/>\n<meta property=\"og:image\" content=\"https:\/\/www.miamibeachfl.gov\/wp-content\/uploads\/2023\/12\/icon-facebook.png\" \/>\n<meta name=\"author\" content=\"Emily Castillo\" \/>\n<meta name=\"twitter:card\" content=\"summary_large_image\" \/>\n<meta name=\"twitter:creator\" content=\"@Miamibeachnews\" \/>\n<meta name=\"twitter:site\" content=\"@Miamibeachnews\" \/>\n<script type=\"application\/ld+json\" class=\"yoast-schema-graph\">{\"@context\":\"https:\\\/\\\/schema.org\",\"@graph\":[{\"@type\":\"Article\",\"@id\":\"https:\\\/\\\/www.miamibeachfl.gov\\\/miami-beach-celebrates-completion-of-ocean-terrace-park\\\/#article\",\"isPartOf\":{\"@id\":\"https:\\\/\\\/www.miamibeachfl.gov\\\/miami-beach-celebrates-completion-of-ocean-terrace-park\\\/\"},\"author\":{\"name\":\"Emily Castillo\",\"@id\":\"https:\\\/\\\/www.miamibeachfl.gov\\\/#\\\/schema\\\/person\\\/7b37a95841b5231439bceb3fe7f46378\"},\"headline\":\"Miami Beach Celebrates Completion of Ocean Terrace Park\",\"datePublished\":\"2025-09-30T18:09:00+00:00\",\"dateModified\":\"2025-09-30T18:46:49+00:00\",\"mainEntityOfPage\":{\"@id\":\"https:\\\/\\\/www.miamibeachfl.gov\\\/miami-beach-celebrates-completion-of-ocean-terrace-park\\\/\"},\"wordCount\":492,\"publisher\":{\"@id\":\"https:\\\/\\\/www.miamibeachfl.gov\\\/#organization\"},\"image\":{\"@id\":\"https:\\\/\\\/www.miamibeachfl.gov\\\/miami-beach-celebrates-completion-of-ocean-terrace-park\\\/#primaryimage\"},\"thumbnailUrl\":\"https:\\\/\\\/www.miamibeachfl.gov\\\/wp-content\\\/uploads\\\/2023\\\/12\\\/icon-facebook.png\",\"articleSection\":[\"2025 Press Releases\"],\"inLanguage\":\"ht\"},{\"@type\":\"WebPage\",\"@id\":\"https:\\\/\\\/www.miamibeachfl.gov\\\/miami-beach-celebrates-completion-of-ocean-terrace-park\\\/\",\"url\":\"https:\\\/\\\/www.miamibeachfl.gov\\\/miami-beach-celebrates-completion-of-ocean-terrace-park\\\/\",\"name\":\"Miami Beach Celebrates Completion of Ocean Terrace Park - City of Miami Beach\",\"isPartOf\":{\"@id\":\"https:\\\/\\\/www.miamibeachfl.gov\\\/#website\"},\"primaryImageOfPage\":{\"@id\":\"https:\\\/\\\/www.miamibeachfl.gov\\\/miami-beach-celebrates-completion-of-ocean-terrace-park\\\/#primaryimage\"},\"image\":{\"@id\":\"https:\\\/\\\/www.miamibeachfl.gov\\\/miami-beach-celebrates-completion-of-ocean-terrace-park\\\/#primaryimage\"},\"thumbnailUrl\":\"https:\\\/\\\/www.miamibeachfl.gov\\\/wp-content\\\/uploads\\\/2023\\\/12\\\/icon-facebook.png\",\"datePublished\":\"2025-09-30T18:09:00+00:00\",\"dateModified\":\"2025-09-30T18:46:49+00:00\",\"description\":\"The City of Miami Beach will hold a grand opening ceremony on Friday, Oct. 3 at 3:30 p.m. to celebrate the city\u2019s new Ocean Terrace Park.\",\"breadcrumb\":{\"@id\":\"https:\\\/\\\/www.miamibeachfl.gov\\\/miami-beach-celebrates-completion-of-ocean-terrace-park\\\/#breadcrumb\"},\"inLanguage\":\"ht\",\"potentialAction\":[{\"@type\":\"ReadAction\",\"target\":[\"https:\\\/\\\/www.miamibeachfl.gov\\\/miami-beach-celebrates-completion-of-ocean-terrace-park\\\/\"]}]},{\"@type\":\"ImageObject\",\"inLanguage\":\"ht\",\"@id\":\"https:\\\/\\\/www.miamibeachfl.gov\\\/miami-beach-celebrates-completion-of-ocean-terrace-park\\\/#primaryimage\",\"url\":\"https:\\\/\\\/www.miamibeachfl.gov\\\/wp-content\\\/uploads\\\/2023\\\/12\\\/icon-facebook.png\",\"contentUrl\":\"https:\\\/\\\/www.miamibeachfl.gov\\\/wp-content\\\/uploads\\\/2023\\\/12\\\/icon-facebook.png\"},{\"@type\":\"BreadcrumbList\",\"@id\":\"https:\\\/\\\/www.miamibeachfl.gov\\\/miami-beach-celebrates-completion-of-ocean-terrace-park\\\/#breadcrumb\",\"itemListElement\":[{\"@type\":\"ListItem\",\"position\":1,\"name\":\"Home\",\"item\":\"https:\\\/\\\/www.miamibeachfl.gov\\\/\"},{\"@type\":\"ListItem\",\"position\":2,\"name\":\"Miami Beach Celebrates Completion of Ocean Terrace Park\"}]},{\"@type\":\"WebSite\",\"@id\":\"https:\\\/\\\/www.miamibeachfl.gov\\\/#website\",\"url\":\"https:\\\/\\\/www.miamibeachfl.gov\\\/\",\"name\":\"City of Miami Beach\",\"description\":\"The official website of the City of Miami Beach. Stay informed, find important information on city services, news, alerts, events, trolley routes, government employment and more.\",\"publisher\":{\"@id\":\"https:\\\/\\\/www.miamibeachfl.gov\\\/#organization\"},\"potentialAction\":[{\"@type\":\"SearchAction\",\"target\":{\"@type\":\"EntryPoint\",\"urlTemplate\":\"https:\\\/\\\/www.miamibeachfl.gov\\\/?s={search_term_string}\"},\"query-input\":{\"@type\":\"PropertyValueSpecification\",\"valueRequired\":true,\"valueName\":\"search_term_string\"}}],\"inLanguage\":\"ht\"},{\"@type\":\"Organization\",\"@id\":\"https:\\\/\\\/www.miamibeachfl.gov\\\/#organization\",\"name\":\"City of Miami Beach\",\"url\":\"https:\\\/\\\/www.miamibeachfl.gov\\\/\",\"logo\":{\"@type\":\"ImageObject\",\"inLanguage\":\"ht\",\"@id\":\"https:\\\/\\\/www.miamibeachfl.gov\\\/#\\\/schema\\\/logo\\\/image\\\/\",\"url\":\"https:\\\/\\\/www.miamibeachfl.gov\\\/wp-content\\\/uploads\\\/2022\\\/06\\\/miamibeach-logoblue.png\",\"contentUrl\":\"https:\\\/\\\/www.miamibeachfl.gov\\\/wp-content\\\/uploads\\\/2022\\\/06\\\/miamibeach-logoblue.png\",\"width\":1962,\"height\":381,\"caption\":\"City of Miami Beach\"},\"image\":{\"@id\":\"https:\\\/\\\/www.miamibeachfl.gov\\\/#\\\/schema\\\/logo\\\/image\\\/\"},\"sameAs\":[\"https:\\\/\\\/www.facebook.com\\\/cityofmiamibeach\",\"https:\\\/\\\/x.com\\\/Miamibeachnews\",\"https:\\\/\\\/www.instagram.com\\\/miamibeachnews\\\/\"],\"description\":\"The official website of the City of Miami Beach. Stay informed, find important information on city services, news, alerts, events, trolley routes, government employment and more.\",\"telephone\":\"305.604.CITY(2489)\",\"legalName\":\"City of Miami Beach\"},{\"@type\":\"Person\",\"@id\":\"https:\\\/\\\/www.miamibeachfl.gov\\\/#\\\/schema\\\/person\\\/7b37a95841b5231439bceb3fe7f46378\",\"name\":\"Emily Castillo\"}]}<\/script>\n<!-- \/ Yoast SEO Premium plugin. -->","yoast_head_json":{"title":"Miami Beach Selebre Finisman Pak Ocean Terrace la - Vil Miami Beach","description":"Vil Miami Beach pral \u00f2ganize yon gran seremoni ouv\u00e8ti vandredi 3 okt\u00f2b a 3:30 p.m. pou selebre nouvo Ocean Terrace Park vil la.","robots":{"index":"index","follow":"follow","max-snippet":"max-snippet:-1","max-image-preview":"max-image-preview:large","max-video-preview":"max-video-preview:-1"},"canonical":"https:\/\/www.miamibeachfl.gov\/ht\/miami-beach-celebrates-completion-of-ocean-terrace-park\/","og_locale":"ht_HT","og_type":"article","og_title":"Miami Beach Celebrates Completion of Ocean Terrace Park","og_description":"The City of Miami Beach will hold a grand opening ceremony on Friday, Oct. 3 at 3:30 p.m. to celebrate the city\u2019s new Ocean Terrace Park.","og_url":"https:\/\/www.miamibeachfl.gov\/ht\/miami-beach-celebrates-completion-of-ocean-terrace-park\/","og_site_name":"City of Miami Beach","article_publisher":"https:\/\/www.facebook.com\/cityofmiamibeach","article_published_time":"2025-09-30T18:09:00+00:00","article_modified_time":"2025-09-30T18:46:49+00:00","og_image":[{"url":"https:\/\/www.miamibeachfl.gov\/wp-content\/uploads\/2023\/12\/icon-facebook.png","type":"","width":"","height":""}],"author":"Emily Castillo","twitter_card":"summary_large_image","twitter_creator":"@Miamibeachnews","twitter_site":"@Miamibeachnews","schema":{"@context":"https:\/\/schema.org","@graph":[{"@type":"Article","@id":"https:\/\/www.miamibeachfl.gov\/miami-beach-celebrates-completion-of-ocean-terrace-park\/#article","isPartOf":{"@id":"https:\/\/www.miamibeachfl.gov\/miami-beach-celebrates-completion-of-ocean-terrace-park\/"},"author":{"name":"Emily Castillo","@id":"https:\/\/www.miamibeachfl.gov\/#\/schema\/person\/7b37a95841b5231439bceb3fe7f46378"},"headline":"Miami Beach Celebrates Completion of Ocean Terrace Park","datePublished":"2025-09-30T18:09:00+00:00","dateModified":"2025-09-30T18:46:49+00:00","mainEntityOfPage":{"@id":"https:\/\/www.miamibeachfl.gov\/miami-beach-celebrates-completion-of-ocean-terrace-park\/"},"wordCount":492,"publisher":{"@id":"https:\/\/www.miamibeachfl.gov\/#organization"},"image":{"@id":"https:\/\/www.miamibeachfl.gov\/miami-beach-celebrates-completion-of-ocean-terrace-park\/#primaryimage"},"thumbnailUrl":"https:\/\/www.miamibeachfl.gov\/wp-content\/uploads\/2023\/12\/icon-facebook.png","articleSection":["2025 Press Releases"],"inLanguage":"ht"},{"@type":"WebPage","@id":"https:\/\/www.miamibeachfl.gov\/miami-beach-celebrates-completion-of-ocean-terrace-park\/","url":"https:\/\/www.miamibeachfl.gov\/miami-beach-celebrates-completion-of-ocean-terrace-park\/","name":"Miami Beach Selebre Finisman Pak Ocean Terrace la - Vil Miami Beach","isPartOf":{"@id":"https:\/\/www.miamibeachfl.gov\/#website"},"primaryImageOfPage":{"@id":"https:\/\/www.miamibeachfl.gov\/miami-beach-celebrates-completion-of-ocean-terrace-park\/#primaryimage"},"image":{"@id":"https:\/\/www.miamibeachfl.gov\/miami-beach-celebrates-completion-of-ocean-terrace-park\/#primaryimage"},"thumbnailUrl":"https:\/\/www.miamibeachfl.gov\/wp-content\/uploads\/2023\/12\/icon-facebook.png","datePublished":"2025-09-30T18:09:00+00:00","dateModified":"2025-09-30T18:46:49+00:00","description":"Vil Miami Beach pral \u00f2ganize yon gran seremoni ouv\u00e8ti vandredi 3 okt\u00f2b a 3:30 p.m. pou selebre nouvo Ocean Terrace Park vil la.","breadcrumb":{"@id":"https:\/\/www.miamibeachfl.gov\/miami-beach-celebrates-completion-of-ocean-terrace-park\/#breadcrumb"},"inLanguage":"ht","potentialAction":[{"@type":"ReadAction","target":["https:\/\/www.miamibeachfl.gov\/miami-beach-celebrates-completion-of-ocean-terrace-park\/"]}]},{"@type":"ImageObject","inLanguage":"ht","@id":"https:\/\/www.miamibeachfl.gov\/miami-beach-celebrates-completion-of-ocean-terrace-park\/#primaryimage","url":"https:\/\/www.miamibeachfl.gov\/wp-content\/uploads\/2023\/12\/icon-facebook.png","contentUrl":"https:\/\/www.miamibeachfl.gov\/wp-content\/uploads\/2023\/12\/icon-facebook.png"},{"@type":"BreadcrumbList","@id":"https:\/\/www.miamibeachfl.gov\/miami-beach-celebrates-completion-of-ocean-terrace-park\/#breadcrumb","itemListElement":[{"@type":"ListItem","position":1,"name":"Home","item":"https:\/\/www.miamibeachfl.gov\/"},{"@type":"ListItem","position":2,"name":"Miami Beach Celebrates Completion of Ocean Terrace Park"}]},{"@type":"WebSite","@id":"https:\/\/www.miamibeachfl.gov\/#website","url":"https:\/\/www.miamibeachfl.gov\/","name":"Vil Miami Beach","description":"Sitw\u00e8b ofisy\u00e8l Vil Miami Beach la. Rete enf\u00f2me, jwenn enf\u00f2masyon enp\u00f2tan sou s\u00e8vis vil la, nouv\u00e8l, al\u00e8t, ev\u00e8nman, wout tramway, travay gouv\u00e8nman an ak plis ank\u00f2.","publisher":{"@id":"https:\/\/www.miamibeachfl.gov\/#organization"},"potentialAction":[{"@type":"SearchAction","target":{"@type":"EntryPoint","urlTemplate":"https:\/\/www.miamibeachfl.gov\/?s={search_term_string}"},"query-input":{"@type":"PropertyValueSpecification","valueRequired":true,"valueName":"search_term_string"}}],"inLanguage":"ht"},{"@type":"Organization","@id":"https:\/\/www.miamibeachfl.gov\/#organization","name":"Vil Miami Beach","url":"https:\/\/www.miamibeachfl.gov\/","logo":{"@type":"ImageObject","inLanguage":"ht","@id":"https:\/\/www.miamibeachfl.gov\/#\/schema\/logo\/image\/","url":"https:\/\/www.miamibeachfl.gov\/wp-content\/uploads\/2022\/06\/miamibeach-logoblue.png","contentUrl":"https:\/\/www.miamibeachfl.gov\/wp-content\/uploads\/2022\/06\/miamibeach-logoblue.png","width":1962,"height":381,"caption":"City of Miami Beach"},"image":{"@id":"https:\/\/www.miamibeachfl.gov\/#\/schema\/logo\/image\/"},"sameAs":["https:\/\/www.facebook.com\/cityofmiamibeach","https:\/\/x.com\/Miamibeachnews","https:\/\/www.instagram.com\/miamibeachnews\/"],"description":"Sitw\u00e8b ofisy\u00e8l Vil Miami Beach la. Rete enf\u00f2me, jwenn enf\u00f2masyon enp\u00f2tan sou s\u00e8vis vil la, nouv\u00e8l, al\u00e8t, ev\u00e8nman, wout tramway, travay gouv\u00e8nman an ak plis ank\u00f2.","telephone":"305.604.CITY(2489)","legalName":"City of Miami Beach"},{"@type":"Person","@id":"https:\/\/www.miamibeachfl.gov\/#\/schema\/person\/7b37a95841b5231439bceb3fe7f46378","name":"Emily Castillo"}]}},"_links":{"self":[{"href":"https:\/\/www.miamibeachfl.gov\/ht\/wp-json\/wp\/v2\/posts\/389540","targetHints":{"allow":["GET"]}}],"collection":[{"href":"https:\/\/www.miamibeachfl.gov\/ht\/wp-json\/wp\/v2\/posts"}],"about":[{"href":"https:\/\/www.miamibeachfl.gov\/ht\/wp-json\/wp\/v2\/types\/post"}],"author":[{"embeddable":true,"href":"https:\/\/www.miamibeachfl.gov\/ht\/wp-json\/wp\/v2\/users\/361"}],"replies":[{"embeddable":true,"href":"https:\/\/www.miamibeachfl.gov\/ht\/wp-json\/wp\/v2\/comments?post=389540"}],"version-history":[{"count":3,"href":"https:\/\/www.miamibeachfl.gov\/ht\/wp-json\/wp\/v2\/posts\/389540\/revisions"}],"predecessor-version":[{"id":389547,"href":"https:\/\/www.miamibeachfl.gov\/ht\/wp-json\/wp\/v2\/posts\/389540\/revisions\/389547"}],"wp:attachment":[{"href":"https:\/\/www.miamibeachfl.gov\/ht\/wp-json\/wp\/v2\/media?parent=389540"}],"wp:term":[{"taxonomy":"category","embeddable":true,"href":"https:\/\/www.miamibeachfl.gov\/ht\/wp-json\/wp\/v2\/categories?post=389540"},{"taxonomy":"post_tag","embeddable":true,"href":"https:\/\/www.miamibeachfl.gov\/ht\/wp-json\/wp\/v2\/tags?post=389540"}],"curies":[{"name":"wp","href":"https:\/\/api.w.org\/{rel}","templated":true}]}}