{"id":389769,"date":"2025-10-03T12:03:00","date_gmt":"2025-10-03T16:03:00","guid":{"rendered":"https:\/\/www.miamibeachfl.gov\/?p=389769"},"modified":"2025-10-03T14:12:56","modified_gmt":"2025-10-03T18:12:56","slug":"miami-beach-marks-second-anniversary-of-attack-on-israel","status":"publish","type":"post","link":"https:\/\/www.miamibeachfl.gov\/ht\/miami-beach-marks-second-anniversary-of-attack-on-israel\/","title":{"rendered":"Miami Beach make dezy\u00e8m aniv\u00e8s\u00e8 atak sou Izray\u00e8l la"},"content":{"rendered":"<a href=\"https:\/\/www.miamibeachfl.gov\/wp-content\/uploads\/2025\/10\/Miami-Beach-Marks-Second-Anniversary-of-Attack-on-Israel-003.pdf\" target=\"_blank\" rel=\"noopener\">\n\t\t\t\t\t\tTelechaje Kominike pou lapr\u00e8s la\n\t\t\t\t\t<\/a>\n<h2>\n\t\t\tPataje:\t<\/h2>\n\t\t\t\t\t\t\t\t\t\t<a class= \"uabb-ss-grid-button-link\" href=\"https:\/\/www.facebook.com\/sharer.php?u=https%3A%2F%2Fwww.miamibeachfl.gov%2F%3Fp%3D389769%26fl_builder\" target=\"_blank\" onclick=\"window.open(this.href,'social-share','left=20,top=20,width=500,height=500,toolbar=1,resizable=0');return false;\">\n\t\t\t\t\t\t\t\t\t\t\t\t\t\t\t\t\t\t\t\t\t\t\t<img decoding=\"async\" src=\"https:\/\/www.miamibeachfl.gov\/wp-content\/uploads\/2023\/12\/icon-facebook.png\" alt=\"283216\"\/>\n\t\t\t\t\t\t\t\t\t\t<\/a>\n\t\t\t\t\t\t\t\t\t\t<a class= \"uabb-ss-grid-button-link\" href=\"https:\/\/twitter.com\/share?url=https%3A%2F%2Fwww.miamibeachfl.gov%2F%3Fp%3D389769%26fl_builder\" target=\"_blank\" onclick=\"window.open(this.href,'social-share','left=20,top=20,width=500,height=500,toolbar=1,resizable=0');return false;\">\n\t\t\t\t\t\t\t\t\t\t\t\t\t\t\t\t\t\t\t\t\t\t\t<img decoding=\"async\" src=\"https:\/\/www.miamibeachfl.gov\/wp-content\/uploads\/2023\/12\/icon-twitterx.png\" alt=\"283218\"\/>\n\t\t\t\t\t\t\t\t\t\t<\/a>\n\t\t\t\t\t\t\t\t\t\t<a class= \"uabb-ss-grid-button-link\" href=\"https:\/\/www.linkedin.com\/shareArticle?url=https%3A%2F%2Fwww.miamibeachfl.gov%2F%3Fp%3D389769%26fl_builder\" target=\"_blank\" onclick=\"window.open(this.href,'social-share','left=20,top=20,width=500,height=500,toolbar=1,resizable=0');return false;\">\n\t\t\t\t\t\t\t\t\t\t\t\t\t\t\t\t\t\t\t\t\t\t\t<img decoding=\"async\" src=\"https:\/\/www.miamibeachfl.gov\/wp-content\/uploads\/2023\/12\/icon-linkedin.png\" alt=\"283217\"\/>\n\t\t\t\t\t\t\t\t\t\t<\/a>\n<h2>\n\t\t\tpou lage imedya\t<\/h2>\n<h2>\n\t\t\t3 okt\u00f2b 2025\t<\/h2>\n<h3>\n\t\t\t-City officials will reflect on the second anniversary of the Hamas attack on Israel  Monday, Oct. 6 at 10 a.m. &#8211;\t<\/h3>\n\t<p><strong>Miami Beach, Florid<\/strong> &#8211; Mayor Steven Meiner alongside the City Commission will reaffirm support for Israel at a ceremony on <strong>Lendi 6 okt\u00f2b a 10\u00e8 dimaten<\/strong> pou make atak teworis 7 okt\u00f2b 2023 la ki te dirije pa Hamas. Pr\u00e8ske 1,200 Izrayelyen te asasinen, tankou fanm ak timoun. Yo toujou kw\u00e8 k\u00e8k nan plis pase 250 otaj yo te kidnape dezan de sa yo kenbe kaptif.<\/p>\n<p>&#8220;Two years ago, Hamas terrorists carried out a barbaric attack that left innocent Israelis murdered and families shattered,&#8221; said <strong>Majistra Miami Beach Steven Meiner<\/strong>. &#8220;As we mark this painful anniversary, Miami Beach stands firmly with Israel and with the hostages who remain in captivity. Our city&#8217;s bond with Israel is rooted in shared values of freedom, democracy, and resilience, and we will never waver in our support.&#8221;<\/p>\n<p>Ev\u00e8nman an ap f\u00e8t dey\u00f2 kaz\u00e8n ponpye nimewo 2 Miami Beach la. <strong>2300 Pine Tree Drive.<\/strong><\/p>\n<p>Shortly after the massacre, eight Miami Beach firefighters volunteered to travel to Israel. The firefighters filled in for some of the country&#8217;s first responders who were called to military service.<\/p>\n<p>Ane pase a, vil la te ofri yon anbilans bay vil koty\u00e8 Izrayelyen Nahariya a. Zanmi Ameriken Magen David Adom yo te aksepte kado a an on\u00e8 p\u00e8p Nahariya a, yon vil s\u00e8 ak Miami Beach.<\/p>\n<p>###<\/p>\n<p>KIL\u00c8:\u00a0\u00a0\u00a0\u00a0\u00a0\u00a0\u00a0\u00a0\u00a0\u00a0\u00a0\u00a0\u00a0\u00a0\u00a0\u00a0\u00a0\u00a0\u00a0\u00a0\u00a0\u00a0 <strong>Lendi 6 okt\u00f2b a 10\u00e8 dimaten<\/strong><\/p>\n<p>KI KOTE: Katye Jeneral Ponpye Miami Beach nan Estasyon Ponpye No 2<\/p>\n<p>\u00a0 \u00a0 \u00a0 \u00a0 \u00a0 \u00a0 \u00a0 \u00a0 \u00a0 \u00a0 \u00a0 \u00a0 \u00a0 \u00a0 \u00a0 \u00a0 \u00a0 2300 Pine Tree Drive, Miami Beach.<\/p>\n###<br \/>\n<em><br \/>\n<\/em><em>Pou mande matery\u00e8l sa a nan yon l\u00f2t f\u00f2ma, yon ent\u00e8pr\u00e8t lang siy (ou bezwen yon avi senk jou), enf\u00f2masyon sou aks\u00e8 pou moun ki andikape, ak\/oswa nenp\u00f2t aranjman pou revize nenp\u00f2t dokiman oswa patisipe nan nenp\u00f2t pwosedi vil la ap \u00f2ganize, rele 305.604.2ADA (2232) epi chwazi 1 pou angle oswa 2 pou pany\u00f2l, answit opsyon 6; itilizat\u00e8 TTY yo ka rele atrav\u00e8 711 (S\u00e8vis Rel\u00e8 Florid).<\/em>","protected":false},"excerpt":{"rendered":"<p>Download Press Release Share: for immediate release Oct. 3, 2025 -City officials will reflect on the second anniversary of the [&hellip;]<\/p>\n","protected":false},"author":361,"featured_media":0,"comment_status":"closed","ping_status":"closed","sticky":false,"template":"","format":"standard","meta":{"_searchwp_excluded":"","site-sidebar-layout":"default","site-content-layout":"","ast-site-content-layout":"default","site-content-style":"default","site-sidebar-style":"default","ast-global-header-display":"","ast-banner-title-visibility":"","ast-main-header-display":"","ast-hfb-above-header-display":"","ast-hfb-below-header-display":"","ast-hfb-mobile-header-display":"","site-post-title":"","ast-breadcrumbs-content":"","ast-featured-img":"","footer-sml-layout":"","theme-transparent-header-meta":"","adv-header-id-meta":"","stick-header-meta":"","header-above-stick-meta":"","header-main-stick-meta":"","header-below-stick-meta":"","astra-migrate-meta-layouts":"default","ast-page-background-enabled":"default","ast-page-background-meta":{"desktop":{"background-color":"var(--ast-global-color-5)","background-image":"","background-repeat":"repeat","background-position":"center center","background-size":"auto","background-attachment":"scroll","background-type":"","background-media":"","overlay-type":"","overlay-color":"","overlay-opacity":"","overlay-gradient":""},"tablet":{"background-color":"","background-image":"","background-repeat":"repeat","background-position":"center center","background-size":"auto","background-attachment":"scroll","background-type":"","background-media":"","overlay-type":"","overlay-color":"","overlay-opacity":"","overlay-gradient":""},"mobile":{"background-color":"","background-image":"","background-repeat":"repeat","background-position":"center center","background-size":"auto","background-attachment":"scroll","background-type":"","background-media":"","overlay-type":"","overlay-color":"","overlay-opacity":"","overlay-gradient":""}},"ast-content-background-meta":{"desktop":{"background-color":"var(--ast-global-color-4)","background-image":"","background-repeat":"repeat","background-position":"center center","background-size":"auto","background-attachment":"scroll","background-type":"","background-media":"","overlay-type":"","overlay-color":"","overlay-opacity":"","overlay-gradient":""},"tablet":{"background-color":"var(--ast-global-color-4)","background-image":"","background-repeat":"repeat","background-position":"center center","background-size":"auto","background-attachment":"scroll","background-type":"","background-media":"","overlay-type":"","overlay-color":"","overlay-opacity":"","overlay-gradient":""},"mobile":{"background-color":"var(--ast-global-color-4)","background-image":"","background-repeat":"repeat","background-position":"center center","background-size":"auto","background-attachment":"scroll","background-type":"","background-media":"","overlay-type":"","overlay-color":"","overlay-opacity":"","overlay-gradient":""}},"footnotes":""},"categories":[1664],"tags":[],"class_list":["post-389769","post","type-post","status-publish","format-standard","hentry","category-2025-press-releases"],"yoast_head":"<!-- This site is optimized with the Yoast SEO Premium plugin v27.4 (Yoast SEO v27.4) - https:\/\/yoast.com\/product\/yoast-seo-premium-wordpress\/ -->\n<title>Miami Beach Marks Second Anniversary of Attack on Israel - City of Miami Beach<\/title>\n<meta name=\"description\" content=\"Mayor Steven Meiner alongside the City Commission will reaffirm support for Israel at a ceremony on Monday, Oct. 6 at 10 a.m. to mark the Oct. 7, 2023.\" \/>\n<meta name=\"robots\" content=\"index, follow, max-snippet:-1, max-image-preview:large, max-video-preview:-1\" \/>\n<link rel=\"canonical\" href=\"https:\/\/www.miamibeachfl.gov\/ht\/miami-beach-marks-second-anniversary-of-attack-on-israel\/\" \/>\n<meta property=\"og:locale\" content=\"ht_HT\" \/>\n<meta property=\"og:type\" content=\"article\" \/>\n<meta property=\"og:title\" content=\"Miami Beach Marks Second Anniversary of Attack on Israel\" \/>\n<meta property=\"og:description\" content=\"Mayor Steven Meiner alongside the City Commission will reaffirm support for Israel at a ceremony on Monday, Oct. 6 at 10 a.m. to mark the Oct. 7, 2023.\" \/>\n<meta property=\"og:url\" content=\"https:\/\/www.miamibeachfl.gov\/ht\/miami-beach-marks-second-anniversary-of-attack-on-israel\/\" \/>\n<meta property=\"og:site_name\" content=\"City of Miami Beach\" \/>\n<meta property=\"article:publisher\" content=\"https:\/\/www.facebook.com\/cityofmiamibeach\" \/>\n<meta property=\"article:published_time\" content=\"2025-10-03T16:03:00+00:00\" \/>\n<meta property=\"article:modified_time\" content=\"2025-10-03T18:12:56+00:00\" \/>\n<meta property=\"og:image\" content=\"https:\/\/www.miamibeachfl.gov\/wp-content\/uploads\/2023\/12\/icon-facebook.png\" \/>\n<meta name=\"author\" content=\"Emily Castillo\" \/>\n<meta name=\"twitter:card\" content=\"summary_large_image\" \/>\n<meta name=\"twitter:creator\" content=\"@Miamibeachnews\" \/>\n<meta name=\"twitter:site\" content=\"@Miamibeachnews\" \/>\n<script type=\"application\/ld+json\" class=\"yoast-schema-graph\">{\"@context\":\"https:\\\/\\\/schema.org\",\"@graph\":[{\"@type\":\"Article\",\"@id\":\"https:\\\/\\\/www.miamibeachfl.gov\\\/miami-beach-marks-second-anniversary-of-attack-on-israel\\\/#article\",\"isPartOf\":{\"@id\":\"https:\\\/\\\/www.miamibeachfl.gov\\\/miami-beach-marks-second-anniversary-of-attack-on-israel\\\/\"},\"author\":{\"name\":\"Emily Castillo\",\"@id\":\"https:\\\/\\\/www.miamibeachfl.gov\\\/#\\\/schema\\\/person\\\/7b37a95841b5231439bceb3fe7f46378\"},\"headline\":\"Miami Beach Marks Second Anniversary of Attack on Israel\",\"datePublished\":\"2025-10-03T16:03:00+00:00\",\"dateModified\":\"2025-10-03T18:12:56+00:00\",\"mainEntityOfPage\":{\"@id\":\"https:\\\/\\\/www.miamibeachfl.gov\\\/miami-beach-marks-second-anniversary-of-attack-on-israel\\\/\"},\"wordCount\":320,\"publisher\":{\"@id\":\"https:\\\/\\\/www.miamibeachfl.gov\\\/#organization\"},\"image\":{\"@id\":\"https:\\\/\\\/www.miamibeachfl.gov\\\/miami-beach-marks-second-anniversary-of-attack-on-israel\\\/#primaryimage\"},\"thumbnailUrl\":\"https:\\\/\\\/www.miamibeachfl.gov\\\/wp-content\\\/uploads\\\/2023\\\/12\\\/icon-facebook.png\",\"articleSection\":[\"2025 Press Releases\"],\"inLanguage\":\"ht\"},{\"@type\":\"WebPage\",\"@id\":\"https:\\\/\\\/www.miamibeachfl.gov\\\/miami-beach-marks-second-anniversary-of-attack-on-israel\\\/\",\"url\":\"https:\\\/\\\/www.miamibeachfl.gov\\\/miami-beach-marks-second-anniversary-of-attack-on-israel\\\/\",\"name\":\"Miami Beach Marks Second Anniversary of Attack on Israel - City of Miami Beach\",\"isPartOf\":{\"@id\":\"https:\\\/\\\/www.miamibeachfl.gov\\\/#website\"},\"primaryImageOfPage\":{\"@id\":\"https:\\\/\\\/www.miamibeachfl.gov\\\/miami-beach-marks-second-anniversary-of-attack-on-israel\\\/#primaryimage\"},\"image\":{\"@id\":\"https:\\\/\\\/www.miamibeachfl.gov\\\/miami-beach-marks-second-anniversary-of-attack-on-israel\\\/#primaryimage\"},\"thumbnailUrl\":\"https:\\\/\\\/www.miamibeachfl.gov\\\/wp-content\\\/uploads\\\/2023\\\/12\\\/icon-facebook.png\",\"datePublished\":\"2025-10-03T16:03:00+00:00\",\"dateModified\":\"2025-10-03T18:12:56+00:00\",\"description\":\"Mayor Steven Meiner alongside the City Commission will reaffirm support for Israel at a ceremony on Monday, Oct. 6 at 10 a.m. to mark the Oct. 7, 2023.\",\"breadcrumb\":{\"@id\":\"https:\\\/\\\/www.miamibeachfl.gov\\\/miami-beach-marks-second-anniversary-of-attack-on-israel\\\/#breadcrumb\"},\"inLanguage\":\"ht\",\"potentialAction\":[{\"@type\":\"ReadAction\",\"target\":[\"https:\\\/\\\/www.miamibeachfl.gov\\\/miami-beach-marks-second-anniversary-of-attack-on-israel\\\/\"]}]},{\"@type\":\"ImageObject\",\"inLanguage\":\"ht\",\"@id\":\"https:\\\/\\\/www.miamibeachfl.gov\\\/miami-beach-marks-second-anniversary-of-attack-on-israel\\\/#primaryimage\",\"url\":\"https:\\\/\\\/www.miamibeachfl.gov\\\/wp-content\\\/uploads\\\/2023\\\/12\\\/icon-facebook.png\",\"contentUrl\":\"https:\\\/\\\/www.miamibeachfl.gov\\\/wp-content\\\/uploads\\\/2023\\\/12\\\/icon-facebook.png\"},{\"@type\":\"BreadcrumbList\",\"@id\":\"https:\\\/\\\/www.miamibeachfl.gov\\\/miami-beach-marks-second-anniversary-of-attack-on-israel\\\/#breadcrumb\",\"itemListElement\":[{\"@type\":\"ListItem\",\"position\":1,\"name\":\"Home\",\"item\":\"https:\\\/\\\/www.miamibeachfl.gov\\\/\"},{\"@type\":\"ListItem\",\"position\":2,\"name\":\"Miami Beach Marks Second Anniversary of Attack on Israel\"}]},{\"@type\":\"WebSite\",\"@id\":\"https:\\\/\\\/www.miamibeachfl.gov\\\/#website\",\"url\":\"https:\\\/\\\/www.miamibeachfl.gov\\\/\",\"name\":\"City of Miami Beach\",\"description\":\"The official website of the City of Miami Beach. Stay informed, find important information on city services, news, alerts, events, trolley routes, government employment and more.\",\"publisher\":{\"@id\":\"https:\\\/\\\/www.miamibeachfl.gov\\\/#organization\"},\"potentialAction\":[{\"@type\":\"SearchAction\",\"target\":{\"@type\":\"EntryPoint\",\"urlTemplate\":\"https:\\\/\\\/www.miamibeachfl.gov\\\/?s={search_term_string}\"},\"query-input\":{\"@type\":\"PropertyValueSpecification\",\"valueRequired\":true,\"valueName\":\"search_term_string\"}}],\"inLanguage\":\"ht\"},{\"@type\":\"Organization\",\"@id\":\"https:\\\/\\\/www.miamibeachfl.gov\\\/#organization\",\"name\":\"City of Miami Beach\",\"url\":\"https:\\\/\\\/www.miamibeachfl.gov\\\/\",\"logo\":{\"@type\":\"ImageObject\",\"inLanguage\":\"ht\",\"@id\":\"https:\\\/\\\/www.miamibeachfl.gov\\\/#\\\/schema\\\/logo\\\/image\\\/\",\"url\":\"https:\\\/\\\/www.miamibeachfl.gov\\\/wp-content\\\/uploads\\\/2022\\\/06\\\/miamibeach-logoblue.png\",\"contentUrl\":\"https:\\\/\\\/www.miamibeachfl.gov\\\/wp-content\\\/uploads\\\/2022\\\/06\\\/miamibeach-logoblue.png\",\"width\":1962,\"height\":381,\"caption\":\"City of Miami Beach\"},\"image\":{\"@id\":\"https:\\\/\\\/www.miamibeachfl.gov\\\/#\\\/schema\\\/logo\\\/image\\\/\"},\"sameAs\":[\"https:\\\/\\\/www.facebook.com\\\/cityofmiamibeach\",\"https:\\\/\\\/x.com\\\/Miamibeachnews\",\"https:\\\/\\\/www.instagram.com\\\/miamibeachnews\\\/\"],\"description\":\"The official website of the City of Miami Beach. Stay informed, find important information on city services, news, alerts, events, trolley routes, government employment and more.\",\"telephone\":\"305.604.CITY(2489)\",\"legalName\":\"City of Miami Beach\"},{\"@type\":\"Person\",\"@id\":\"https:\\\/\\\/www.miamibeachfl.gov\\\/#\\\/schema\\\/person\\\/7b37a95841b5231439bceb3fe7f46378\",\"name\":\"Emily Castillo\"}]}<\/script>\n<!-- \/ Yoast SEO Premium plugin. -->","yoast_head_json":{"title":"Miami Beach Marks Second Anniversary of Attack on Israel - City of Miami Beach","description":"Mayor Steven Meiner alongside the City Commission will reaffirm support for Israel at a ceremony on Monday, Oct. 6 at 10 a.m. to mark the Oct. 7, 2023.","robots":{"index":"index","follow":"follow","max-snippet":"max-snippet:-1","max-image-preview":"max-image-preview:large","max-video-preview":"max-video-preview:-1"},"canonical":"https:\/\/www.miamibeachfl.gov\/ht\/miami-beach-marks-second-anniversary-of-attack-on-israel\/","og_locale":"ht_HT","og_type":"article","og_title":"Miami Beach Marks Second Anniversary of Attack on Israel","og_description":"Mayor Steven Meiner alongside the City Commission will reaffirm support for Israel at a ceremony on Monday, Oct. 6 at 10 a.m. to mark the Oct. 7, 2023.","og_url":"https:\/\/www.miamibeachfl.gov\/ht\/miami-beach-marks-second-anniversary-of-attack-on-israel\/","og_site_name":"City of Miami Beach","article_publisher":"https:\/\/www.facebook.com\/cityofmiamibeach","article_published_time":"2025-10-03T16:03:00+00:00","article_modified_time":"2025-10-03T18:12:56+00:00","og_image":[{"url":"https:\/\/www.miamibeachfl.gov\/wp-content\/uploads\/2023\/12\/icon-facebook.png","type":"","width":"","height":""}],"author":"Emily Castillo","twitter_card":"summary_large_image","twitter_creator":"@Miamibeachnews","twitter_site":"@Miamibeachnews","schema":{"@context":"https:\/\/schema.org","@graph":[{"@type":"Article","@id":"https:\/\/www.miamibeachfl.gov\/miami-beach-marks-second-anniversary-of-attack-on-israel\/#article","isPartOf":{"@id":"https:\/\/www.miamibeachfl.gov\/miami-beach-marks-second-anniversary-of-attack-on-israel\/"},"author":{"name":"Emily Castillo","@id":"https:\/\/www.miamibeachfl.gov\/#\/schema\/person\/7b37a95841b5231439bceb3fe7f46378"},"headline":"Miami Beach Marks Second Anniversary of Attack on Israel","datePublished":"2025-10-03T16:03:00+00:00","dateModified":"2025-10-03T18:12:56+00:00","mainEntityOfPage":{"@id":"https:\/\/www.miamibeachfl.gov\/miami-beach-marks-second-anniversary-of-attack-on-israel\/"},"wordCount":320,"publisher":{"@id":"https:\/\/www.miamibeachfl.gov\/#organization"},"image":{"@id":"https:\/\/www.miamibeachfl.gov\/miami-beach-marks-second-anniversary-of-attack-on-israel\/#primaryimage"},"thumbnailUrl":"https:\/\/www.miamibeachfl.gov\/wp-content\/uploads\/2023\/12\/icon-facebook.png","articleSection":["2025 Press Releases"],"inLanguage":"ht"},{"@type":"WebPage","@id":"https:\/\/www.miamibeachfl.gov\/miami-beach-marks-second-anniversary-of-attack-on-israel\/","url":"https:\/\/www.miamibeachfl.gov\/miami-beach-marks-second-anniversary-of-attack-on-israel\/","name":"Miami Beach Marks Second Anniversary of Attack on Israel - City of Miami Beach","isPartOf":{"@id":"https:\/\/www.miamibeachfl.gov\/#website"},"primaryImageOfPage":{"@id":"https:\/\/www.miamibeachfl.gov\/miami-beach-marks-second-anniversary-of-attack-on-israel\/#primaryimage"},"image":{"@id":"https:\/\/www.miamibeachfl.gov\/miami-beach-marks-second-anniversary-of-attack-on-israel\/#primaryimage"},"thumbnailUrl":"https:\/\/www.miamibeachfl.gov\/wp-content\/uploads\/2023\/12\/icon-facebook.png","datePublished":"2025-10-03T16:03:00+00:00","dateModified":"2025-10-03T18:12:56+00:00","description":"Mayor Steven Meiner alongside the City Commission will reaffirm support for Israel at a ceremony on Monday, Oct. 6 at 10 a.m. to mark the Oct. 7, 2023.","breadcrumb":{"@id":"https:\/\/www.miamibeachfl.gov\/miami-beach-marks-second-anniversary-of-attack-on-israel\/#breadcrumb"},"inLanguage":"ht","potentialAction":[{"@type":"ReadAction","target":["https:\/\/www.miamibeachfl.gov\/miami-beach-marks-second-anniversary-of-attack-on-israel\/"]}]},{"@type":"ImageObject","inLanguage":"ht","@id":"https:\/\/www.miamibeachfl.gov\/miami-beach-marks-second-anniversary-of-attack-on-israel\/#primaryimage","url":"https:\/\/www.miamibeachfl.gov\/wp-content\/uploads\/2023\/12\/icon-facebook.png","contentUrl":"https:\/\/www.miamibeachfl.gov\/wp-content\/uploads\/2023\/12\/icon-facebook.png"},{"@type":"BreadcrumbList","@id":"https:\/\/www.miamibeachfl.gov\/miami-beach-marks-second-anniversary-of-attack-on-israel\/#breadcrumb","itemListElement":[{"@type":"ListItem","position":1,"name":"Home","item":"https:\/\/www.miamibeachfl.gov\/"},{"@type":"ListItem","position":2,"name":"Miami Beach Marks Second Anniversary of Attack on Israel"}]},{"@type":"WebSite","@id":"https:\/\/www.miamibeachfl.gov\/#website","url":"https:\/\/www.miamibeachfl.gov\/","name":"Vil Miami Beach","description":"Sitw\u00e8b ofisy\u00e8l Vil Miami Beach la. Rete enf\u00f2me, jwenn enf\u00f2masyon enp\u00f2tan sou s\u00e8vis vil la, nouv\u00e8l, al\u00e8t, ev\u00e8nman, wout tramway, travay gouv\u00e8nman an ak plis ank\u00f2.","publisher":{"@id":"https:\/\/www.miamibeachfl.gov\/#organization"},"potentialAction":[{"@type":"SearchAction","target":{"@type":"EntryPoint","urlTemplate":"https:\/\/www.miamibeachfl.gov\/?s={search_term_string}"},"query-input":{"@type":"PropertyValueSpecification","valueRequired":true,"valueName":"search_term_string"}}],"inLanguage":"ht"},{"@type":"Organization","@id":"https:\/\/www.miamibeachfl.gov\/#organization","name":"Vil Miami Beach","url":"https:\/\/www.miamibeachfl.gov\/","logo":{"@type":"ImageObject","inLanguage":"ht","@id":"https:\/\/www.miamibeachfl.gov\/#\/schema\/logo\/image\/","url":"https:\/\/www.miamibeachfl.gov\/wp-content\/uploads\/2022\/06\/miamibeach-logoblue.png","contentUrl":"https:\/\/www.miamibeachfl.gov\/wp-content\/uploads\/2022\/06\/miamibeach-logoblue.png","width":1962,"height":381,"caption":"City of Miami Beach"},"image":{"@id":"https:\/\/www.miamibeachfl.gov\/#\/schema\/logo\/image\/"},"sameAs":["https:\/\/www.facebook.com\/cityofmiamibeach","https:\/\/x.com\/Miamibeachnews","https:\/\/www.instagram.com\/miamibeachnews\/"],"description":"Sitw\u00e8b ofisy\u00e8l Vil Miami Beach la. Rete enf\u00f2me, jwenn enf\u00f2masyon enp\u00f2tan sou s\u00e8vis vil la, nouv\u00e8l, al\u00e8t, ev\u00e8nman, wout tramway, travay gouv\u00e8nman an ak plis ank\u00f2.","telephone":"305.604.CITY(2489)","legalName":"City of Miami Beach"},{"@type":"Person","@id":"https:\/\/www.miamibeachfl.gov\/#\/schema\/person\/7b37a95841b5231439bceb3fe7f46378","name":"Emily Castillo"}]}},"_links":{"self":[{"href":"https:\/\/www.miamibeachfl.gov\/ht\/wp-json\/wp\/v2\/posts\/389769","targetHints":{"allow":["GET"]}}],"collection":[{"href":"https:\/\/www.miamibeachfl.gov\/ht\/wp-json\/wp\/v2\/posts"}],"about":[{"href":"https:\/\/www.miamibeachfl.gov\/ht\/wp-json\/wp\/v2\/types\/post"}],"author":[{"embeddable":true,"href":"https:\/\/www.miamibeachfl.gov\/ht\/wp-json\/wp\/v2\/users\/361"}],"replies":[{"embeddable":true,"href":"https:\/\/www.miamibeachfl.gov\/ht\/wp-json\/wp\/v2\/comments?post=389769"}],"version-history":[{"count":3,"href":"https:\/\/www.miamibeachfl.gov\/ht\/wp-json\/wp\/v2\/posts\/389769\/revisions"}],"predecessor-version":[{"id":389773,"href":"https:\/\/www.miamibeachfl.gov\/ht\/wp-json\/wp\/v2\/posts\/389769\/revisions\/389773"}],"wp:attachment":[{"href":"https:\/\/www.miamibeachfl.gov\/ht\/wp-json\/wp\/v2\/media?parent=389769"}],"wp:term":[{"taxonomy":"category","embeddable":true,"href":"https:\/\/www.miamibeachfl.gov\/ht\/wp-json\/wp\/v2\/categories?post=389769"},{"taxonomy":"post_tag","embeddable":true,"href":"https:\/\/www.miamibeachfl.gov\/ht\/wp-json\/wp\/v2\/tags?post=389769"}],"curies":[{"name":"wp","href":"https:\/\/api.w.org\/{rel}","templated":true}]}}