{"id":392549,"date":"2025-11-25T09:33:00","date_gmt":"2025-11-25T14:33:00","guid":{"rendered":"https:\/\/www.miamibeachfl.gov\/?p=392549"},"modified":"2025-11-26T08:33:19","modified_gmt":"2025-11-26T13:33:19","slug":"doors-to-freedom-installation-to-be-unveiled-during-art-week-miami-beach","status":"publish","type":"post","link":"https:\/\/www.miamibeachfl.gov\/ht\/doors-to-freedom-installation-to-be-unveiled-during-art-week-miami-beach\/","title":{"rendered":"Enstalasyon &quot;P\u00f2t pou Lib\u00e8te&quot; a pral devwale pandan Sem\u00e8n Atizay Miami Beach la."},"content":{"rendered":"<a href=\"https:\/\/www.miamibeachfl.gov\/wp-content\/uploads\/2025\/11\/Doors-to-Freedom-Installation_Press-Release.pdf\" target=\"_blank\" rel=\"noopener\">\n\t\t\t\t\t\tTelechaje Kominike pou lapr\u00e8s la\n\t\t\t\t\t<\/a>\n<h2>\n\t\t\tPataje:\t<\/h2>\n\t\t\t\t\t\t\t\t\t\t<a class= \"uabb-ss-grid-button-link\" href=\"https:\/\/www.facebook.com\/sharer.php?u=https%3A%2F%2Fwww.miamibeachfl.gov%2F%3Fp%3D392549%26fl_builder\" target=\"_blank\" onclick=\"window.open(this.href,'social-share','left=20,top=20,width=500,height=500,toolbar=1,resizable=0');return false;\">\n\t\t\t\t\t\t\t\t\t\t\t\t\t\t\t\t\t\t\t\t\t\t\t<img decoding=\"async\" src=\"https:\/\/www.miamibeachfl.gov\/wp-content\/uploads\/2023\/12\/icon-facebook.png\" alt=\"283216\"\/>\n\t\t\t\t\t\t\t\t\t\t<\/a>\n\t\t\t\t\t\t\t\t\t\t<a class= \"uabb-ss-grid-button-link\" href=\"https:\/\/twitter.com\/share?url=https%3A%2F%2Fwww.miamibeachfl.gov%2F%3Fp%3D392549%26fl_builder\" target=\"_blank\" onclick=\"window.open(this.href,'social-share','left=20,top=20,width=500,height=500,toolbar=1,resizable=0');return false;\">\n\t\t\t\t\t\t\t\t\t\t\t\t\t\t\t\t\t\t\t\t\t\t\t<img decoding=\"async\" src=\"https:\/\/www.miamibeachfl.gov\/wp-content\/uploads\/2023\/12\/icon-twitterx.png\" alt=\"283218\"\/>\n\t\t\t\t\t\t\t\t\t\t<\/a>\n\t\t\t\t\t\t\t\t\t\t<a class= \"uabb-ss-grid-button-link\" href=\"https:\/\/www.linkedin.com\/shareArticle?url=https%3A%2F%2Fwww.miamibeachfl.gov%2F%3Fp%3D392549%26fl_builder\" target=\"_blank\" onclick=\"window.open(this.href,'social-share','left=20,top=20,width=500,height=500,toolbar=1,resizable=0');return false;\">\n\t\t\t\t\t\t\t\t\t\t\t\t\t\t\t\t\t\t\t\t\t\t\t<img decoding=\"async\" src=\"https:\/\/www.miamibeachfl.gov\/wp-content\/uploads\/2023\/12\/icon-linkedin.png\" alt=\"283217\"\/>\n\t\t\t\t\t\t\t\t\t\t<\/a>\n<h2>\n\t\t\tpou lage imedya\t<\/h2>\n<h2>\n\t\t\t25 novanm 2025\t<\/h2>\n<h3>\n\t\t\tEnstalasyon &quot;P\u00f2t pou Lib\u00e8te&quot; a pral devwale pandan Sem\u00e8n Atizay Miami Beach -An patenarya av\u00e8k Fondasyon Dwa Moun, Mach Lib\u00e8te Kiben an ak Vil Miami Beach \u2013 \t<\/h3>\n\t<p><strong>Miami Beach, Florid<\/strong> \u2013 Fondasyon Dwa Moun ak Mach Lib\u00e8te Kiben an, an kolaborasyon av\u00e8k Vil Miami Beach, anonse av\u00e8k fy\u00e8te devwale \u201cP\u00f2t pou Lib\u00e8te,\u201d yon enstalasyon atistik piblik puisan ki pral f\u00e8 premye lansman li. <strong>Lendi 1ye Desanm<\/strong> nan <strong>5\u00e8 apr\u00e8midi<\/strong> nan Mid Beach Park (<strong>4601 Collins Avenue<\/strong>).<\/p>\n<p>&quot;Sem\u00e8n Atizay la se yon selebrasyon mondyal kreyativite, inovasyon ak echanj kiltir\u00e8l ouv\u00e8,&quot; te pataje <strong>Komisyon\u00e8 Miami Beach Alex Fernandez<\/strong>, ki te patwone finansman vil la pou pwoj\u00e8 sa a. \u201cPoutan, toupatou nan mond lan, atis k ap viv anba gouv\u00e8nman otorit\u00e8 yo f\u00e8 fas ak sansi, prizon, t\u00f2ti ak ekzil paske yo oze imajine yon sosyete ki pi lib. \u201cP\u00f2t pou Lib\u00e8te\u201d konfwonte reyalite sa a dir\u00e8kteman.\u201d<\/p>\n<p>Ekspozisyon an prezante desen, gravur, dokimantasyon p\u00e8f\u00f2mans atistik ak eskilti kreye pa atis ki te sibi arasman, prizon oswa chase kite peyi yo. Travay yo kanpe k\u00f2m pr\u00e8v vivan - imaj rejim otorit\u00e8 yo te eseye ak tout f\u00f2s yo siprime oswa efase.<\/p>\n<p>\u201cEnstalasyon P\u00f2t pou Lib\u00e8te a raple nou dwa pou nou eksprime t\u00e8t nou\u2014fondasyon menm vag atistik enkwayab sa a\u2014se yon lib\u00e8te anpil moun toujou ap goumen pou li,\u201d te di <strong>Majistra Miami Beach Steven Meiner.<\/strong><\/p>\n<p>\u0152uv atistik la ap ekspoze bay piblik la soti 2 pou rive 7 desanm 2025, pandan Sem\u00e8n Atizay Miami Beach ane sa a.<\/p>\n<p>&quot;Enstalasyon sa a retire lide ke atizay se s\u00e8lman yon konv\u00e8sasyon polit\u00e8s,&quot; te ajoute. <strong>Ofisye Ch\u00e8f Defans Fondasyon Dwa Moun Roberto Gonzalez<\/strong>&quot;Pou atis sa yo, travay yo se yon kl\u00f2ch alam kont tirani, epi sakrifis yo mande atansyon nou.&quot;<\/p>\n<p>&quot;Atizay se lib\u00e8te, epi tiran yo p\u00e8 li paske li devwale verite a,&quot; te di <strong>Direkt\u00e8 Egzekitif Mach Lib\u00e8te Kiben an, Alian Collazo. <\/strong>&quot;Yo te f\u00e8men bouch atis sa yo lakay yo, men isit la nou ba yo vwa rejim yo te eseye efase a. &#039;P\u00f2t pou Lib\u00e8te&#039; montre ke l\u00e8 moun lib yo anplifye moun ki ap sibi opresyon yo, atizay vin rezistans epi lib\u00e8te jwenn yon chemen.&quot;<\/p>\n<p>###<\/p>\n<p><em>Pou mande matery\u00e8l sa a nan yon l\u00f2t f\u00f2ma, yon ent\u00e8pr\u00e8t lang siy (ou bezwen yon avi senk jou), enf\u00f2masyon sou aks\u00e8 pou moun ki andikape, ak\/oswa nenp\u00f2t aranjman pou revize nenp\u00f2t dokiman oswa patisipe nan nenp\u00f2t pwosedi vil la ap \u00f2ganize, rele 305.604.2ADA (2232) epi chwazi 1 pou angle oswa 2 pou pany\u00f2l, answit opsyon 6; itilizat\u00e8 TTY yo ka rele atrav\u00e8 711 (S\u00e8vis Rel\u00e8 Florid).<\/em><\/p>","protected":false},"excerpt":{"rendered":"<p>Download Press Release Share: for immediate release Nov. 25, 2025 &#8220;Doors to Freedom&#8221; Installation to be Unveiled during Art Week [&hellip;]<\/p>\n","protected":false},"author":361,"featured_media":0,"comment_status":"closed","ping_status":"closed","sticky":false,"template":"","format":"standard","meta":{"_searchwp_excluded":"","site-sidebar-layout":"default","site-content-layout":"","ast-site-content-layout":"default","site-content-style":"default","site-sidebar-style":"default","ast-global-header-display":"","ast-banner-title-visibility":"","ast-main-header-display":"","ast-hfb-above-header-display":"","ast-hfb-below-header-display":"","ast-hfb-mobile-header-display":"","site-post-title":"","ast-breadcrumbs-content":"","ast-featured-img":"","footer-sml-layout":"","theme-transparent-header-meta":"","adv-header-id-meta":"","stick-header-meta":"","header-above-stick-meta":"","header-main-stick-meta":"","header-below-stick-meta":"","astra-migrate-meta-layouts":"default","ast-page-background-enabled":"default","ast-page-background-meta":{"desktop":{"background-color":"var(--ast-global-color-5)","background-image":"","background-repeat":"repeat","background-position":"center center","background-size":"auto","background-attachment":"scroll","background-type":"","background-media":"","overlay-type":"","overlay-color":"","overlay-opacity":"","overlay-gradient":""},"tablet":{"background-color":"","background-image":"","background-repeat":"repeat","background-position":"center center","background-size":"auto","background-attachment":"scroll","background-type":"","background-media":"","overlay-type":"","overlay-color":"","overlay-opacity":"","overlay-gradient":""},"mobile":{"background-color":"","background-image":"","background-repeat":"repeat","background-position":"center center","background-size":"auto","background-attachment":"scroll","background-type":"","background-media":"","overlay-type":"","overlay-color":"","overlay-opacity":"","overlay-gradient":""}},"ast-content-background-meta":{"desktop":{"background-color":"var(--ast-global-color-4)","background-image":"","background-repeat":"repeat","background-position":"center center","background-size":"auto","background-attachment":"scroll","background-type":"","background-media":"","overlay-type":"","overlay-color":"","overlay-opacity":"","overlay-gradient":""},"tablet":{"background-color":"var(--ast-global-color-4)","background-image":"","background-repeat":"repeat","background-position":"center center","background-size":"auto","background-attachment":"scroll","background-type":"","background-media":"","overlay-type":"","overlay-color":"","overlay-opacity":"","overlay-gradient":""},"mobile":{"background-color":"var(--ast-global-color-4)","background-image":"","background-repeat":"repeat","background-position":"center center","background-size":"auto","background-attachment":"scroll","background-type":"","background-media":"","overlay-type":"","overlay-color":"","overlay-opacity":"","overlay-gradient":""}},"footnotes":""},"categories":[1664],"tags":[],"class_list":["post-392549","post","type-post","status-publish","format-standard","hentry","category-2025-press-releases"],"yoast_head":"<!-- This site is optimized with the Yoast SEO Premium plugin v27.4 (Yoast SEO v27.4) - https:\/\/yoast.com\/product\/yoast-seo-premium-wordpress\/ -->\n<title>\u201cDoors to Freedom\u201d Installation to be Unveiled during Art Week Miami Beach - City of Miami Beach<\/title>\n<meta name=\"description\" content=\"The Human Rights Foundation and Cuban Freedom March, in collaboration with the City of Miami Beach, proudly announce the unveiling.\" \/>\n<meta name=\"robots\" content=\"index, follow, max-snippet:-1, max-image-preview:large, max-video-preview:-1\" \/>\n<link rel=\"canonical\" href=\"https:\/\/www.miamibeachfl.gov\/ht\/doors-to-freedom-installation-to-be-unveiled-during-art-week-miami-beach\/\" \/>\n<meta property=\"og:locale\" content=\"ht_HT\" \/>\n<meta property=\"og:type\" content=\"article\" \/>\n<meta property=\"og:title\" content=\"\u201cDoors to Freedom\u201d Installation to be Unveiled during Art Week Miami Beach\" \/>\n<meta property=\"og:description\" content=\"The Human Rights Foundation and Cuban Freedom March, in collaboration with the City of Miami Beach, proudly announce the unveiling.\" \/>\n<meta property=\"og:url\" content=\"https:\/\/www.miamibeachfl.gov\/ht\/doors-to-freedom-installation-to-be-unveiled-during-art-week-miami-beach\/\" \/>\n<meta property=\"og:site_name\" content=\"City of Miami Beach\" \/>\n<meta property=\"article:publisher\" content=\"https:\/\/www.facebook.com\/cityofmiamibeach\" \/>\n<meta property=\"article:published_time\" content=\"2025-11-25T14:33:00+00:00\" \/>\n<meta property=\"article:modified_time\" content=\"2025-11-26T13:33:19+00:00\" \/>\n<meta property=\"og:image\" content=\"https:\/\/www.miamibeachfl.gov\/wp-content\/uploads\/2023\/12\/icon-facebook.png\" \/>\n<meta name=\"author\" content=\"Emily Castillo\" \/>\n<meta name=\"twitter:card\" content=\"summary_large_image\" \/>\n<meta name=\"twitter:creator\" content=\"@Miamibeachnews\" \/>\n<meta name=\"twitter:site\" content=\"@Miamibeachnews\" \/>\n<script type=\"application\/ld+json\" class=\"yoast-schema-graph\">{\"@context\":\"https:\\\/\\\/schema.org\",\"@graph\":[{\"@type\":\"Article\",\"@id\":\"https:\\\/\\\/www.miamibeachfl.gov\\\/doors-to-freedom-installation-to-be-unveiled-during-art-week-miami-beach\\\/#article\",\"isPartOf\":{\"@id\":\"https:\\\/\\\/www.miamibeachfl.gov\\\/doors-to-freedom-installation-to-be-unveiled-during-art-week-miami-beach\\\/\"},\"author\":{\"name\":\"Emily Castillo\",\"@id\":\"https:\\\/\\\/www.miamibeachfl.gov\\\/#\\\/schema\\\/person\\\/7b37a95841b5231439bceb3fe7f46378\"},\"headline\":\"\u201cDoors to Freedom\u201d Installation to be Unveiled during Art Week Miami Beach\",\"datePublished\":\"2025-11-25T14:33:00+00:00\",\"dateModified\":\"2025-11-26T13:33:19+00:00\",\"mainEntityOfPage\":{\"@id\":\"https:\\\/\\\/www.miamibeachfl.gov\\\/doors-to-freedom-installation-to-be-unveiled-during-art-week-miami-beach\\\/\"},\"wordCount\":392,\"publisher\":{\"@id\":\"https:\\\/\\\/www.miamibeachfl.gov\\\/#organization\"},\"image\":{\"@id\":\"https:\\\/\\\/www.miamibeachfl.gov\\\/doors-to-freedom-installation-to-be-unveiled-during-art-week-miami-beach\\\/#primaryimage\"},\"thumbnailUrl\":\"https:\\\/\\\/www.miamibeachfl.gov\\\/wp-content\\\/uploads\\\/2023\\\/12\\\/icon-facebook.png\",\"articleSection\":[\"2025 Press Releases\"],\"inLanguage\":\"ht\"},{\"@type\":\"WebPage\",\"@id\":\"https:\\\/\\\/www.miamibeachfl.gov\\\/doors-to-freedom-installation-to-be-unveiled-during-art-week-miami-beach\\\/\",\"url\":\"https:\\\/\\\/www.miamibeachfl.gov\\\/doors-to-freedom-installation-to-be-unveiled-during-art-week-miami-beach\\\/\",\"name\":\"\u201cDoors to Freedom\u201d Installation to be Unveiled during Art Week Miami Beach - City of Miami Beach\",\"isPartOf\":{\"@id\":\"https:\\\/\\\/www.miamibeachfl.gov\\\/#website\"},\"primaryImageOfPage\":{\"@id\":\"https:\\\/\\\/www.miamibeachfl.gov\\\/doors-to-freedom-installation-to-be-unveiled-during-art-week-miami-beach\\\/#primaryimage\"},\"image\":{\"@id\":\"https:\\\/\\\/www.miamibeachfl.gov\\\/doors-to-freedom-installation-to-be-unveiled-during-art-week-miami-beach\\\/#primaryimage\"},\"thumbnailUrl\":\"https:\\\/\\\/www.miamibeachfl.gov\\\/wp-content\\\/uploads\\\/2023\\\/12\\\/icon-facebook.png\",\"datePublished\":\"2025-11-25T14:33:00+00:00\",\"dateModified\":\"2025-11-26T13:33:19+00:00\",\"description\":\"The Human Rights Foundation and Cuban Freedom March, in collaboration with the City of Miami Beach, proudly announce the unveiling.\",\"breadcrumb\":{\"@id\":\"https:\\\/\\\/www.miamibeachfl.gov\\\/doors-to-freedom-installation-to-be-unveiled-during-art-week-miami-beach\\\/#breadcrumb\"},\"inLanguage\":\"ht\",\"potentialAction\":[{\"@type\":\"ReadAction\",\"target\":[\"https:\\\/\\\/www.miamibeachfl.gov\\\/doors-to-freedom-installation-to-be-unveiled-during-art-week-miami-beach\\\/\"]}]},{\"@type\":\"ImageObject\",\"inLanguage\":\"ht\",\"@id\":\"https:\\\/\\\/www.miamibeachfl.gov\\\/doors-to-freedom-installation-to-be-unveiled-during-art-week-miami-beach\\\/#primaryimage\",\"url\":\"https:\\\/\\\/www.miamibeachfl.gov\\\/wp-content\\\/uploads\\\/2023\\\/12\\\/icon-facebook.png\",\"contentUrl\":\"https:\\\/\\\/www.miamibeachfl.gov\\\/wp-content\\\/uploads\\\/2023\\\/12\\\/icon-facebook.png\"},{\"@type\":\"BreadcrumbList\",\"@id\":\"https:\\\/\\\/www.miamibeachfl.gov\\\/doors-to-freedom-installation-to-be-unveiled-during-art-week-miami-beach\\\/#breadcrumb\",\"itemListElement\":[{\"@type\":\"ListItem\",\"position\":1,\"name\":\"Home\",\"item\":\"https:\\\/\\\/www.miamibeachfl.gov\\\/\"},{\"@type\":\"ListItem\",\"position\":2,\"name\":\"\u201cDoors to Freedom\u201d Installation to be Unveiled during Art Week Miami Beach\"}]},{\"@type\":\"WebSite\",\"@id\":\"https:\\\/\\\/www.miamibeachfl.gov\\\/#website\",\"url\":\"https:\\\/\\\/www.miamibeachfl.gov\\\/\",\"name\":\"City of Miami Beach\",\"description\":\"The official website of the City of Miami Beach. Stay informed, find important information on city services, news, alerts, events, trolley routes, government employment and more.\",\"publisher\":{\"@id\":\"https:\\\/\\\/www.miamibeachfl.gov\\\/#organization\"},\"potentialAction\":[{\"@type\":\"SearchAction\",\"target\":{\"@type\":\"EntryPoint\",\"urlTemplate\":\"https:\\\/\\\/www.miamibeachfl.gov\\\/?s={search_term_string}\"},\"query-input\":{\"@type\":\"PropertyValueSpecification\",\"valueRequired\":true,\"valueName\":\"search_term_string\"}}],\"inLanguage\":\"ht\"},{\"@type\":\"Organization\",\"@id\":\"https:\\\/\\\/www.miamibeachfl.gov\\\/#organization\",\"name\":\"City of Miami Beach\",\"url\":\"https:\\\/\\\/www.miamibeachfl.gov\\\/\",\"logo\":{\"@type\":\"ImageObject\",\"inLanguage\":\"ht\",\"@id\":\"https:\\\/\\\/www.miamibeachfl.gov\\\/#\\\/schema\\\/logo\\\/image\\\/\",\"url\":\"https:\\\/\\\/www.miamibeachfl.gov\\\/wp-content\\\/uploads\\\/2022\\\/06\\\/miamibeach-logoblue.png\",\"contentUrl\":\"https:\\\/\\\/www.miamibeachfl.gov\\\/wp-content\\\/uploads\\\/2022\\\/06\\\/miamibeach-logoblue.png\",\"width\":1962,\"height\":381,\"caption\":\"City of Miami Beach\"},\"image\":{\"@id\":\"https:\\\/\\\/www.miamibeachfl.gov\\\/#\\\/schema\\\/logo\\\/image\\\/\"},\"sameAs\":[\"https:\\\/\\\/www.facebook.com\\\/cityofmiamibeach\",\"https:\\\/\\\/x.com\\\/Miamibeachnews\",\"https:\\\/\\\/www.instagram.com\\\/miamibeachnews\\\/\"],\"description\":\"The official website of the City of Miami Beach. Stay informed, find important information on city services, news, alerts, events, trolley routes, government employment and more.\",\"telephone\":\"305.604.CITY(2489)\",\"legalName\":\"City of Miami Beach\"},{\"@type\":\"Person\",\"@id\":\"https:\\\/\\\/www.miamibeachfl.gov\\\/#\\\/schema\\\/person\\\/7b37a95841b5231439bceb3fe7f46378\",\"name\":\"Emily Castillo\"}]}<\/script>\n<!-- \/ Yoast SEO Premium plugin. -->","yoast_head_json":{"title":"Enstalasyon &quot;P\u00f2t pou Lib\u00e8te&quot; a pral devwale pandan Sem\u00e8n Atizay Miami Beach la - Vil Miami Beach","description":"Fondasyon Dwa Moun ak Mach Lib\u00e8te Kiben an, an kolaborasyon av\u00e8k Vil Miami Beach, anonse av\u00e8k fy\u00e8te devwale imaj la.","robots":{"index":"index","follow":"follow","max-snippet":"max-snippet:-1","max-image-preview":"max-image-preview:large","max-video-preview":"max-video-preview:-1"},"canonical":"https:\/\/www.miamibeachfl.gov\/ht\/doors-to-freedom-installation-to-be-unveiled-during-art-week-miami-beach\/","og_locale":"ht_HT","og_type":"article","og_title":"\u201cDoors to Freedom\u201d Installation to be Unveiled during Art Week Miami Beach","og_description":"The Human Rights Foundation and Cuban Freedom March, in collaboration with the City of Miami Beach, proudly announce the unveiling.","og_url":"https:\/\/www.miamibeachfl.gov\/ht\/doors-to-freedom-installation-to-be-unveiled-during-art-week-miami-beach\/","og_site_name":"City of Miami Beach","article_publisher":"https:\/\/www.facebook.com\/cityofmiamibeach","article_published_time":"2025-11-25T14:33:00+00:00","article_modified_time":"2025-11-26T13:33:19+00:00","og_image":[{"url":"https:\/\/www.miamibeachfl.gov\/wp-content\/uploads\/2023\/12\/icon-facebook.png","type":"","width":"","height":""}],"author":"Emily Castillo","twitter_card":"summary_large_image","twitter_creator":"@Miamibeachnews","twitter_site":"@Miamibeachnews","schema":{"@context":"https:\/\/schema.org","@graph":[{"@type":"Article","@id":"https:\/\/www.miamibeachfl.gov\/doors-to-freedom-installation-to-be-unveiled-during-art-week-miami-beach\/#article","isPartOf":{"@id":"https:\/\/www.miamibeachfl.gov\/doors-to-freedom-installation-to-be-unveiled-during-art-week-miami-beach\/"},"author":{"name":"Emily Castillo","@id":"https:\/\/www.miamibeachfl.gov\/#\/schema\/person\/7b37a95841b5231439bceb3fe7f46378"},"headline":"\u201cDoors to Freedom\u201d Installation to be Unveiled during Art Week Miami Beach","datePublished":"2025-11-25T14:33:00+00:00","dateModified":"2025-11-26T13:33:19+00:00","mainEntityOfPage":{"@id":"https:\/\/www.miamibeachfl.gov\/doors-to-freedom-installation-to-be-unveiled-during-art-week-miami-beach\/"},"wordCount":392,"publisher":{"@id":"https:\/\/www.miamibeachfl.gov\/#organization"},"image":{"@id":"https:\/\/www.miamibeachfl.gov\/doors-to-freedom-installation-to-be-unveiled-during-art-week-miami-beach\/#primaryimage"},"thumbnailUrl":"https:\/\/www.miamibeachfl.gov\/wp-content\/uploads\/2023\/12\/icon-facebook.png","articleSection":["2025 Press Releases"],"inLanguage":"ht"},{"@type":"WebPage","@id":"https:\/\/www.miamibeachfl.gov\/doors-to-freedom-installation-to-be-unveiled-during-art-week-miami-beach\/","url":"https:\/\/www.miamibeachfl.gov\/doors-to-freedom-installation-to-be-unveiled-during-art-week-miami-beach\/","name":"Enstalasyon &quot;P\u00f2t pou Lib\u00e8te&quot; a pral devwale pandan Sem\u00e8n Atizay Miami Beach la - Vil Miami Beach","isPartOf":{"@id":"https:\/\/www.miamibeachfl.gov\/#website"},"primaryImageOfPage":{"@id":"https:\/\/www.miamibeachfl.gov\/doors-to-freedom-installation-to-be-unveiled-during-art-week-miami-beach\/#primaryimage"},"image":{"@id":"https:\/\/www.miamibeachfl.gov\/doors-to-freedom-installation-to-be-unveiled-during-art-week-miami-beach\/#primaryimage"},"thumbnailUrl":"https:\/\/www.miamibeachfl.gov\/wp-content\/uploads\/2023\/12\/icon-facebook.png","datePublished":"2025-11-25T14:33:00+00:00","dateModified":"2025-11-26T13:33:19+00:00","description":"Fondasyon Dwa Moun ak Mach Lib\u00e8te Kiben an, an kolaborasyon av\u00e8k Vil Miami Beach, anonse av\u00e8k fy\u00e8te devwale imaj la.","breadcrumb":{"@id":"https:\/\/www.miamibeachfl.gov\/doors-to-freedom-installation-to-be-unveiled-during-art-week-miami-beach\/#breadcrumb"},"inLanguage":"ht","potentialAction":[{"@type":"ReadAction","target":["https:\/\/www.miamibeachfl.gov\/doors-to-freedom-installation-to-be-unveiled-during-art-week-miami-beach\/"]}]},{"@type":"ImageObject","inLanguage":"ht","@id":"https:\/\/www.miamibeachfl.gov\/doors-to-freedom-installation-to-be-unveiled-during-art-week-miami-beach\/#primaryimage","url":"https:\/\/www.miamibeachfl.gov\/wp-content\/uploads\/2023\/12\/icon-facebook.png","contentUrl":"https:\/\/www.miamibeachfl.gov\/wp-content\/uploads\/2023\/12\/icon-facebook.png"},{"@type":"BreadcrumbList","@id":"https:\/\/www.miamibeachfl.gov\/doors-to-freedom-installation-to-be-unveiled-during-art-week-miami-beach\/#breadcrumb","itemListElement":[{"@type":"ListItem","position":1,"name":"Home","item":"https:\/\/www.miamibeachfl.gov\/"},{"@type":"ListItem","position":2,"name":"\u201cDoors to Freedom\u201d Installation to be Unveiled during Art Week Miami Beach"}]},{"@type":"WebSite","@id":"https:\/\/www.miamibeachfl.gov\/#website","url":"https:\/\/www.miamibeachfl.gov\/","name":"Vil Miami Beach","description":"Sitw\u00e8b ofisy\u00e8l Vil Miami Beach la. Rete enf\u00f2me, jwenn enf\u00f2masyon enp\u00f2tan sou s\u00e8vis vil la, nouv\u00e8l, al\u00e8t, ev\u00e8nman, wout tramway, travay gouv\u00e8nman an ak plis ank\u00f2.","publisher":{"@id":"https:\/\/www.miamibeachfl.gov\/#organization"},"potentialAction":[{"@type":"SearchAction","target":{"@type":"EntryPoint","urlTemplate":"https:\/\/www.miamibeachfl.gov\/?s={search_term_string}"},"query-input":{"@type":"PropertyValueSpecification","valueRequired":true,"valueName":"search_term_string"}}],"inLanguage":"ht"},{"@type":"Organization","@id":"https:\/\/www.miamibeachfl.gov\/#organization","name":"Vil Miami Beach","url":"https:\/\/www.miamibeachfl.gov\/","logo":{"@type":"ImageObject","inLanguage":"ht","@id":"https:\/\/www.miamibeachfl.gov\/#\/schema\/logo\/image\/","url":"https:\/\/www.miamibeachfl.gov\/wp-content\/uploads\/2022\/06\/miamibeach-logoblue.png","contentUrl":"https:\/\/www.miamibeachfl.gov\/wp-content\/uploads\/2022\/06\/miamibeach-logoblue.png","width":1962,"height":381,"caption":"City of Miami Beach"},"image":{"@id":"https:\/\/www.miamibeachfl.gov\/#\/schema\/logo\/image\/"},"sameAs":["https:\/\/www.facebook.com\/cityofmiamibeach","https:\/\/x.com\/Miamibeachnews","https:\/\/www.instagram.com\/miamibeachnews\/"],"description":"Sitw\u00e8b ofisy\u00e8l Vil Miami Beach la. Rete enf\u00f2me, jwenn enf\u00f2masyon enp\u00f2tan sou s\u00e8vis vil la, nouv\u00e8l, al\u00e8t, ev\u00e8nman, wout tramway, travay gouv\u00e8nman an ak plis ank\u00f2.","telephone":"305.604.CITY(2489)","legalName":"City of Miami Beach"},{"@type":"Person","@id":"https:\/\/www.miamibeachfl.gov\/#\/schema\/person\/7b37a95841b5231439bceb3fe7f46378","name":"Emily Castillo"}]}},"_links":{"self":[{"href":"https:\/\/www.miamibeachfl.gov\/ht\/wp-json\/wp\/v2\/posts\/392549","targetHints":{"allow":["GET"]}}],"collection":[{"href":"https:\/\/www.miamibeachfl.gov\/ht\/wp-json\/wp\/v2\/posts"}],"about":[{"href":"https:\/\/www.miamibeachfl.gov\/ht\/wp-json\/wp\/v2\/types\/post"}],"author":[{"embeddable":true,"href":"https:\/\/www.miamibeachfl.gov\/ht\/wp-json\/wp\/v2\/users\/361"}],"replies":[{"embeddable":true,"href":"https:\/\/www.miamibeachfl.gov\/ht\/wp-json\/wp\/v2\/comments?post=392549"}],"version-history":[{"count":3,"href":"https:\/\/www.miamibeachfl.gov\/ht\/wp-json\/wp\/v2\/posts\/392549\/revisions"}],"predecessor-version":[{"id":392554,"href":"https:\/\/www.miamibeachfl.gov\/ht\/wp-json\/wp\/v2\/posts\/392549\/revisions\/392554"}],"wp:attachment":[{"href":"https:\/\/www.miamibeachfl.gov\/ht\/wp-json\/wp\/v2\/media?parent=392549"}],"wp:term":[{"taxonomy":"category","embeddable":true,"href":"https:\/\/www.miamibeachfl.gov\/ht\/wp-json\/wp\/v2\/categories?post=392549"},{"taxonomy":"post_tag","embeddable":true,"href":"https:\/\/www.miamibeachfl.gov\/ht\/wp-json\/wp\/v2\/tags?post=392549"}],"curies":[{"name":"wp","href":"https:\/\/api.w.org\/{rel}","templated":true}]}}