{"id":393140,"date":"2025-12-08T12:35:00","date_gmt":"2025-12-08T17:35:00","guid":{"rendered":"https:\/\/www.miamibeachfl.gov\/?p=393140"},"modified":"2025-12-09T10:56:48","modified_gmt":"2025-12-09T15:56:48","slug":"miami-beach-art-deco-designed-to-move-you","status":"publish","type":"post","link":"https:\/\/www.miamibeachfl.gov\/ht\/miami-beach-art-deco-designed-to-move-you\/","title":{"rendered":"Art Deco Miami Beach: &#039;Ki f\u00e8t pou touche w&#039;"},"content":{"rendered":"<a href=\"https:\/\/www.miamibeachfl.gov\/wp-content\/uploads\/2025\/12\/Art-Deco-Designed-to-Move-You-Campaign.pdf\" target=\"_blank\" rel=\"noopener\">\n\t\t\t\t\t\tTelechaje Kominike pou lapr\u00e8s la\n\t\t\t\t\t<\/a>\n<h2>\n\t\t\tPataje:\t<\/h2>\n\t\t\t\t\t\t\t\t\t\t<a class= \"uabb-ss-grid-button-link\" href=\"https:\/\/www.facebook.com\/sharer.php?u=https%3A%2F%2Fwww.miamibeachfl.gov%2F%3Fp%3D393140%26fl_builder\" target=\"_blank\" onclick=\"window.open(this.href,'social-share','left=20,top=20,width=500,height=500,toolbar=1,resizable=0');return false;\">\n\t\t\t\t\t\t\t\t\t\t\t\t\t\t\t\t\t\t\t\t\t\t\t<img decoding=\"async\" src=\"https:\/\/www.miamibeachfl.gov\/wp-content\/uploads\/2023\/12\/icon-facebook.png\" alt=\"283216\"\/>\n\t\t\t\t\t\t\t\t\t\t<\/a>\n\t\t\t\t\t\t\t\t\t\t<a class= \"uabb-ss-grid-button-link\" href=\"https:\/\/twitter.com\/share?url=https%3A%2F%2Fwww.miamibeachfl.gov%2F%3Fp%3D393140%26fl_builder\" target=\"_blank\" onclick=\"window.open(this.href,'social-share','left=20,top=20,width=500,height=500,toolbar=1,resizable=0');return false;\">\n\t\t\t\t\t\t\t\t\t\t\t\t\t\t\t\t\t\t\t\t\t\t\t<img decoding=\"async\" src=\"https:\/\/www.miamibeachfl.gov\/wp-content\/uploads\/2023\/12\/icon-twitterx.png\" alt=\"283218\"\/>\n\t\t\t\t\t\t\t\t\t\t<\/a>\n\t\t\t\t\t\t\t\t\t\t<a class= \"uabb-ss-grid-button-link\" href=\"https:\/\/www.linkedin.com\/shareArticle?url=https%3A%2F%2Fwww.miamibeachfl.gov%2F%3Fp%3D393140%26fl_builder\" target=\"_blank\" onclick=\"window.open(this.href,'social-share','left=20,top=20,width=500,height=500,toolbar=1,resizable=0');return false;\">\n\t\t\t\t\t\t\t\t\t\t\t\t\t\t\t\t\t\t\t\t\t\t\t<img decoding=\"async\" src=\"https:\/\/www.miamibeachfl.gov\/wp-content\/uploads\/2023\/12\/icon-linkedin.png\" alt=\"283217\"\/>\n\t\t\t\t\t\t\t\t\t\t<\/a>\n<h2>\n\t\t\tpou lage imedya\t<\/h2>\n<h2>\n\t\t\t8 Desanm 2025\t<\/h2>\n<h3>\n\t\t\t-New marketing campaign celebrates one of the city&#8217;s most enduring architectural legacies-\t<\/h3>\n\t<p><strong>Miami Beach, Florid<\/strong> &#8211; Following another successful Art Week Miami Beach, the focus is once again turning back to the city&#8217;s permanent art collection with its iconic concrete eyebrows, cruise ship portholes and playful symmetry &#8211; Miami Beach&#8217;s tropical art deco is being highlighted in a new marketing campaign titled &#8220;<strong>F\u00e8t pou f\u00e8 ou deplase<\/strong>.&#8221;<\/p>\n<p>Featuring dozens of professional and student dancers at some of the city&#8217;s most notable, historic art deco properties, the campaign kicked off today with a 90-second <a href=\"https:\/\/www.youtube.com\/watch?si=Xf-psxqmIYFfneEG&amp;v=D7FAruPBkdc&amp;feature=youtu.be\">videyo<\/a> spot that aired on the city&#8217;s social media platforms and website to coincide with the 100<sup>y\u00e8m<\/sup> Ane aniv\u00e8s\u00e8 entwodiksyon Art d\u00e9co atrav\u00e8 lemond. Kanpay la te kreye an kolaborasyon sere av\u00e8k Greater Miami Convention &amp; Visitors Bureau ansanm ak ajans responsab li a, VML.<\/p>\n<p>&#8220;Art deco continues to be one of the most cited reasons why tourists choose to visit our beautiful city,&#8221; said <strong>Majistra Miami Beach Steven Meiner<\/strong>. &#8220;With more than 800 designated historic buildings, Miami Beach is home to the largest concentration of art deco buildings in the United States and one of the largest in the world.&#8221;<\/p>\n<p>Anplis videyo a, vil la te devwale tou yon nouvo logo pou Distri Art Deco a, yon seri bany\u00e8 dijital ak yon nouvo kat jeyografik pou vizit apye Art Deco ki mete aksan sou moniman enp\u00f2tan yo ak bilding Art Deco yo. Kat p\u00f2ch yo pral distribye nan enstalasyon vil la ansanm ak ot\u00e8l nan tout z\u00f2n metwopolit\u00e8n Miami an.<\/p>\n<p>&#8220;This campaign highlights the Art Deco District as a living destination where history, architecture and contemporary culture converge,&#8221; shared <strong>Komisyon\u00e8 Miami Beach Alex J. Fernandez<\/strong>. &#8220;From pastel-hued hotels to the neon lights on Ocean Drive, the city is a living gallery of timeless, bold and iconic style.&#8221;<\/p>\n<p>Learn more about Miami Beach&#8217;s famed architecture at <a href=\"https:\/\/www.miamiandbeaches.com\/things-to-do\/history-and-heritage\/art-deco-historic-district?utm_source=Vanity_URL&amp;utm_medium=artdecodistrict.com&amp;utm_path=%2F\">www.ArtDecoDistrict.com<\/a> or visit the city&#8217;s outdoor gallery, <a href=\"https:\/\/gcc02.safelinks.protection.outlook.com\/?url=https%3A%2F%2Fwww.miamibeachfl.gov%2Fgaleria%2F&amp;data=05%7C02%7CEmilyCastillo%40miamibeachfl.gov%7C147795a277674d78ada208de36801fd6%7C551608f948f34871808aa969ec5cf48a%7C0%7C0%7C639008121131960207%7CUnknown%7CTWFpbGZsb3d8eyJFbXB0eU1hcGkiOnRydWUsIlYiOiIwLjAuMDAwMCIsIlAiOiJXaW4zMiIsIkFOIjoiTWFpbCIsIldUIjoyfQ%3D%3D%7C0%7C%7C%7C&amp;sdata=q2pTFeZ4YPvGvkFBIbc5FB2TEhCUZ7Jw4I0Yw1L9d5g%3D&amp;reserved=0\">Galeri Ocean Drive<\/a>, which is currently showcasing over 100 iconic art deco images from around the globe alongside Miami Beach&#8217;s own tropical deco treasures. Galer\u00eda Ocean Drive is in Lummus Park between 11-12 streets along Ocean Drive.<\/p>\n<p>###<\/p>\n<p><em>Pou mande matery\u00e8l sa a nan yon l\u00f2t f\u00f2ma, yon ent\u00e8pr\u00e8t lang siy (ou bezwen yon avi senk jou), enf\u00f2masyon sou aks\u00e8 pou moun ki andikape, ak\/oswa nenp\u00f2t aranjman pou revize nenp\u00f2t dokiman oswa patisipe nan nenp\u00f2t pwosedi vil la ap \u00f2ganize, rele 305.604.2ADA (2232) epi chwazi 1 pou angle oswa 2 pou pany\u00f2l, answit opsyon 6; itilizat\u00e8 TTY yo ka rele atrav\u00e8 711 (S\u00e8vis Rel\u00e8 Florid).<\/em><\/p>\n<p>&nbsp;<\/p>","protected":false},"excerpt":{"rendered":"<p>Download Press Release Share: for immediate release Dec. 8, 2025 -New marketing campaign celebrates one of the city&#8217;s most enduring [&hellip;]<\/p>\n","protected":false},"author":361,"featured_media":0,"comment_status":"closed","ping_status":"closed","sticky":false,"template":"","format":"standard","meta":{"_searchwp_excluded":"","site-sidebar-layout":"default","site-content-layout":"","ast-site-content-layout":"default","site-content-style":"default","site-sidebar-style":"default","ast-global-header-display":"","ast-banner-title-visibility":"","ast-main-header-display":"","ast-hfb-above-header-display":"","ast-hfb-below-header-display":"","ast-hfb-mobile-header-display":"","site-post-title":"","ast-breadcrumbs-content":"","ast-featured-img":"","footer-sml-layout":"","theme-transparent-header-meta":"","adv-header-id-meta":"","stick-header-meta":"","header-above-stick-meta":"","header-main-stick-meta":"","header-below-stick-meta":"","astra-migrate-meta-layouts":"default","ast-page-background-enabled":"default","ast-page-background-meta":{"desktop":{"background-color":"var(--ast-global-color-5)","background-image":"","background-repeat":"repeat","background-position":"center center","background-size":"auto","background-attachment":"scroll","background-type":"","background-media":"","overlay-type":"","overlay-color":"","overlay-opacity":"","overlay-gradient":""},"tablet":{"background-color":"","background-image":"","background-repeat":"repeat","background-position":"center center","background-size":"auto","background-attachment":"scroll","background-type":"","background-media":"","overlay-type":"","overlay-color":"","overlay-opacity":"","overlay-gradient":""},"mobile":{"background-color":"","background-image":"","background-repeat":"repeat","background-position":"center center","background-size":"auto","background-attachment":"scroll","background-type":"","background-media":"","overlay-type":"","overlay-color":"","overlay-opacity":"","overlay-gradient":""}},"ast-content-background-meta":{"desktop":{"background-color":"var(--ast-global-color-4)","background-image":"","background-repeat":"repeat","background-position":"center center","background-size":"auto","background-attachment":"scroll","background-type":"","background-media":"","overlay-type":"","overlay-color":"","overlay-opacity":"","overlay-gradient":""},"tablet":{"background-color":"var(--ast-global-color-4)","background-image":"","background-repeat":"repeat","background-position":"center center","background-size":"auto","background-attachment":"scroll","background-type":"","background-media":"","overlay-type":"","overlay-color":"","overlay-opacity":"","overlay-gradient":""},"mobile":{"background-color":"var(--ast-global-color-4)","background-image":"","background-repeat":"repeat","background-position":"center center","background-size":"auto","background-attachment":"scroll","background-type":"","background-media":"","overlay-type":"","overlay-color":"","overlay-opacity":"","overlay-gradient":""}},"footnotes":""},"categories":[1664],"tags":[],"class_list":["post-393140","post","type-post","status-publish","format-standard","hentry","category-2025-press-releases"],"yoast_head":"<!-- This site is optimized with the Yoast SEO Premium plugin v27.4 (Yoast SEO v27.4) - https:\/\/yoast.com\/product\/yoast-seo-premium-wordpress\/ -->\n<title>Miami Beach Art Deco: \u2018Designed to Move You\u2019 - City of Miami Beach<\/title>\n<meta name=\"description\" content=\"Following another successful Art Week Miami Beach, the focus is once again turning back to the city\u2019s permanent art collection.\" \/>\n<meta name=\"robots\" content=\"index, follow, max-snippet:-1, max-image-preview:large, max-video-preview:-1\" \/>\n<link rel=\"canonical\" href=\"https:\/\/www.miamibeachfl.gov\/ht\/miami-beach-art-deco-designed-to-move-you\/\" \/>\n<meta property=\"og:locale\" content=\"ht_HT\" \/>\n<meta property=\"og:type\" content=\"article\" \/>\n<meta property=\"og:title\" content=\"Miami Beach Art Deco: \u2018Designed to Move You\u2019\" \/>\n<meta property=\"og:description\" content=\"Following another successful Art Week Miami Beach, the focus is once again turning back to the city\u2019s permanent art collection.\" \/>\n<meta property=\"og:url\" content=\"https:\/\/www.miamibeachfl.gov\/ht\/miami-beach-art-deco-designed-to-move-you\/\" \/>\n<meta property=\"og:site_name\" content=\"City of Miami Beach\" \/>\n<meta property=\"article:publisher\" content=\"https:\/\/www.facebook.com\/cityofmiamibeach\" \/>\n<meta property=\"article:published_time\" content=\"2025-12-08T17:35:00+00:00\" \/>\n<meta property=\"article:modified_time\" content=\"2025-12-09T15:56:48+00:00\" \/>\n<meta property=\"og:image\" content=\"https:\/\/www.miamibeachfl.gov\/wp-content\/uploads\/2023\/12\/icon-facebook.png\" \/>\n<meta name=\"author\" content=\"Emily Castillo\" \/>\n<meta name=\"twitter:card\" content=\"summary_large_image\" \/>\n<meta name=\"twitter:creator\" content=\"@Miamibeachnews\" \/>\n<meta name=\"twitter:site\" content=\"@Miamibeachnews\" \/>\n<script type=\"application\/ld+json\" class=\"yoast-schema-graph\">{\"@context\":\"https:\\\/\\\/schema.org\",\"@graph\":[{\"@type\":\"Article\",\"@id\":\"https:\\\/\\\/www.miamibeachfl.gov\\\/miami-beach-art-deco-designed-to-move-you\\\/#article\",\"isPartOf\":{\"@id\":\"https:\\\/\\\/www.miamibeachfl.gov\\\/miami-beach-art-deco-designed-to-move-you\\\/\"},\"author\":{\"name\":\"Emily Castillo\",\"@id\":\"https:\\\/\\\/www.miamibeachfl.gov\\\/#\\\/schema\\\/person\\\/7b37a95841b5231439bceb3fe7f46378\"},\"headline\":\"Miami Beach Art Deco: \u2018Designed to Move You\u2019\",\"datePublished\":\"2025-12-08T17:35:00+00:00\",\"dateModified\":\"2025-12-09T15:56:48+00:00\",\"mainEntityOfPage\":{\"@id\":\"https:\\\/\\\/www.miamibeachfl.gov\\\/miami-beach-art-deco-designed-to-move-you\\\/\"},\"wordCount\":431,\"publisher\":{\"@id\":\"https:\\\/\\\/www.miamibeachfl.gov\\\/#organization\"},\"image\":{\"@id\":\"https:\\\/\\\/www.miamibeachfl.gov\\\/miami-beach-art-deco-designed-to-move-you\\\/#primaryimage\"},\"thumbnailUrl\":\"https:\\\/\\\/www.miamibeachfl.gov\\\/wp-content\\\/uploads\\\/2023\\\/12\\\/icon-facebook.png\",\"articleSection\":[\"2025 Press Releases\"],\"inLanguage\":\"ht\"},{\"@type\":\"WebPage\",\"@id\":\"https:\\\/\\\/www.miamibeachfl.gov\\\/miami-beach-art-deco-designed-to-move-you\\\/\",\"url\":\"https:\\\/\\\/www.miamibeachfl.gov\\\/miami-beach-art-deco-designed-to-move-you\\\/\",\"name\":\"Miami Beach Art Deco: \u2018Designed to Move You\u2019 - City of Miami Beach\",\"isPartOf\":{\"@id\":\"https:\\\/\\\/www.miamibeachfl.gov\\\/#website\"},\"primaryImageOfPage\":{\"@id\":\"https:\\\/\\\/www.miamibeachfl.gov\\\/miami-beach-art-deco-designed-to-move-you\\\/#primaryimage\"},\"image\":{\"@id\":\"https:\\\/\\\/www.miamibeachfl.gov\\\/miami-beach-art-deco-designed-to-move-you\\\/#primaryimage\"},\"thumbnailUrl\":\"https:\\\/\\\/www.miamibeachfl.gov\\\/wp-content\\\/uploads\\\/2023\\\/12\\\/icon-facebook.png\",\"datePublished\":\"2025-12-08T17:35:00+00:00\",\"dateModified\":\"2025-12-09T15:56:48+00:00\",\"description\":\"Following another successful Art Week Miami Beach, the focus is once again turning back to the city\u2019s permanent art collection.\",\"breadcrumb\":{\"@id\":\"https:\\\/\\\/www.miamibeachfl.gov\\\/miami-beach-art-deco-designed-to-move-you\\\/#breadcrumb\"},\"inLanguage\":\"ht\",\"potentialAction\":[{\"@type\":\"ReadAction\",\"target\":[\"https:\\\/\\\/www.miamibeachfl.gov\\\/miami-beach-art-deco-designed-to-move-you\\\/\"]}]},{\"@type\":\"ImageObject\",\"inLanguage\":\"ht\",\"@id\":\"https:\\\/\\\/www.miamibeachfl.gov\\\/miami-beach-art-deco-designed-to-move-you\\\/#primaryimage\",\"url\":\"https:\\\/\\\/www.miamibeachfl.gov\\\/wp-content\\\/uploads\\\/2023\\\/12\\\/icon-facebook.png\",\"contentUrl\":\"https:\\\/\\\/www.miamibeachfl.gov\\\/wp-content\\\/uploads\\\/2023\\\/12\\\/icon-facebook.png\"},{\"@type\":\"BreadcrumbList\",\"@id\":\"https:\\\/\\\/www.miamibeachfl.gov\\\/miami-beach-art-deco-designed-to-move-you\\\/#breadcrumb\",\"itemListElement\":[{\"@type\":\"ListItem\",\"position\":1,\"name\":\"Home\",\"item\":\"https:\\\/\\\/www.miamibeachfl.gov\\\/\"},{\"@type\":\"ListItem\",\"position\":2,\"name\":\"Miami Beach Art Deco: \u2018Designed to Move You\u2019\"}]},{\"@type\":\"WebSite\",\"@id\":\"https:\\\/\\\/www.miamibeachfl.gov\\\/#website\",\"url\":\"https:\\\/\\\/www.miamibeachfl.gov\\\/\",\"name\":\"City of Miami Beach\",\"description\":\"The official website of the City of Miami Beach. Stay informed, find important information on city services, news, alerts, events, trolley routes, government employment and more.\",\"publisher\":{\"@id\":\"https:\\\/\\\/www.miamibeachfl.gov\\\/#organization\"},\"potentialAction\":[{\"@type\":\"SearchAction\",\"target\":{\"@type\":\"EntryPoint\",\"urlTemplate\":\"https:\\\/\\\/www.miamibeachfl.gov\\\/?s={search_term_string}\"},\"query-input\":{\"@type\":\"PropertyValueSpecification\",\"valueRequired\":true,\"valueName\":\"search_term_string\"}}],\"inLanguage\":\"ht\"},{\"@type\":\"Organization\",\"@id\":\"https:\\\/\\\/www.miamibeachfl.gov\\\/#organization\",\"name\":\"City of Miami Beach\",\"url\":\"https:\\\/\\\/www.miamibeachfl.gov\\\/\",\"logo\":{\"@type\":\"ImageObject\",\"inLanguage\":\"ht\",\"@id\":\"https:\\\/\\\/www.miamibeachfl.gov\\\/#\\\/schema\\\/logo\\\/image\\\/\",\"url\":\"https:\\\/\\\/www.miamibeachfl.gov\\\/wp-content\\\/uploads\\\/2022\\\/06\\\/miamibeach-logoblue.png\",\"contentUrl\":\"https:\\\/\\\/www.miamibeachfl.gov\\\/wp-content\\\/uploads\\\/2022\\\/06\\\/miamibeach-logoblue.png\",\"width\":1962,\"height\":381,\"caption\":\"City of Miami Beach\"},\"image\":{\"@id\":\"https:\\\/\\\/www.miamibeachfl.gov\\\/#\\\/schema\\\/logo\\\/image\\\/\"},\"sameAs\":[\"https:\\\/\\\/www.facebook.com\\\/cityofmiamibeach\",\"https:\\\/\\\/x.com\\\/Miamibeachnews\",\"https:\\\/\\\/www.instagram.com\\\/miamibeachnews\\\/\"],\"description\":\"The official website of the City of Miami Beach. Stay informed, find important information on city services, news, alerts, events, trolley routes, government employment and more.\",\"telephone\":\"305.604.CITY(2489)\",\"legalName\":\"City of Miami Beach\"},{\"@type\":\"Person\",\"@id\":\"https:\\\/\\\/www.miamibeachfl.gov\\\/#\\\/schema\\\/person\\\/7b37a95841b5231439bceb3fe7f46378\",\"name\":\"Emily Castillo\"}]}<\/script>\n<!-- \/ Yoast SEO Premium plugin. -->","yoast_head_json":{"title":"Miami Beach Art Deco: \u2018Designed to Move You\u2019 - City of Miami Beach","description":"Following another successful Art Week Miami Beach, the focus is once again turning back to the city\u2019s permanent art collection.","robots":{"index":"index","follow":"follow","max-snippet":"max-snippet:-1","max-image-preview":"max-image-preview:large","max-video-preview":"max-video-preview:-1"},"canonical":"https:\/\/www.miamibeachfl.gov\/ht\/miami-beach-art-deco-designed-to-move-you\/","og_locale":"ht_HT","og_type":"article","og_title":"Miami Beach Art Deco: \u2018Designed to Move You\u2019","og_description":"Following another successful Art Week Miami Beach, the focus is once again turning back to the city\u2019s permanent art collection.","og_url":"https:\/\/www.miamibeachfl.gov\/ht\/miami-beach-art-deco-designed-to-move-you\/","og_site_name":"City of Miami Beach","article_publisher":"https:\/\/www.facebook.com\/cityofmiamibeach","article_published_time":"2025-12-08T17:35:00+00:00","article_modified_time":"2025-12-09T15:56:48+00:00","og_image":[{"url":"https:\/\/www.miamibeachfl.gov\/wp-content\/uploads\/2023\/12\/icon-facebook.png","type":"","width":"","height":""}],"author":"Emily Castillo","twitter_card":"summary_large_image","twitter_creator":"@Miamibeachnews","twitter_site":"@Miamibeachnews","schema":{"@context":"https:\/\/schema.org","@graph":[{"@type":"Article","@id":"https:\/\/www.miamibeachfl.gov\/miami-beach-art-deco-designed-to-move-you\/#article","isPartOf":{"@id":"https:\/\/www.miamibeachfl.gov\/miami-beach-art-deco-designed-to-move-you\/"},"author":{"name":"Emily Castillo","@id":"https:\/\/www.miamibeachfl.gov\/#\/schema\/person\/7b37a95841b5231439bceb3fe7f46378"},"headline":"Miami Beach Art Deco: \u2018Designed to Move You\u2019","datePublished":"2025-12-08T17:35:00+00:00","dateModified":"2025-12-09T15:56:48+00:00","mainEntityOfPage":{"@id":"https:\/\/www.miamibeachfl.gov\/miami-beach-art-deco-designed-to-move-you\/"},"wordCount":431,"publisher":{"@id":"https:\/\/www.miamibeachfl.gov\/#organization"},"image":{"@id":"https:\/\/www.miamibeachfl.gov\/miami-beach-art-deco-designed-to-move-you\/#primaryimage"},"thumbnailUrl":"https:\/\/www.miamibeachfl.gov\/wp-content\/uploads\/2023\/12\/icon-facebook.png","articleSection":["2025 Press Releases"],"inLanguage":"ht"},{"@type":"WebPage","@id":"https:\/\/www.miamibeachfl.gov\/miami-beach-art-deco-designed-to-move-you\/","url":"https:\/\/www.miamibeachfl.gov\/miami-beach-art-deco-designed-to-move-you\/","name":"Miami Beach Art Deco: \u2018Designed to Move You\u2019 - City of Miami Beach","isPartOf":{"@id":"https:\/\/www.miamibeachfl.gov\/#website"},"primaryImageOfPage":{"@id":"https:\/\/www.miamibeachfl.gov\/miami-beach-art-deco-designed-to-move-you\/#primaryimage"},"image":{"@id":"https:\/\/www.miamibeachfl.gov\/miami-beach-art-deco-designed-to-move-you\/#primaryimage"},"thumbnailUrl":"https:\/\/www.miamibeachfl.gov\/wp-content\/uploads\/2023\/12\/icon-facebook.png","datePublished":"2025-12-08T17:35:00+00:00","dateModified":"2025-12-09T15:56:48+00:00","description":"Following another successful Art Week Miami Beach, the focus is once again turning back to the city\u2019s permanent art collection.","breadcrumb":{"@id":"https:\/\/www.miamibeachfl.gov\/miami-beach-art-deco-designed-to-move-you\/#breadcrumb"},"inLanguage":"ht","potentialAction":[{"@type":"ReadAction","target":["https:\/\/www.miamibeachfl.gov\/miami-beach-art-deco-designed-to-move-you\/"]}]},{"@type":"ImageObject","inLanguage":"ht","@id":"https:\/\/www.miamibeachfl.gov\/miami-beach-art-deco-designed-to-move-you\/#primaryimage","url":"https:\/\/www.miamibeachfl.gov\/wp-content\/uploads\/2023\/12\/icon-facebook.png","contentUrl":"https:\/\/www.miamibeachfl.gov\/wp-content\/uploads\/2023\/12\/icon-facebook.png"},{"@type":"BreadcrumbList","@id":"https:\/\/www.miamibeachfl.gov\/miami-beach-art-deco-designed-to-move-you\/#breadcrumb","itemListElement":[{"@type":"ListItem","position":1,"name":"Home","item":"https:\/\/www.miamibeachfl.gov\/"},{"@type":"ListItem","position":2,"name":"Miami Beach Art Deco: \u2018Designed to Move You\u2019"}]},{"@type":"WebSite","@id":"https:\/\/www.miamibeachfl.gov\/#website","url":"https:\/\/www.miamibeachfl.gov\/","name":"Vil Miami Beach","description":"Sitw\u00e8b ofisy\u00e8l Vil Miami Beach la. Rete enf\u00f2me, jwenn enf\u00f2masyon enp\u00f2tan sou s\u00e8vis vil la, nouv\u00e8l, al\u00e8t, ev\u00e8nman, wout tramway, travay gouv\u00e8nman an ak plis ank\u00f2.","publisher":{"@id":"https:\/\/www.miamibeachfl.gov\/#organization"},"potentialAction":[{"@type":"SearchAction","target":{"@type":"EntryPoint","urlTemplate":"https:\/\/www.miamibeachfl.gov\/?s={search_term_string}"},"query-input":{"@type":"PropertyValueSpecification","valueRequired":true,"valueName":"search_term_string"}}],"inLanguage":"ht"},{"@type":"Organization","@id":"https:\/\/www.miamibeachfl.gov\/#organization","name":"Vil Miami Beach","url":"https:\/\/www.miamibeachfl.gov\/","logo":{"@type":"ImageObject","inLanguage":"ht","@id":"https:\/\/www.miamibeachfl.gov\/#\/schema\/logo\/image\/","url":"https:\/\/www.miamibeachfl.gov\/wp-content\/uploads\/2022\/06\/miamibeach-logoblue.png","contentUrl":"https:\/\/www.miamibeachfl.gov\/wp-content\/uploads\/2022\/06\/miamibeach-logoblue.png","width":1962,"height":381,"caption":"City of Miami Beach"},"image":{"@id":"https:\/\/www.miamibeachfl.gov\/#\/schema\/logo\/image\/"},"sameAs":["https:\/\/www.facebook.com\/cityofmiamibeach","https:\/\/x.com\/Miamibeachnews","https:\/\/www.instagram.com\/miamibeachnews\/"],"description":"Sitw\u00e8b ofisy\u00e8l Vil Miami Beach la. Rete enf\u00f2me, jwenn enf\u00f2masyon enp\u00f2tan sou s\u00e8vis vil la, nouv\u00e8l, al\u00e8t, ev\u00e8nman, wout tramway, travay gouv\u00e8nman an ak plis ank\u00f2.","telephone":"305.604.CITY(2489)","legalName":"City of Miami Beach"},{"@type":"Person","@id":"https:\/\/www.miamibeachfl.gov\/#\/schema\/person\/7b37a95841b5231439bceb3fe7f46378","name":"Emily Castillo"}]}},"_links":{"self":[{"href":"https:\/\/www.miamibeachfl.gov\/ht\/wp-json\/wp\/v2\/posts\/393140","targetHints":{"allow":["GET"]}}],"collection":[{"href":"https:\/\/www.miamibeachfl.gov\/ht\/wp-json\/wp\/v2\/posts"}],"about":[{"href":"https:\/\/www.miamibeachfl.gov\/ht\/wp-json\/wp\/v2\/types\/post"}],"author":[{"embeddable":true,"href":"https:\/\/www.miamibeachfl.gov\/ht\/wp-json\/wp\/v2\/users\/361"}],"replies":[{"embeddable":true,"href":"https:\/\/www.miamibeachfl.gov\/ht\/wp-json\/wp\/v2\/comments?post=393140"}],"version-history":[{"count":3,"href":"https:\/\/www.miamibeachfl.gov\/ht\/wp-json\/wp\/v2\/posts\/393140\/revisions"}],"predecessor-version":[{"id":393147,"href":"https:\/\/www.miamibeachfl.gov\/ht\/wp-json\/wp\/v2\/posts\/393140\/revisions\/393147"}],"wp:attachment":[{"href":"https:\/\/www.miamibeachfl.gov\/ht\/wp-json\/wp\/v2\/media?parent=393140"}],"wp:term":[{"taxonomy":"category","embeddable":true,"href":"https:\/\/www.miamibeachfl.gov\/ht\/wp-json\/wp\/v2\/categories?post=393140"},{"taxonomy":"post_tag","embeddable":true,"href":"https:\/\/www.miamibeachfl.gov\/ht\/wp-json\/wp\/v2\/tags?post=393140"}],"curies":[{"name":"wp","href":"https:\/\/api.w.org\/{rel}","templated":true}]}}