{"id":397487,"date":"2026-03-17T08:04:00","date_gmt":"2026-03-17T12:04:00","guid":{"rendered":"https:\/\/www.miamibeachfl.gov\/?p=397487"},"modified":"2026-03-17T10:14:29","modified_gmt":"2026-03-17T14:14:29","slug":"miami-beach-to-celebrate-benito-juarez-day","status":"publish","type":"post","link":"https:\/\/www.miamibeachfl.gov\/ht\/miami-beach-to-celebrate-benito-juarez-day\/","title":{"rendered":"Miami Beach pral selebre Jou Benito Ju\u00e1rez la"},"content":{"rendered":"<a href=\"https:\/\/www.miamibeachfl.gov\/wp-content\/uploads\/2026\/03\/Miami-Beach-To-Celebrate-Benito-Juarez-Day.pdf\" target=\"_blank\" rel=\"noopener\">\n\t\t\t\t\t\tTelechaje Kominike pou lapr\u00e8s la\n\t\t\t\t\t<\/a>\n<h2>\n\t\t\tPataje:\t<\/h2>\n\t\t\t\t\t\t\t\t\t\t<a class= \"uabb-ss-grid-button-link\" href=\"https:\/\/www.facebook.com\/sharer.php?u=https%3A%2F%2Fwww.miamibeachfl.gov%2F%3Fp%3D397487%26fl_builder\" target=\"_blank\" onclick=\"window.open(this.href,'social-share','left=20,top=20,width=500,height=500,toolbar=1,resizable=0');return false;\">\n\t\t\t\t\t\t\t\t\t\t\t\t\t\t\t\t\t\t\t\t\t\t\t<img decoding=\"async\" src=\"https:\/\/www.miamibeachfl.gov\/wp-content\/uploads\/2023\/12\/icon-facebook.png\" alt=\"283216\"\/>\n\t\t\t\t\t\t\t\t\t\t<\/a>\n\t\t\t\t\t\t\t\t\t\t<a class= \"uabb-ss-grid-button-link\" href=\"https:\/\/twitter.com\/share?url=https%3A%2F%2Fwww.miamibeachfl.gov%2F%3Fp%3D397487%26fl_builder\" target=\"_blank\" onclick=\"window.open(this.href,'social-share','left=20,top=20,width=500,height=500,toolbar=1,resizable=0');return false;\">\n\t\t\t\t\t\t\t\t\t\t\t\t\t\t\t\t\t\t\t\t\t\t\t<img decoding=\"async\" src=\"https:\/\/www.miamibeachfl.gov\/wp-content\/uploads\/2023\/12\/icon-twitterx.png\" alt=\"283218\"\/>\n\t\t\t\t\t\t\t\t\t\t<\/a>\n\t\t\t\t\t\t\t\t\t\t<a class= \"uabb-ss-grid-button-link\" href=\"https:\/\/www.linkedin.com\/shareArticle?url=https%3A%2F%2Fwww.miamibeachfl.gov%2F%3Fp%3D397487%26fl_builder\" target=\"_blank\" onclick=\"window.open(this.href,'social-share','left=20,top=20,width=500,height=500,toolbar=1,resizable=0');return false;\">\n\t\t\t\t\t\t\t\t\t\t\t\t\t\t\t\t\t\t\t\t\t\t\t<img decoding=\"async\" src=\"https:\/\/www.miamibeachfl.gov\/wp-content\/uploads\/2023\/12\/icon-linkedin.png\" alt=\"283217\"\/>\n\t\t\t\t\t\t\t\t\t\t<\/a>\n<h2>\n\t\t\tpou lage imedya\t<\/h2>\n<h2>\n\t\t\t17 mas 2026\t<\/h2>\n<h3>\n\t\t\t\u2013 Yon seremoni ansanm ak Konsila Jeneral Meksik la ap dewoule jedi 19 mas nan Collins Park \u2013 \t<\/h3>\n\t<p><strong>Miami Beach, Florid<\/strong> Vil Miami Beach ak Konsila Jeneral Meksik nan Miami pral onore ewo revolisyon\u00e8 Meksiken an ak ansyen prezidan Benito Ju\u00e1rez pandan yon seremoni espesyal nan dat... <strong>Jedi 19 Mas<\/strong> nan <strong>4\u00e8 apr\u00e8midi<\/strong>an kolaborasyon av\u00e8k Komite Af\u00e8 Ispanik vil la.<\/p>\n<p>Selebrasyon an ap f\u00e8t nan <strong>Pak Collins nan 21y\u00e8m Ri ak Collins Avenue<\/strong> pa bust an bwonz p\u00e8manan Juarez la, ki mezire 2 pye, ke gouv\u00e8nman Meksik la te ofri vil la an kado an 2024.<\/p>\n<p>\u201cEritaj Benito Ju\u00e1rez la p\u00e8m\u00e8t nou reflechi sou prensip fondamantal eta de dwa ak pouswit egalite op\u00f2tinite pou tout moun,\u201d te di. <strong>Majistra Miami Beach Steven Meiner<\/strong>&quot;Miami Beach onore pou l mete t\u00e8t ansanm ak Konsila Jeneral Meksik la nan Collins Park pou selebre ideyal dirab sa yo.&quot;<\/p>\n<p>Ju\u00e1rez te defann demokrasi epi li te dirije Meksik epi li te inogire ref\u00f2m vital, tankou etablisman edikasyon sekily\u00e8 ak pwoteksyon lib\u00e8te relijye.<\/p>\n<p>&quot;Prezans Benito Ju\u00e1rez nan listwa peyi nou an make konsolidasyon Meksik k\u00f2m yon Repiblik demokratik, endepandan ak souveren,&quot; te pataje. <strong>Konsil Jeneral Meksik nan Miami Rutilio Escand\u00f3n Cadenas<\/strong>&quot;Eritaj li a raple nou ke nou tout egal devan lalwa.&quot;<\/p>\n<p>Ev\u00e8nman an ap gen ladan yon seremoni depoze kouw\u00f2n fl\u00e8 ak yon p\u00e8f\u00f2mans dans espesyal pa \u00f2ganizasyon kiltir\u00e8l Meksiken an, Ameyal, mizik mariachi pa Aventureros yo ak yon p\u00e8f\u00f2mans mizikal pa Marimba Nica.<\/p>\n<p>###<\/p>\n<p><em>Pou mande matery\u00e8l sa a nan yon l\u00f2t f\u00f2ma, yon ent\u00e8pr\u00e8t lang siy (ou bezwen yon avi senk jou), enf\u00f2masyon sou aks\u00e8 pou moun ki andikape, ak\/oswa nenp\u00f2t aranjman pou revize nenp\u00f2t dokiman oswa patisipe nan nenp\u00f2t pwosedi vil la ap \u00f2ganize, rele 305.604.2ADA (2232) epi chwazi 1 pou angle oswa 2 pou pany\u00f2l, answit opsyon 6; itilizat\u00e8 TTY yo ka rele atrav\u00e8 711 (S\u00e8vis Rel\u00e8 Florid).<\/em><\/p>","protected":false},"excerpt":{"rendered":"<p>Download Press Release Share: for immediate release March 17, 2026 &#8211; A joint ceremony with the Consulate General of Mexico [&hellip;]<\/p>\n","protected":false},"author":361,"featured_media":0,"comment_status":"closed","ping_status":"closed","sticky":false,"template":"","format":"standard","meta":{"_searchwp_excluded":"","site-sidebar-layout":"default","site-content-layout":"","ast-site-content-layout":"default","site-content-style":"default","site-sidebar-style":"default","ast-global-header-display":"","ast-banner-title-visibility":"","ast-main-header-display":"","ast-hfb-above-header-display":"","ast-hfb-below-header-display":"","ast-hfb-mobile-header-display":"","site-post-title":"","ast-breadcrumbs-content":"","ast-featured-img":"","footer-sml-layout":"","theme-transparent-header-meta":"","adv-header-id-meta":"","stick-header-meta":"","header-above-stick-meta":"","header-main-stick-meta":"","header-below-stick-meta":"","astra-migrate-meta-layouts":"default","ast-page-background-enabled":"default","ast-page-background-meta":{"desktop":{"background-color":"var(--ast-global-color-5)","background-image":"","background-repeat":"repeat","background-position":"center center","background-size":"auto","background-attachment":"scroll","background-type":"","background-media":"","overlay-type":"","overlay-color":"","overlay-opacity":"","overlay-gradient":""},"tablet":{"background-color":"","background-image":"","background-repeat":"repeat","background-position":"center center","background-size":"auto","background-attachment":"scroll","background-type":"","background-media":"","overlay-type":"","overlay-color":"","overlay-opacity":"","overlay-gradient":""},"mobile":{"background-color":"","background-image":"","background-repeat":"repeat","background-position":"center center","background-size":"auto","background-attachment":"scroll","background-type":"","background-media":"","overlay-type":"","overlay-color":"","overlay-opacity":"","overlay-gradient":""}},"ast-content-background-meta":{"desktop":{"background-color":"var(--ast-global-color-4)","background-image":"","background-repeat":"repeat","background-position":"center center","background-size":"auto","background-attachment":"scroll","background-type":"","background-media":"","overlay-type":"","overlay-color":"","overlay-opacity":"","overlay-gradient":""},"tablet":{"background-color":"var(--ast-global-color-4)","background-image":"","background-repeat":"repeat","background-position":"center center","background-size":"auto","background-attachment":"scroll","background-type":"","background-media":"","overlay-type":"","overlay-color":"","overlay-opacity":"","overlay-gradient":""},"mobile":{"background-color":"var(--ast-global-color-4)","background-image":"","background-repeat":"repeat","background-position":"center center","background-size":"auto","background-attachment":"scroll","background-type":"","background-media":"","overlay-type":"","overlay-color":"","overlay-opacity":"","overlay-gradient":""}},"footnotes":""},"categories":[1846],"tags":[],"class_list":["post-397487","post","type-post","status-publish","format-standard","hentry","category-2026-press-releases"],"yoast_head":"<!-- This site is optimized with the Yoast SEO Premium plugin v27.4 (Yoast SEO v27.4) - https:\/\/yoast.com\/product\/yoast-seo-premium-wordpress\/ -->\n<title>Miami Beach To Celebrate Benito Ju\u00e1rez Day - City of Miami Beach<\/title>\n<meta name=\"description\" content=\"The City of Miami Beach and Consulate General of Mexico in Miami will honor Mexican revolutionary hero and former president Benito Ju\u00e1rez.\" \/>\n<meta name=\"robots\" content=\"index, follow, max-snippet:-1, max-image-preview:large, max-video-preview:-1\" \/>\n<link rel=\"canonical\" href=\"https:\/\/www.miamibeachfl.gov\/ht\/miami-beach-to-celebrate-benito-juarez-day\/\" \/>\n<meta property=\"og:locale\" content=\"ht_HT\" \/>\n<meta property=\"og:type\" content=\"article\" \/>\n<meta property=\"og:title\" content=\"Miami Beach To Celebrate Benito Ju\u00e1rez Day\" \/>\n<meta property=\"og:description\" content=\"The City of Miami Beach and Consulate General of Mexico in Miami will honor Mexican revolutionary hero and former president Benito Ju\u00e1rez.\" \/>\n<meta property=\"og:url\" content=\"https:\/\/www.miamibeachfl.gov\/ht\/miami-beach-to-celebrate-benito-juarez-day\/\" \/>\n<meta property=\"og:site_name\" content=\"City of Miami Beach\" \/>\n<meta property=\"article:publisher\" content=\"https:\/\/www.facebook.com\/cityofmiamibeach\" \/>\n<meta property=\"article:published_time\" content=\"2026-03-17T12:04:00+00:00\" \/>\n<meta property=\"article:modified_time\" content=\"2026-03-17T14:14:29+00:00\" \/>\n<meta property=\"og:image\" content=\"https:\/\/www.miamibeachfl.gov\/wp-content\/uploads\/2023\/12\/icon-facebook.png\" \/>\n<meta name=\"author\" content=\"Emily Castillo\" \/>\n<meta name=\"twitter:card\" content=\"summary_large_image\" \/>\n<meta name=\"twitter:creator\" content=\"@Miamibeachnews\" \/>\n<meta name=\"twitter:site\" content=\"@Miamibeachnews\" \/>\n<script type=\"application\/ld+json\" class=\"yoast-schema-graph\">{\"@context\":\"https:\\\/\\\/schema.org\",\"@graph\":[{\"@type\":\"Article\",\"@id\":\"https:\\\/\\\/www.miamibeachfl.gov\\\/miami-beach-to-celebrate-benito-juarez-day\\\/#article\",\"isPartOf\":{\"@id\":\"https:\\\/\\\/www.miamibeachfl.gov\\\/miami-beach-to-celebrate-benito-juarez-day\\\/\"},\"author\":{\"name\":\"Emily Castillo\",\"@id\":\"https:\\\/\\\/www.miamibeachfl.gov\\\/#\\\/schema\\\/person\\\/7b37a95841b5231439bceb3fe7f46378\"},\"headline\":\"Miami Beach To Celebrate Benito Ju\u00e1rez Day\",\"datePublished\":\"2026-03-17T12:04:00+00:00\",\"dateModified\":\"2026-03-17T14:14:29+00:00\",\"mainEntityOfPage\":{\"@id\":\"https:\\\/\\\/www.miamibeachfl.gov\\\/miami-beach-to-celebrate-benito-juarez-day\\\/\"},\"wordCount\":318,\"publisher\":{\"@id\":\"https:\\\/\\\/www.miamibeachfl.gov\\\/#organization\"},\"image\":{\"@id\":\"https:\\\/\\\/www.miamibeachfl.gov\\\/miami-beach-to-celebrate-benito-juarez-day\\\/#primaryimage\"},\"thumbnailUrl\":\"https:\\\/\\\/www.miamibeachfl.gov\\\/wp-content\\\/uploads\\\/2023\\\/12\\\/icon-facebook.png\",\"articleSection\":[\"2026 Press Releases\"],\"inLanguage\":\"ht\"},{\"@type\":\"WebPage\",\"@id\":\"https:\\\/\\\/www.miamibeachfl.gov\\\/miami-beach-to-celebrate-benito-juarez-day\\\/\",\"url\":\"https:\\\/\\\/www.miamibeachfl.gov\\\/miami-beach-to-celebrate-benito-juarez-day\\\/\",\"name\":\"Miami Beach To Celebrate Benito Ju\u00e1rez Day - City of Miami Beach\",\"isPartOf\":{\"@id\":\"https:\\\/\\\/www.miamibeachfl.gov\\\/#website\"},\"primaryImageOfPage\":{\"@id\":\"https:\\\/\\\/www.miamibeachfl.gov\\\/miami-beach-to-celebrate-benito-juarez-day\\\/#primaryimage\"},\"image\":{\"@id\":\"https:\\\/\\\/www.miamibeachfl.gov\\\/miami-beach-to-celebrate-benito-juarez-day\\\/#primaryimage\"},\"thumbnailUrl\":\"https:\\\/\\\/www.miamibeachfl.gov\\\/wp-content\\\/uploads\\\/2023\\\/12\\\/icon-facebook.png\",\"datePublished\":\"2026-03-17T12:04:00+00:00\",\"dateModified\":\"2026-03-17T14:14:29+00:00\",\"description\":\"The City of Miami Beach and Consulate General of Mexico in Miami will honor Mexican revolutionary hero and former president Benito Ju\u00e1rez.\",\"breadcrumb\":{\"@id\":\"https:\\\/\\\/www.miamibeachfl.gov\\\/miami-beach-to-celebrate-benito-juarez-day\\\/#breadcrumb\"},\"inLanguage\":\"ht\",\"potentialAction\":[{\"@type\":\"ReadAction\",\"target\":[\"https:\\\/\\\/www.miamibeachfl.gov\\\/miami-beach-to-celebrate-benito-juarez-day\\\/\"]}]},{\"@type\":\"ImageObject\",\"inLanguage\":\"ht\",\"@id\":\"https:\\\/\\\/www.miamibeachfl.gov\\\/miami-beach-to-celebrate-benito-juarez-day\\\/#primaryimage\",\"url\":\"https:\\\/\\\/www.miamibeachfl.gov\\\/wp-content\\\/uploads\\\/2023\\\/12\\\/icon-facebook.png\",\"contentUrl\":\"https:\\\/\\\/www.miamibeachfl.gov\\\/wp-content\\\/uploads\\\/2023\\\/12\\\/icon-facebook.png\"},{\"@type\":\"BreadcrumbList\",\"@id\":\"https:\\\/\\\/www.miamibeachfl.gov\\\/miami-beach-to-celebrate-benito-juarez-day\\\/#breadcrumb\",\"itemListElement\":[{\"@type\":\"ListItem\",\"position\":1,\"name\":\"Home\",\"item\":\"https:\\\/\\\/www.miamibeachfl.gov\\\/\"},{\"@type\":\"ListItem\",\"position\":2,\"name\":\"Miami Beach To Celebrate Benito Ju\u00e1rez Day\"}]},{\"@type\":\"WebSite\",\"@id\":\"https:\\\/\\\/www.miamibeachfl.gov\\\/#website\",\"url\":\"https:\\\/\\\/www.miamibeachfl.gov\\\/\",\"name\":\"City of Miami Beach\",\"description\":\"The official website of the City of Miami Beach. Stay informed, find important information on city services, news, alerts, events, trolley routes, government employment and more.\",\"publisher\":{\"@id\":\"https:\\\/\\\/www.miamibeachfl.gov\\\/#organization\"},\"potentialAction\":[{\"@type\":\"SearchAction\",\"target\":{\"@type\":\"EntryPoint\",\"urlTemplate\":\"https:\\\/\\\/www.miamibeachfl.gov\\\/?s={search_term_string}\"},\"query-input\":{\"@type\":\"PropertyValueSpecification\",\"valueRequired\":true,\"valueName\":\"search_term_string\"}}],\"inLanguage\":\"ht\"},{\"@type\":\"Organization\",\"@id\":\"https:\\\/\\\/www.miamibeachfl.gov\\\/#organization\",\"name\":\"City of Miami Beach\",\"url\":\"https:\\\/\\\/www.miamibeachfl.gov\\\/\",\"logo\":{\"@type\":\"ImageObject\",\"inLanguage\":\"ht\",\"@id\":\"https:\\\/\\\/www.miamibeachfl.gov\\\/#\\\/schema\\\/logo\\\/image\\\/\",\"url\":\"https:\\\/\\\/www.miamibeachfl.gov\\\/wp-content\\\/uploads\\\/2022\\\/06\\\/miamibeach-logoblue.png\",\"contentUrl\":\"https:\\\/\\\/www.miamibeachfl.gov\\\/wp-content\\\/uploads\\\/2022\\\/06\\\/miamibeach-logoblue.png\",\"width\":1962,\"height\":381,\"caption\":\"City of Miami Beach\"},\"image\":{\"@id\":\"https:\\\/\\\/www.miamibeachfl.gov\\\/#\\\/schema\\\/logo\\\/image\\\/\"},\"sameAs\":[\"https:\\\/\\\/www.facebook.com\\\/cityofmiamibeach\",\"https:\\\/\\\/x.com\\\/Miamibeachnews\",\"https:\\\/\\\/www.instagram.com\\\/miamibeachnews\\\/\"],\"description\":\"The official website of the City of Miami Beach. Stay informed, find important information on city services, news, alerts, events, trolley routes, government employment and more.\",\"telephone\":\"305.604.CITY(2489)\",\"legalName\":\"City of Miami Beach\"},{\"@type\":\"Person\",\"@id\":\"https:\\\/\\\/www.miamibeachfl.gov\\\/#\\\/schema\\\/person\\\/7b37a95841b5231439bceb3fe7f46378\",\"name\":\"Emily Castillo\"}]}<\/script>\n<!-- \/ Yoast SEO Premium plugin. -->","yoast_head_json":{"title":"Miami Beach pral selebre jou Benito Ju\u00e1rez la - Vil Miami Beach","description":"Vil Miami Beach ak Konsila Jeneral Meksik nan Miami pral onore ewo revolisyon\u00e8 Meksiken an ak ansyen prezidan Benito Ju\u00e1rez.","robots":{"index":"index","follow":"follow","max-snippet":"max-snippet:-1","max-image-preview":"max-image-preview:large","max-video-preview":"max-video-preview:-1"},"canonical":"https:\/\/www.miamibeachfl.gov\/ht\/miami-beach-to-celebrate-benito-juarez-day\/","og_locale":"ht_HT","og_type":"article","og_title":"Miami Beach To Celebrate Benito Ju\u00e1rez Day","og_description":"The City of Miami Beach and Consulate General of Mexico in Miami will honor Mexican revolutionary hero and former president Benito Ju\u00e1rez.","og_url":"https:\/\/www.miamibeachfl.gov\/ht\/miami-beach-to-celebrate-benito-juarez-day\/","og_site_name":"City of Miami Beach","article_publisher":"https:\/\/www.facebook.com\/cityofmiamibeach","article_published_time":"2026-03-17T12:04:00+00:00","article_modified_time":"2026-03-17T14:14:29+00:00","og_image":[{"url":"https:\/\/www.miamibeachfl.gov\/wp-content\/uploads\/2023\/12\/icon-facebook.png","type":"","width":"","height":""}],"author":"Emily Castillo","twitter_card":"summary_large_image","twitter_creator":"@Miamibeachnews","twitter_site":"@Miamibeachnews","schema":{"@context":"https:\/\/schema.org","@graph":[{"@type":"Article","@id":"https:\/\/www.miamibeachfl.gov\/miami-beach-to-celebrate-benito-juarez-day\/#article","isPartOf":{"@id":"https:\/\/www.miamibeachfl.gov\/miami-beach-to-celebrate-benito-juarez-day\/"},"author":{"name":"Emily Castillo","@id":"https:\/\/www.miamibeachfl.gov\/#\/schema\/person\/7b37a95841b5231439bceb3fe7f46378"},"headline":"Miami Beach To Celebrate Benito Ju\u00e1rez Day","datePublished":"2026-03-17T12:04:00+00:00","dateModified":"2026-03-17T14:14:29+00:00","mainEntityOfPage":{"@id":"https:\/\/www.miamibeachfl.gov\/miami-beach-to-celebrate-benito-juarez-day\/"},"wordCount":318,"publisher":{"@id":"https:\/\/www.miamibeachfl.gov\/#organization"},"image":{"@id":"https:\/\/www.miamibeachfl.gov\/miami-beach-to-celebrate-benito-juarez-day\/#primaryimage"},"thumbnailUrl":"https:\/\/www.miamibeachfl.gov\/wp-content\/uploads\/2023\/12\/icon-facebook.png","articleSection":["2026 Press Releases"],"inLanguage":"ht"},{"@type":"WebPage","@id":"https:\/\/www.miamibeachfl.gov\/miami-beach-to-celebrate-benito-juarez-day\/","url":"https:\/\/www.miamibeachfl.gov\/miami-beach-to-celebrate-benito-juarez-day\/","name":"Miami Beach pral selebre jou Benito Ju\u00e1rez la - Vil Miami Beach","isPartOf":{"@id":"https:\/\/www.miamibeachfl.gov\/#website"},"primaryImageOfPage":{"@id":"https:\/\/www.miamibeachfl.gov\/miami-beach-to-celebrate-benito-juarez-day\/#primaryimage"},"image":{"@id":"https:\/\/www.miamibeachfl.gov\/miami-beach-to-celebrate-benito-juarez-day\/#primaryimage"},"thumbnailUrl":"https:\/\/www.miamibeachfl.gov\/wp-content\/uploads\/2023\/12\/icon-facebook.png","datePublished":"2026-03-17T12:04:00+00:00","dateModified":"2026-03-17T14:14:29+00:00","description":"Vil Miami Beach ak Konsila Jeneral Meksik nan Miami pral onore ewo revolisyon\u00e8 Meksiken an ak ansyen prezidan Benito Ju\u00e1rez.","breadcrumb":{"@id":"https:\/\/www.miamibeachfl.gov\/miami-beach-to-celebrate-benito-juarez-day\/#breadcrumb"},"inLanguage":"ht","potentialAction":[{"@type":"ReadAction","target":["https:\/\/www.miamibeachfl.gov\/miami-beach-to-celebrate-benito-juarez-day\/"]}]},{"@type":"ImageObject","inLanguage":"ht","@id":"https:\/\/www.miamibeachfl.gov\/miami-beach-to-celebrate-benito-juarez-day\/#primaryimage","url":"https:\/\/www.miamibeachfl.gov\/wp-content\/uploads\/2023\/12\/icon-facebook.png","contentUrl":"https:\/\/www.miamibeachfl.gov\/wp-content\/uploads\/2023\/12\/icon-facebook.png"},{"@type":"BreadcrumbList","@id":"https:\/\/www.miamibeachfl.gov\/miami-beach-to-celebrate-benito-juarez-day\/#breadcrumb","itemListElement":[{"@type":"ListItem","position":1,"name":"Home","item":"https:\/\/www.miamibeachfl.gov\/"},{"@type":"ListItem","position":2,"name":"Miami Beach To Celebrate Benito Ju\u00e1rez Day"}]},{"@type":"WebSite","@id":"https:\/\/www.miamibeachfl.gov\/#website","url":"https:\/\/www.miamibeachfl.gov\/","name":"Vil Miami Beach","description":"Sitw\u00e8b ofisy\u00e8l Vil Miami Beach la. Rete enf\u00f2me, jwenn enf\u00f2masyon enp\u00f2tan sou s\u00e8vis vil la, nouv\u00e8l, al\u00e8t, ev\u00e8nman, wout tramway, travay gouv\u00e8nman an ak plis ank\u00f2.","publisher":{"@id":"https:\/\/www.miamibeachfl.gov\/#organization"},"potentialAction":[{"@type":"SearchAction","target":{"@type":"EntryPoint","urlTemplate":"https:\/\/www.miamibeachfl.gov\/?s={search_term_string}"},"query-input":{"@type":"PropertyValueSpecification","valueRequired":true,"valueName":"search_term_string"}}],"inLanguage":"ht"},{"@type":"Organization","@id":"https:\/\/www.miamibeachfl.gov\/#organization","name":"Vil Miami Beach","url":"https:\/\/www.miamibeachfl.gov\/","logo":{"@type":"ImageObject","inLanguage":"ht","@id":"https:\/\/www.miamibeachfl.gov\/#\/schema\/logo\/image\/","url":"https:\/\/www.miamibeachfl.gov\/wp-content\/uploads\/2022\/06\/miamibeach-logoblue.png","contentUrl":"https:\/\/www.miamibeachfl.gov\/wp-content\/uploads\/2022\/06\/miamibeach-logoblue.png","width":1962,"height":381,"caption":"City of Miami Beach"},"image":{"@id":"https:\/\/www.miamibeachfl.gov\/#\/schema\/logo\/image\/"},"sameAs":["https:\/\/www.facebook.com\/cityofmiamibeach","https:\/\/x.com\/Miamibeachnews","https:\/\/www.instagram.com\/miamibeachnews\/"],"description":"Sitw\u00e8b ofisy\u00e8l Vil Miami Beach la. Rete enf\u00f2me, jwenn enf\u00f2masyon enp\u00f2tan sou s\u00e8vis vil la, nouv\u00e8l, al\u00e8t, ev\u00e8nman, wout tramway, travay gouv\u00e8nman an ak plis ank\u00f2.","telephone":"305.604.CITY(2489)","legalName":"City of Miami Beach"},{"@type":"Person","@id":"https:\/\/www.miamibeachfl.gov\/#\/schema\/person\/7b37a95841b5231439bceb3fe7f46378","name":"Emily Castillo"}]}},"_links":{"self":[{"href":"https:\/\/www.miamibeachfl.gov\/ht\/wp-json\/wp\/v2\/posts\/397487","targetHints":{"allow":["GET"]}}],"collection":[{"href":"https:\/\/www.miamibeachfl.gov\/ht\/wp-json\/wp\/v2\/posts"}],"about":[{"href":"https:\/\/www.miamibeachfl.gov\/ht\/wp-json\/wp\/v2\/types\/post"}],"author":[{"embeddable":true,"href":"https:\/\/www.miamibeachfl.gov\/ht\/wp-json\/wp\/v2\/users\/361"}],"replies":[{"embeddable":true,"href":"https:\/\/www.miamibeachfl.gov\/ht\/wp-json\/wp\/v2\/comments?post=397487"}],"version-history":[{"count":2,"href":"https:\/\/www.miamibeachfl.gov\/ht\/wp-json\/wp\/v2\/posts\/397487\/revisions"}],"predecessor-version":[{"id":397490,"href":"https:\/\/www.miamibeachfl.gov\/ht\/wp-json\/wp\/v2\/posts\/397487\/revisions\/397490"}],"wp:attachment":[{"href":"https:\/\/www.miamibeachfl.gov\/ht\/wp-json\/wp\/v2\/media?parent=397487"}],"wp:term":[{"taxonomy":"category","embeddable":true,"href":"https:\/\/www.miamibeachfl.gov\/ht\/wp-json\/wp\/v2\/categories?post=397487"},{"taxonomy":"post_tag","embeddable":true,"href":"https:\/\/www.miamibeachfl.gov\/ht\/wp-json\/wp\/v2\/tags?post=397487"}],"curies":[{"name":"wp","href":"https:\/\/api.w.org\/{rel}","templated":true}]}}