{"id":368794,"date":"2025-06-16T13:30:57","date_gmt":"2025-06-16T17:30:57","guid":{"rendered":"https:\/\/www.miamibeachfl.gov\/?p=368794"},"modified":"2025-06-16T13:30:57","modified_gmt":"2025-06-16T17:30:57","slug":"miami-beach-to-hold-dedication-for-aden-perry-life-rings","status":"publish","type":"post","link":"https:\/\/www.miamibeachfl.gov\/pt\/miami-beach-to-hold-dedication-for-aden-perry-life-rings\/","title":{"rendered":"Miami Beach realizar\u00e1 cerim\u00f4nia de inaugura\u00e7\u00e3o dos salva-vidas de Aden Perry"},"content":{"rendered":"<p>Junte-se \u00e0 cidade de Miami Beach em <strong>Sexta-feira, 4 de abril, \u00e0s 16h<\/strong> quando a fam\u00edlia de um estudante do ensino m\u00e9dio do sul da Fl\u00f3rida que se afogou no Condado de Broward tentando salvar um estranho de 18 anos apresenta \u00e0 cidade a<\/p>\r\n\r\n<p><a href=\"https:\/\/www.miamibeachfl.gov\/wp-content\/uploads\/2025\/04\/Miami-Beach-To-Hold-Dedication-for-Aden-Perry-Life-Rings.pdf\" target=\"_blank\" rel=\"noopener\"> Baixar Comunicado de Imprensa <\/a><\/p>\r\n<h2>Compartilhar:<\/h2>\r\n<p><a class=\"uabb-ss-grid-button-link\" href=\"https:\/\/www.facebook.com\/sharer.php?u=https%3A%2F%2Fwww.miamibeachfl.gov%2F%3Fp%3D255630%26fl_builder\" target=\"_blank\" rel=\"noopener\"> <img decoding=\"async\" src=\"https:\/\/www.miamibeachfl.gov\/wp-content\/uploads\/2023\/12\/icon-facebook.png\" alt=\"283216\" \/> <\/a> <a class=\"uabb-ss-grid-button-link\" href=\"https:\/\/twitter.com\/share?url=https%3A%2F%2Fwww.miamibeachfl.gov%2F%3Fp%3D255630%26fl_builder\" target=\"_blank\" rel=\"noopener\"> <img decoding=\"async\" src=\"https:\/\/www.miamibeachfl.gov\/wp-content\/uploads\/2023\/12\/icon-twitterx.png\" alt=\"283218\" \/> <\/a> <a class=\"uabb-ss-grid-button-link\" href=\"https:\/\/www.linkedin.com\/shareArticle?url=https%3A%2F%2Fwww.miamibeachfl.gov%2F%3Fp%3D255630%26fl_builder\" target=\"_blank\" rel=\"noopener\"> <img decoding=\"async\" src=\"https:\/\/www.miamibeachfl.gov\/wp-content\/uploads\/2023\/12\/icon-linkedin.png\" alt=\"283217\" \/> <\/a><\/p>\r\n<h2>para libera\u00e7\u00e3o imediata<\/h2>\r\n<h2>2 de abril de 2025<\/h2>\r\n<h3>\u2013 A mem\u00f3ria de um corajoso adolescente do sul da Fl\u00f3rida continua viva atrav\u00e9s do Life Ring Hero Project \u2013<\/h3>\r\n<p><strong>Miami Beach, Fl\u00f3rida \u2013 <\/strong>Junte-se \u00e0 cidade de Miami Beach em <strong>Sexta-feira, 4 de abril, \u00e0s 16h<\/strong> Quando a fam\u00edlia de um estudante do ensino m\u00e9dio do sul da Fl\u00f3rida que se afogou no Condado de Broward tentando salvar um estranho de 18 anos presenteia a cidade com o primeiro de v\u00e1rios salva-vidas destinados a evitar trag\u00e9dias futuras como a que tirou a vida de Aden Perry, de 17 anos, h\u00e1 tr\u00eas anos. O evento acontecer\u00e1 em <strong>Parque dos Pinheiros<\/strong> (4493 Pine Tree Drive) perto do local de lan\u00e7amento do caiaque.<\/p>\r\n<p>\u201cComo pai, n\u00e3o consigo nem imaginar a dor que a fam\u00edlia de Aden sofreu desde esta trag\u00e9dia\u201d, disse <strong>Prefeito de Miami Beach, Steven Meiner. <\/strong>\u201cElogio a fam\u00edlia Perry por encontrar uma maneira de transformar sua dor incomensur\u00e1vel em salvar vidas.\u201d<\/p>\r\n<p>Miami Beach planeja instalar 14 b\u00f3ias salva-vidas Aden Perry ao longo dos cursos d&#039;\u00e1gua da cidade, em uma iniciativa conjunta com a Funda\u00e7\u00e3o Aden Perry. A organiza\u00e7\u00e3o sem fins lucrativos distribuiu mais de 400 b\u00f3ias salva-vidas para comunidades em todo o sul da Fl\u00f3rida em homenagem ao ato altru\u00edsta de Aden.<\/p>\r\n<p>Os munic\u00edpios t\u00eam a op\u00e7\u00e3o de comprar boias salva-vidas personalizadas adicionais com desconto do fabricante. Elas s\u00e3o exibidas em postos de emerg\u00eancia, aconselhando os usu\u00e1rios a ligar para o 190 em caso de emerg\u00eancia e a &quot;jogar... n\u00e3o entre&quot; na \u00e1gua.<\/p>\r\n<p>\u201cSe Aden tivesse acesso a um desses salva-vidas, ele talvez n\u00e3o tivesse que arriscar sua pr\u00f3pria vida ao cair no lago\u201d, disse <strong>Comiss\u00e1ria de Miami Beach, Kristen Rosen Gonzalez<\/strong>, que patrocinou a resolu\u00e7\u00e3o para instalar os dispositivos de flutua\u00e7\u00e3o em Miami Beach. &quot;O sacrif\u00edcio de Aden jamais ser\u00e1 esquecido em Miami Beach e em outros lugares.&quot;<\/p>\r\n<p>Perry, ent\u00e3o aluno da Western High School, se afogou em 20 de abril de 2022 ao tentar salvar um jogador de basquete do ensino m\u00e9dio que se perdeu a caminho de casa depois de um jogo. Enquanto o adolescente pedia informa\u00e7\u00f5es por telefone, perdeu uma curva, bateu no meio-fio e em uma \u00e1rvore antes de cair em um lago em Sunrise, onde se afogou.<\/p>\r\n<p>###<\/p>\r\n<p><em>Para solicitar este material em formato alternativo, int\u00e9rprete de linguagem de sinais (aviso pr\u00e9vio de cinco dias), informa\u00e7\u00f5es sobre acesso para pessoas com defici\u00eancia e\/ou qualquer acomoda\u00e7\u00e3o para revisar qualquer documento ou participar de qualquer processo patrocinado pela cidade, ligue para 305.604.2ADA (2232) e selecione 1 para ingl\u00eas ou 2 para espanhol e, em seguida, a op\u00e7\u00e3o 6; usu\u00e1rios de TTY podem ligar pelo 711 (Florida Relay Service).<\/em><\/p>","protected":false},"excerpt":{"rendered":"<p>Join the City of Miami Beach on Friday, April 4 at 4 p.m. when the family of a South Florida [&hellip;]<\/p>\n","protected":false},"author":361,"featured_media":0,"comment_status":"closed","ping_status":"closed","sticky":false,"template":"","format":"standard","meta":{"_searchwp_excluded":"","site-sidebar-layout":"default","site-content-layout":"","ast-site-content-layout":"default","site-content-style":"default","site-sidebar-style":"default","ast-global-header-display":"","ast-banner-title-visibility":"","ast-main-header-display":"","ast-hfb-above-header-display":"","ast-hfb-below-header-display":"","ast-hfb-mobile-header-display":"","site-post-title":"","ast-breadcrumbs-content":"","ast-featured-img":"","footer-sml-layout":"","theme-transparent-header-meta":"","adv-header-id-meta":"","stick-header-meta":"","header-above-stick-meta":"","header-main-stick-meta":"","header-below-stick-meta":"","astra-migrate-meta-layouts":"default","ast-page-background-enabled":"default","ast-page-background-meta":{"desktop":{"background-color":"var(--ast-global-color-5)","background-image":"","background-repeat":"repeat","background-position":"center center","background-size":"auto","background-attachment":"scroll","background-type":"","background-media":"","overlay-type":"","overlay-color":"","overlay-opacity":"","overlay-gradient":""},"tablet":{"background-color":"","background-image":"","background-repeat":"repeat","background-position":"center center","background-size":"auto","background-attachment":"scroll","background-type":"","background-media":"","overlay-type":"","overlay-color":"","overlay-opacity":"","overlay-gradient":""},"mobile":{"background-color":"","background-image":"","background-repeat":"repeat","background-position":"center center","background-size":"auto","background-attachment":"scroll","background-type":"","background-media":"","overlay-type":"","overlay-color":"","overlay-opacity":"","overlay-gradient":""}},"ast-content-background-meta":{"desktop":{"background-color":"var(--ast-global-color-4)","background-image":"","background-repeat":"repeat","background-position":"center center","background-size":"auto","background-attachment":"scroll","background-type":"","background-media":"","overlay-type":"","overlay-color":"","overlay-opacity":"","overlay-gradient":""},"tablet":{"background-color":"var(--ast-global-color-4)","background-image":"","background-repeat":"repeat","background-position":"center center","background-size":"auto","background-attachment":"scroll","background-type":"","background-media":"","overlay-type":"","overlay-color":"","overlay-opacity":"","overlay-gradient":""},"mobile":{"background-color":"var(--ast-global-color-4)","background-image":"","background-repeat":"repeat","background-position":"center center","background-size":"auto","background-attachment":"scroll","background-type":"","background-media":"","overlay-type":"","overlay-color":"","overlay-opacity":"","overlay-gradient":""}},"footnotes":""},"categories":[1664],"tags":[],"class_list":["post-368794","post","type-post","status-publish","format-standard","hentry","category-2025-press-releases"],"yoast_head":"<!-- This site is optimized with the Yoast SEO Premium plugin v27.4 (Yoast SEO v27.4) - https:\/\/yoast.com\/product\/yoast-seo-premium-wordpress\/ -->\n<title>Miami Beach to Hold Dedication for Aden Perry Life Rings - City of Miami Beach<\/title>\n<meta name=\"description\" content=\"Join the City of Miami Beach on Friday, April 4 at 4 p.m. when the family of a South Florida high school student who drowned in Broward County.\" \/>\n<meta name=\"robots\" content=\"index, follow, max-snippet:-1, max-image-preview:large, max-video-preview:-1\" \/>\n<link rel=\"canonical\" href=\"https:\/\/www.miamibeachfl.gov\/pt\/miami-beach-to-hold-dedication-for-aden-perry-life-rings\/\" \/>\n<meta property=\"og:locale\" content=\"pt_BR\" \/>\n<meta property=\"og:type\" content=\"article\" \/>\n<meta property=\"og:title\" content=\"Miami Beach to Hold Dedication for Aden Perry Life Rings\" \/>\n<meta property=\"og:description\" content=\"Join the City of Miami Beach on Friday, April 4 at 4 p.m. when the family of a South Florida high school student who drowned in Broward County.\" \/>\n<meta property=\"og:url\" content=\"https:\/\/www.miamibeachfl.gov\/pt\/miami-beach-to-hold-dedication-for-aden-perry-life-rings\/\" \/>\n<meta property=\"og:site_name\" content=\"City of Miami Beach\" \/>\n<meta property=\"article:publisher\" content=\"https:\/\/www.facebook.com\/cityofmiamibeach\" \/>\n<meta property=\"article:published_time\" content=\"2025-06-16T17:30:57+00:00\" \/>\n<meta property=\"og:image\" content=\"https:\/\/www.miamibeachfl.gov\/wp-content\/uploads\/2023\/12\/icon-facebook.png\" \/>\n<meta name=\"author\" content=\"Emily Castillo\" \/>\n<meta name=\"twitter:card\" content=\"summary_large_image\" \/>\n<meta name=\"twitter:creator\" content=\"@Miamibeachnews\" \/>\n<meta name=\"twitter:site\" content=\"@Miamibeachnews\" \/>\n<script type=\"application\/ld+json\" class=\"yoast-schema-graph\">{\"@context\":\"https:\\\/\\\/schema.org\",\"@graph\":[{\"@type\":\"Article\",\"@id\":\"https:\\\/\\\/www.miamibeachfl.gov\\\/miami-beach-to-hold-dedication-for-aden-perry-life-rings\\\/#article\",\"isPartOf\":{\"@id\":\"https:\\\/\\\/www.miamibeachfl.gov\\\/miami-beach-to-hold-dedication-for-aden-perry-life-rings\\\/\"},\"author\":{\"name\":\"Emily Castillo\",\"@id\":\"https:\\\/\\\/www.miamibeachfl.gov\\\/#\\\/schema\\\/person\\\/7b37a95841b5231439bceb3fe7f46378\"},\"headline\":\"Miami Beach to Hold Dedication for Aden Perry Life Rings\",\"datePublished\":\"2025-06-16T17:30:57+00:00\",\"mainEntityOfPage\":{\"@id\":\"https:\\\/\\\/www.miamibeachfl.gov\\\/miami-beach-to-hold-dedication-for-aden-perry-life-rings\\\/\"},\"wordCount\":451,\"publisher\":{\"@id\":\"https:\\\/\\\/www.miamibeachfl.gov\\\/#organization\"},\"image\":{\"@id\":\"https:\\\/\\\/www.miamibeachfl.gov\\\/miami-beach-to-hold-dedication-for-aden-perry-life-rings\\\/#primaryimage\"},\"thumbnailUrl\":\"https:\\\/\\\/www.miamibeachfl.gov\\\/wp-content\\\/uploads\\\/2023\\\/12\\\/icon-facebook.png\",\"articleSection\":[\"2025 Press Releases\"],\"inLanguage\":\"pt-BR\"},{\"@type\":\"WebPage\",\"@id\":\"https:\\\/\\\/www.miamibeachfl.gov\\\/miami-beach-to-hold-dedication-for-aden-perry-life-rings\\\/\",\"url\":\"https:\\\/\\\/www.miamibeachfl.gov\\\/miami-beach-to-hold-dedication-for-aden-perry-life-rings\\\/\",\"name\":\"Miami Beach to Hold Dedication for Aden Perry Life Rings - City of Miami Beach\",\"isPartOf\":{\"@id\":\"https:\\\/\\\/www.miamibeachfl.gov\\\/#website\"},\"primaryImageOfPage\":{\"@id\":\"https:\\\/\\\/www.miamibeachfl.gov\\\/miami-beach-to-hold-dedication-for-aden-perry-life-rings\\\/#primaryimage\"},\"image\":{\"@id\":\"https:\\\/\\\/www.miamibeachfl.gov\\\/miami-beach-to-hold-dedication-for-aden-perry-life-rings\\\/#primaryimage\"},\"thumbnailUrl\":\"https:\\\/\\\/www.miamibeachfl.gov\\\/wp-content\\\/uploads\\\/2023\\\/12\\\/icon-facebook.png\",\"datePublished\":\"2025-06-16T17:30:57+00:00\",\"description\":\"Join the City of Miami Beach on Friday, April 4 at 4 p.m. when the family of a South Florida high school student who drowned in Broward County.\",\"breadcrumb\":{\"@id\":\"https:\\\/\\\/www.miamibeachfl.gov\\\/miami-beach-to-hold-dedication-for-aden-perry-life-rings\\\/#breadcrumb\"},\"inLanguage\":\"pt-BR\",\"potentialAction\":[{\"@type\":\"ReadAction\",\"target\":[\"https:\\\/\\\/www.miamibeachfl.gov\\\/miami-beach-to-hold-dedication-for-aden-perry-life-rings\\\/\"]}]},{\"@type\":\"ImageObject\",\"inLanguage\":\"pt-BR\",\"@id\":\"https:\\\/\\\/www.miamibeachfl.gov\\\/miami-beach-to-hold-dedication-for-aden-perry-life-rings\\\/#primaryimage\",\"url\":\"https:\\\/\\\/www.miamibeachfl.gov\\\/wp-content\\\/uploads\\\/2023\\\/12\\\/icon-facebook.png\",\"contentUrl\":\"https:\\\/\\\/www.miamibeachfl.gov\\\/wp-content\\\/uploads\\\/2023\\\/12\\\/icon-facebook.png\"},{\"@type\":\"BreadcrumbList\",\"@id\":\"https:\\\/\\\/www.miamibeachfl.gov\\\/miami-beach-to-hold-dedication-for-aden-perry-life-rings\\\/#breadcrumb\",\"itemListElement\":[{\"@type\":\"ListItem\",\"position\":1,\"name\":\"Home\",\"item\":\"https:\\\/\\\/www.miamibeachfl.gov\\\/\"},{\"@type\":\"ListItem\",\"position\":2,\"name\":\"Miami Beach to Hold Dedication for Aden Perry Life Rings\"}]},{\"@type\":\"WebSite\",\"@id\":\"https:\\\/\\\/www.miamibeachfl.gov\\\/#website\",\"url\":\"https:\\\/\\\/www.miamibeachfl.gov\\\/\",\"name\":\"City of Miami Beach\",\"description\":\"The official website of the City of Miami Beach. Stay informed, find important information on city services, news, alerts, events, trolley routes, government employment and more.\",\"publisher\":{\"@id\":\"https:\\\/\\\/www.miamibeachfl.gov\\\/#organization\"},\"potentialAction\":[{\"@type\":\"SearchAction\",\"target\":{\"@type\":\"EntryPoint\",\"urlTemplate\":\"https:\\\/\\\/www.miamibeachfl.gov\\\/?s={search_term_string}\"},\"query-input\":{\"@type\":\"PropertyValueSpecification\",\"valueRequired\":true,\"valueName\":\"search_term_string\"}}],\"inLanguage\":\"pt-BR\"},{\"@type\":\"Organization\",\"@id\":\"https:\\\/\\\/www.miamibeachfl.gov\\\/#organization\",\"name\":\"City of Miami Beach\",\"url\":\"https:\\\/\\\/www.miamibeachfl.gov\\\/\",\"logo\":{\"@type\":\"ImageObject\",\"inLanguage\":\"pt-BR\",\"@id\":\"https:\\\/\\\/www.miamibeachfl.gov\\\/#\\\/schema\\\/logo\\\/image\\\/\",\"url\":\"https:\\\/\\\/www.miamibeachfl.gov\\\/wp-content\\\/uploads\\\/2022\\\/06\\\/miamibeach-logoblue.png\",\"contentUrl\":\"https:\\\/\\\/www.miamibeachfl.gov\\\/wp-content\\\/uploads\\\/2022\\\/06\\\/miamibeach-logoblue.png\",\"width\":1962,\"height\":381,\"caption\":\"City of Miami Beach\"},\"image\":{\"@id\":\"https:\\\/\\\/www.miamibeachfl.gov\\\/#\\\/schema\\\/logo\\\/image\\\/\"},\"sameAs\":[\"https:\\\/\\\/www.facebook.com\\\/cityofmiamibeach\",\"https:\\\/\\\/x.com\\\/Miamibeachnews\",\"https:\\\/\\\/www.instagram.com\\\/miamibeachnews\\\/\"],\"description\":\"The official website of the City of Miami Beach. Stay informed, find important information on city services, news, alerts, events, trolley routes, government employment and more.\",\"telephone\":\"305.604.CITY(2489)\",\"legalName\":\"City of Miami Beach\"},{\"@type\":\"Person\",\"@id\":\"https:\\\/\\\/www.miamibeachfl.gov\\\/#\\\/schema\\\/person\\\/7b37a95841b5231439bceb3fe7f46378\",\"name\":\"Emily Castillo\"}]}<\/script>\n<!-- \/ Yoast SEO Premium plugin. -->","yoast_head_json":{"title":"Miami Beach to Hold Dedication for Aden Perry Life Rings - City of Miami Beach","description":"Join the City of Miami Beach on Friday, April 4 at 4 p.m. when the family of a South Florida high school student who drowned in Broward County.","robots":{"index":"index","follow":"follow","max-snippet":"max-snippet:-1","max-image-preview":"max-image-preview:large","max-video-preview":"max-video-preview:-1"},"canonical":"https:\/\/www.miamibeachfl.gov\/pt\/miami-beach-to-hold-dedication-for-aden-perry-life-rings\/","og_locale":"pt_BR","og_type":"article","og_title":"Miami Beach to Hold Dedication for Aden Perry Life Rings","og_description":"Join the City of Miami Beach on Friday, April 4 at 4 p.m. when the family of a South Florida high school student who drowned in Broward County.","og_url":"https:\/\/www.miamibeachfl.gov\/pt\/miami-beach-to-hold-dedication-for-aden-perry-life-rings\/","og_site_name":"City of Miami Beach","article_publisher":"https:\/\/www.facebook.com\/cityofmiamibeach","article_published_time":"2025-06-16T17:30:57+00:00","og_image":[{"url":"https:\/\/www.miamibeachfl.gov\/wp-content\/uploads\/2023\/12\/icon-facebook.png","type":"","width":"","height":""}],"author":"Emily Castillo","twitter_card":"summary_large_image","twitter_creator":"@Miamibeachnews","twitter_site":"@Miamibeachnews","schema":{"@context":"https:\/\/schema.org","@graph":[{"@type":"Article","@id":"https:\/\/www.miamibeachfl.gov\/miami-beach-to-hold-dedication-for-aden-perry-life-rings\/#article","isPartOf":{"@id":"https:\/\/www.miamibeachfl.gov\/miami-beach-to-hold-dedication-for-aden-perry-life-rings\/"},"author":{"name":"Emily Castillo","@id":"https:\/\/www.miamibeachfl.gov\/#\/schema\/person\/7b37a95841b5231439bceb3fe7f46378"},"headline":"Miami Beach to Hold Dedication for Aden Perry Life Rings","datePublished":"2025-06-16T17:30:57+00:00","mainEntityOfPage":{"@id":"https:\/\/www.miamibeachfl.gov\/miami-beach-to-hold-dedication-for-aden-perry-life-rings\/"},"wordCount":451,"publisher":{"@id":"https:\/\/www.miamibeachfl.gov\/#organization"},"image":{"@id":"https:\/\/www.miamibeachfl.gov\/miami-beach-to-hold-dedication-for-aden-perry-life-rings\/#primaryimage"},"thumbnailUrl":"https:\/\/www.miamibeachfl.gov\/wp-content\/uploads\/2023\/12\/icon-facebook.png","articleSection":["2025 Press Releases"],"inLanguage":"pt-BR"},{"@type":"WebPage","@id":"https:\/\/www.miamibeachfl.gov\/miami-beach-to-hold-dedication-for-aden-perry-life-rings\/","url":"https:\/\/www.miamibeachfl.gov\/miami-beach-to-hold-dedication-for-aden-perry-life-rings\/","name":"Miami Beach to Hold Dedication for Aden Perry Life Rings - City of Miami Beach","isPartOf":{"@id":"https:\/\/www.miamibeachfl.gov\/#website"},"primaryImageOfPage":{"@id":"https:\/\/www.miamibeachfl.gov\/miami-beach-to-hold-dedication-for-aden-perry-life-rings\/#primaryimage"},"image":{"@id":"https:\/\/www.miamibeachfl.gov\/miami-beach-to-hold-dedication-for-aden-perry-life-rings\/#primaryimage"},"thumbnailUrl":"https:\/\/www.miamibeachfl.gov\/wp-content\/uploads\/2023\/12\/icon-facebook.png","datePublished":"2025-06-16T17:30:57+00:00","description":"Join the City of Miami Beach on Friday, April 4 at 4 p.m. when the family of a South Florida high school student who drowned in Broward County.","breadcrumb":{"@id":"https:\/\/www.miamibeachfl.gov\/miami-beach-to-hold-dedication-for-aden-perry-life-rings\/#breadcrumb"},"inLanguage":"pt-BR","potentialAction":[{"@type":"ReadAction","target":["https:\/\/www.miamibeachfl.gov\/miami-beach-to-hold-dedication-for-aden-perry-life-rings\/"]}]},{"@type":"ImageObject","inLanguage":"pt-BR","@id":"https:\/\/www.miamibeachfl.gov\/miami-beach-to-hold-dedication-for-aden-perry-life-rings\/#primaryimage","url":"https:\/\/www.miamibeachfl.gov\/wp-content\/uploads\/2023\/12\/icon-facebook.png","contentUrl":"https:\/\/www.miamibeachfl.gov\/wp-content\/uploads\/2023\/12\/icon-facebook.png"},{"@type":"BreadcrumbList","@id":"https:\/\/www.miamibeachfl.gov\/miami-beach-to-hold-dedication-for-aden-perry-life-rings\/#breadcrumb","itemListElement":[{"@type":"ListItem","position":1,"name":"Home","item":"https:\/\/www.miamibeachfl.gov\/"},{"@type":"ListItem","position":2,"name":"Miami Beach to Hold Dedication for Aden Perry Life Rings"}]},{"@type":"WebSite","@id":"https:\/\/www.miamibeachfl.gov\/#website","url":"https:\/\/www.miamibeachfl.gov\/","name":"Cidade de Miami Beach","description":"Site oficial da cidade de Miami Beach. Mantenha-se informado e encontre informa\u00e7\u00f5es importantes sobre servi\u00e7os municipais, not\u00edcias, alertas, eventos, rotas de bonde, empregos p\u00fablicos e muito mais.","publisher":{"@id":"https:\/\/www.miamibeachfl.gov\/#organization"},"potentialAction":[{"@type":"SearchAction","target":{"@type":"EntryPoint","urlTemplate":"https:\/\/www.miamibeachfl.gov\/?s={search_term_string}"},"query-input":{"@type":"PropertyValueSpecification","valueRequired":true,"valueName":"search_term_string"}}],"inLanguage":"pt-BR"},{"@type":"Organization","@id":"https:\/\/www.miamibeachfl.gov\/#organization","name":"Cidade de Miami Beach","url":"https:\/\/www.miamibeachfl.gov\/","logo":{"@type":"ImageObject","inLanguage":"pt-BR","@id":"https:\/\/www.miamibeachfl.gov\/#\/schema\/logo\/image\/","url":"https:\/\/www.miamibeachfl.gov\/wp-content\/uploads\/2022\/06\/miamibeach-logoblue.png","contentUrl":"https:\/\/www.miamibeachfl.gov\/wp-content\/uploads\/2022\/06\/miamibeach-logoblue.png","width":1962,"height":381,"caption":"City of Miami Beach"},"image":{"@id":"https:\/\/www.miamibeachfl.gov\/#\/schema\/logo\/image\/"},"sameAs":["https:\/\/www.facebook.com\/cityofmiamibeach","https:\/\/x.com\/Miamibeachnews","https:\/\/www.instagram.com\/miamibeachnews\/"],"description":"Site oficial da cidade de Miami Beach. Mantenha-se informado e encontre informa\u00e7\u00f5es importantes sobre servi\u00e7os municipais, not\u00edcias, alertas, eventos, rotas de bonde, empregos p\u00fablicos e muito mais.","telephone":"305.604.CITY(2489)","legalName":"City of Miami Beach"},{"@type":"Person","@id":"https:\/\/www.miamibeachfl.gov\/#\/schema\/person\/7b37a95841b5231439bceb3fe7f46378","name":"Emily Castillo"}]}},"_links":{"self":[{"href":"https:\/\/www.miamibeachfl.gov\/pt\/wp-json\/wp\/v2\/posts\/368794","targetHints":{"allow":["GET"]}}],"collection":[{"href":"https:\/\/www.miamibeachfl.gov\/pt\/wp-json\/wp\/v2\/posts"}],"about":[{"href":"https:\/\/www.miamibeachfl.gov\/pt\/wp-json\/wp\/v2\/types\/post"}],"author":[{"embeddable":true,"href":"https:\/\/www.miamibeachfl.gov\/pt\/wp-json\/wp\/v2\/users\/361"}],"replies":[{"embeddable":true,"href":"https:\/\/www.miamibeachfl.gov\/pt\/wp-json\/wp\/v2\/comments?post=368794"}],"version-history":[{"count":1,"href":"https:\/\/www.miamibeachfl.gov\/pt\/wp-json\/wp\/v2\/posts\/368794\/revisions"}],"predecessor-version":[{"id":383491,"href":"https:\/\/www.miamibeachfl.gov\/pt\/wp-json\/wp\/v2\/posts\/368794\/revisions\/383491"}],"wp:attachment":[{"href":"https:\/\/www.miamibeachfl.gov\/pt\/wp-json\/wp\/v2\/media?parent=368794"}],"wp:term":[{"taxonomy":"category","embeddable":true,"href":"https:\/\/www.miamibeachfl.gov\/pt\/wp-json\/wp\/v2\/categories?post=368794"},{"taxonomy":"post_tag","embeddable":true,"href":"https:\/\/www.miamibeachfl.gov\/pt\/wp-json\/wp\/v2\/tags?post=368794"}],"curies":[{"name":"wp","href":"https:\/\/api.w.org\/{rel}","templated":true}]}}