{"id":387364,"date":"2025-08-01T10:30:00","date_gmt":"2025-08-01T14:30:00","guid":{"rendered":"https:\/\/www.miamibeachfl.gov\/?p=387364"},"modified":"2025-08-05T08:21:17","modified_gmt":"2025-08-05T12:21:17","slug":"nominations-open-for-miami-beach-2025-hispanic-heritage-month-awards","status":"publish","type":"post","link":"https:\/\/www.miamibeachfl.gov\/pt\/nominations-open-for-miami-beach-2025-hispanic-heritage-month-awards\/","title":{"rendered":"Inscri\u00e7\u00f5es abertas para o Pr\u00eamio M\u00eas da Heran\u00e7a Hisp\u00e2nica de Miami Beach 2025"},"content":{"rendered":"<a href=\"https:\/\/www.miamibeachfl.gov\/wp-content\/uploads\/2025\/08\/Nominations-Open-for-Miami-Beach-Hispanic-Heritage-Nominations-2025.pdf\" target=\"_blank\" rel=\"noopener\">\n\t\t\t\t\t\tBaixar Comunicado de Imprensa\n\t\t\t\t\t<\/a>\n<h2>\n\t\t\tCompartilhar:\t<\/h2>\n\t\t\t\t\t\t\t\t\t\t<a class= \"uabb-ss-grid-button-link\" href=\"https:\/\/www.facebook.com\/sharer.php?u=https%3A%2F%2Fwww.miamibeachfl.gov%2F%3Fp%3D387364%26fl_builder\" target=\"_blank\" onclick=\"window.open(this.href,'social-share','left=20,top=20,width=500,height=500,toolbar=1,resizable=0');return false;\">\n\t\t\t\t\t\t\t\t\t\t\t\t\t\t\t\t\t\t\t\t\t\t\t<img decoding=\"async\" src=\"https:\/\/www.miamibeachfl.gov\/wp-content\/uploads\/2023\/12\/icon-facebook.png\" alt=\"283216\"\/>\n\t\t\t\t\t\t\t\t\t\t<\/a>\n\t\t\t\t\t\t\t\t\t\t<a class= \"uabb-ss-grid-button-link\" href=\"https:\/\/twitter.com\/share?url=https%3A%2F%2Fwww.miamibeachfl.gov%2F%3Fp%3D387364%26fl_builder\" target=\"_blank\" onclick=\"window.open(this.href,'social-share','left=20,top=20,width=500,height=500,toolbar=1,resizable=0');return false;\">\n\t\t\t\t\t\t\t\t\t\t\t\t\t\t\t\t\t\t\t\t\t\t\t<img decoding=\"async\" src=\"https:\/\/www.miamibeachfl.gov\/wp-content\/uploads\/2023\/12\/icon-twitterx.png\" alt=\"283218\"\/>\n\t\t\t\t\t\t\t\t\t\t<\/a>\n\t\t\t\t\t\t\t\t\t\t<a class= \"uabb-ss-grid-button-link\" href=\"https:\/\/www.linkedin.com\/shareArticle?url=https%3A%2F%2Fwww.miamibeachfl.gov%2F%3Fp%3D387364%26fl_builder\" target=\"_blank\" onclick=\"window.open(this.href,'social-share','left=20,top=20,width=500,height=500,toolbar=1,resizable=0');return false;\">\n\t\t\t\t\t\t\t\t\t\t\t\t\t\t\t\t\t\t\t\t\t\t\t<img decoding=\"async\" src=\"https:\/\/www.miamibeachfl.gov\/wp-content\/uploads\/2023\/12\/icon-linkedin.png\" alt=\"283217\"\/>\n\t\t\t\t\t\t\t\t\t\t<\/a>\n<h2>\n\t\t\tpara libera\u00e7\u00e3o imediata\t<\/h2>\n<h2>\n\t\t\t1 de agosto de 2025\t<\/h2>\n<h3>\n\t\t\t\u2013 Os premiados ser\u00e3o reconhecidos em uma cerim\u00f4nia de premia\u00e7\u00e3o em outubro \u2013\t<\/h3>\n\t<p>O Comit\u00ea de Assuntos Hisp\u00e2nicos de Miami Beach est\u00e1 buscando indica\u00e7\u00f5es para o Pr\u00eamio do M\u00eas da Heran\u00e7a Hisp\u00e2nica de 2025 at\u00e9 as 17h de sexta-feira, 15 de agosto. O comit\u00ea homenagear\u00e1 os premiados em uma cerim\u00f4nia de premia\u00e7\u00e3o em setembro.<\/p>\n<p>O M\u00eas Nacional da Heran\u00e7a Hisp\u00e2nica \u00e9 comemorado anualmente de 15 de setembro a 15 de outubro. Os Pr\u00eamios do M\u00eas da Heran\u00e7a Hisp\u00e2nica t\u00eam como objetivo homenagear os membros da comunidade hisp\u00e2nica que vivem ou trabalham na cidade de Miami Beach e que fizeram uma contribui\u00e7\u00e3o positiva \u00e0 comunidade em suas respectivas profiss\u00f5es.<\/p>\n<p>O comit\u00ea selecionar\u00e1 indiv\u00edduos ou empresas das seguintes categorias:<\/p>\n<p><strong>Individual<\/strong> \u2013 Educador, agente de seguran\u00e7a p\u00fablica, prestador de servi\u00e7o social, artista, jovem (menor de 18 anos envolvido em servi\u00e7o comunit\u00e1rio), adulto contribuindo para o sucesso de jovens e qualquer membro da comunidade hisp\u00e2nica de Miami Beach.<\/p>\n<p><strong>Neg\u00f3cios<\/strong> \u2013 Empresa, propriet\u00e1rio de empresa ou funcion\u00e1rio de uma empresa qualificada (deve ter pelo menos 51% de propriedade hisp\u00e2nica).<\/p>\n<p>Cada indica\u00e7\u00e3o deve incluir o nome completo, endere\u00e7o, n\u00famero de telefone e uma explica\u00e7\u00e3o detalhada de sua contribui\u00e7\u00e3o para a comunidade. As indica\u00e7\u00f5es devem ser recebidas at\u00e9 as 17h de sexta-feira, 15 de agosto de 2025. Os pr\u00eamios ser\u00e3o entregues durante a Celebra\u00e7\u00e3o do M\u00eas da Heran\u00e7a Hisp\u00e2nica de Miami Beach, em setembro.<\/p>\n<p><strong><a href=\"https:\/\/www.miamibeachfl.gov\/wp-content\/uploads\/2025\/08\/Hispanic-Heritage-Nomination-form-REV-2025.pdf\">Os formul\u00e1rios de nomea\u00e7\u00e3o est\u00e3o dispon\u00edveis clicando aqui<\/a><\/strong>. Os formul\u00e1rios preenchidos podem ser enviados por e-mail para <strong><a href=\"\/pt\/leonorhernandez@miamibeachfl.gov\/\">leonorhernandez@miamibeachfl.gov<\/a><\/strong> ou por correio para Leonor Hernandez, Cidade de Miami Beach, Liaison do Comit\u00ea de Assuntos Hisp\u00e2nicos, 1700 Convention Center Drive, Miami Beach, FL, 33139.<\/p>\n<p>O Comit\u00ea de Assuntos Hisp\u00e2nicos atua como \u00f3rg\u00e3o consultivo da Comiss\u00e3o Municipal e da Administra\u00e7\u00e3o em rela\u00e7\u00e3o a quest\u00f5es pertinentes \u00e0 comunidade hisp\u00e2nica da cidade de Miami Beach. Para mais informa\u00e7\u00f5es, envie um e-mail para <a href=\"mailto:leonorhernandez@miamibeachfl.gov\">leonorhernandez@miamibeachfl.gov<\/a>.<\/p>\n<p>###<\/p>\n<p><strong>Vencedores do Pr\u00eamio M\u00eas da Heran\u00e7a Hisp\u00e2nica 2002-2024<\/strong><\/p>\n<p>&nbsp;<\/p>\n<p><strong>2002<\/strong><\/p>\n<p>Jorge M Gonzalez<\/p>\n<p>David de la Espriella<\/p>\n<p>Victor Diaz<\/p>\n<p>&nbsp;<\/p>\n<p><strong>2003<\/strong><\/p>\n<p>Eva Barreto<\/p>\n<p>Liliam Lopez<\/p>\n<p>T\u00e2nia Ludwig<\/p>\n<p>&nbsp;<\/p>\n<p><strong>2004<\/strong><\/p>\n<p>Raymond Adrian<\/p>\n<p>Alfredo Gonz\u00e1lez<\/p>\n<p>Aida Marrero<\/p>\n<p>Jorge Mart\u00ednez<\/p>\n<p>&nbsp;<\/p>\n<p><strong>2005<\/strong><\/p>\n<p>Lu\u00eds Alsina<\/p>\n<p>Frank Carollo<\/p>\n<p>Lupe Diaz<\/p>\n<p>Torres Marie<\/p>\n<p>&nbsp;<\/p>\n<p><strong>2006<\/strong><\/p>\n<p>Maritza Ejenbaum<\/p>\n<p>Michael Gongora<\/p>\n<p>Daniel Morgalo<\/p>\n<p>Kelly Villoch<\/p>\n<p>&nbsp;<\/p>\n<p><strong>2007<\/strong><\/p>\n<p>Kathy Abbate<\/p>\n<p>J\u00falio Branco<\/p>\n<p>Romero Britto<\/p>\n<p>Nathalia Ramos<\/p>\n<p>Dr. Karmenchu Santana-Vega<\/p>\n<p>Diana Susi<\/p>\n<p>&nbsp;<\/p>\n<p><strong>2008<\/strong><\/p>\n<p>Goldie James Maldonado<\/p>\n<p>Magaly Madrid<\/p>\n<p>Rafael Oviedo<\/p>\n<p>Daniel Veitia<\/p>\n<p>&nbsp;<\/p>\n<p><strong>2009<\/strong><\/p>\n<p>Armando Hern\u00e1ndez<\/p>\n<p>Gabriel P\u00e1ez<\/p>\n<p>Howard Kaufman<\/p>\n<p>In\u00eas Linho<\/p>\n<p>Pedro Mart\u00ednez<\/p>\n<p>&nbsp;<\/p>\n<p><strong>2010<\/strong><\/p>\n<p>Elsa Urquiza<\/p>\n<p>Lu\u00eds Hern\u00e1ndez<\/p>\n<p>Maria Acosta<\/p>\n<p>Margarita Cepeda<\/p>\n<p>Fernando Cid de Diego<\/p>\n<p>&nbsp;<\/p>\n<p><strong>2011<\/strong><\/p>\n<p>Ana Bolt<\/p>\n<p>Becky Cohen<\/p>\n<p>Pena Alem\u00e3<\/p>\n<p>Magn\u00f3lia Martinez<\/p>\n<p>Susan Riener<\/p>\n<p>&nbsp;<\/p>\n<p><strong>2012<\/strong><\/p>\n<p>Mark Causey<\/p>\n<p>Bryant Del Toro<\/p>\n<p>Adrian Gonzalez (retirou-se)<\/p>\n<p>Samuel Karkassoni<\/p>\n<p>Ricardo Mart\u00ednez<\/p>\n<p>Mara Mignardi<\/p>\n<p>Bea Pernia<\/p>\n<p>&nbsp;<\/p>\n<p><strong>2013<\/strong><\/p>\n<p>Tanya Diaz<\/p>\n<p>Joe Gato<\/p>\n<p>Fam\u00edlia Karpawich<\/p>\n<p>David King<\/p>\n<p>Jos\u00e9 Rafael Mart\u00ednez<\/p>\n<p>Erva Sosa<\/p>\n<p>&nbsp;<\/p>\n<p><strong>2014<\/strong><\/p>\n<p>J\u00e9ssica Fontes<\/p>\n<p>Alejandro Llaneras<\/p>\n<p>Lourdes Lopez<\/p>\n<p>Willie Priegues<\/p>\n<p>Carlos Rodr\u00edguez<\/p>\n<p>&nbsp;<\/p>\n<p><strong>2015<\/strong><\/p>\n<p>Jorge Garcia<\/p>\n<p>Leonor Hern\u00e1ndez<\/p>\n<p>Jorge Garcia<\/p>\n<p>Leonor Hern\u00e1ndez<\/p>\n<p>Alexandra Oliva<\/p>\n<p>Margueritte Ramos<\/p>\n<p>Lawrence Rodr\u00edguez<\/p>\n<p><strong>\u00a0<\/strong><\/p>\n<p><strong>2016<\/strong><\/p>\n<p>Elaine Soffer Siegel<\/p>\n<p>Matti Herrera Bower<\/p>\n<p>Gustavo Briand<\/p>\n<p>S\u00edlvia Carro<\/p>\n<p>Zorilien Riveron<\/p>\n<p>Juan S\u00e1nchez<\/p>\n<p>Enrique Doce<\/p>\n<p>Ad\u00f4nis Garcia<\/p>\n<p>Unidade<\/p>\n<p>The Miami Herald\/El Nuevo Herald e equipe executiva<\/p>\n<p>&nbsp;<\/p>\n<p><strong>2017<\/strong><\/p>\n<p>Dra. Rosa Lemas<\/p>\n<p>Chefe Virgil Fernandez MBFD<\/p>\n<p>Kevin Cobas<\/p>\n<p>Melina Almod\u00f3var<\/p>\n<p>Sammy Gonzalez<\/p>\n<p>Lisett Fernandez-Montero<\/p>\n<p>Oficial Mariana Garcia MBPD<\/p>\n<p>Ajuda, Inc.<\/p>\n<p>&nbsp;<\/p>\n<p><strong>2018<\/strong><\/p>\n<p>Victor Pulido<\/p>\n<p>Rudy Perez<\/p>\n<p>Michelle Viera Henson MBFD<\/p>\n<p>Ernesto Rodriguez MBPD<\/p>\n<p>Marisela Silva Ramirez<\/p>\n<p>Miguel del Campillo<\/p>\n<p>Arnold Paisero<\/p>\n<p>Dra. Ana Garoz \u2013 Ojunian<\/p>\n<p>Arturo Fern\u00e1ndez<\/p>\n<p>F1rst Surf Shop<\/p>\n<p><strong>\u00a0<\/strong><\/p>\n<p><strong>2019 <\/strong><\/p>\n<p>Rainha Roffe<\/p>\n<p>Marina Font<\/p>\n<p>Havana 1957<\/p>\n<p>Caf\u00e9 Avanti<\/p>\n<p>F\u00e9lix Quesada<\/p>\n<p>Iglesia Bautista El Poder De Dios<\/p>\n<p>Sargento Jair Armatrading (MBPD)<\/p>\n<p>Jo\u00e3o Paulo Mejia<\/p>\n<p>&nbsp;<\/p>\n<p><strong>2020<\/strong><\/p>\n<p>Jorge Mazon<\/p>\n<p>Michel Hausmann e o Novo Drama de Miami<\/p>\n<p>Ricardo Barboza &amp; Snack Patrol<\/p>\n<p>Paola Serrano<\/p>\n<p>Alejandro \u201cAlex\u201d Fern\u00e1ndez<\/p>\n<p>Carolina Quadros<\/p>\n<p>Oficial Eric Dominguez (MBPD)<\/p>\n<p>Floricultura Abbott<\/p>\n<p>Padaria Criativa L&#039;Artisane<\/p>\n<strong>2021<br \/>\n<\/strong>Koren E. Illa\n<p>Ceci Velasco<\/p>\n<p>Chef Jesus Paredes<\/p>\n<p>Judith M. Sanchez-Lamothe<\/p>\n<p>J\u00falio Echemendia<\/p>\n<p>Dr. Raul J. Moncarz<\/p>\n<p>Alina T. Hudak<\/p>\n<p>Sargento Eduardo \u201cEddie\u201d Perez<\/p>\n<p>Juan \u201cJC\u201d Pedroso<\/p>\n<p>Subchefe dos Bombeiros Digna Abello<\/p>\n<p>Val\u00e9ria Navarrete<\/p>\n<p>Restaurante Oh M\u00e9xico<\/p>\n<p>Padaria Mois\u00e9s<\/p>\n<p><strong>\u00a0<\/strong><\/p>\n<p><strong>\u00a0<\/strong><\/p>\n<p><strong>2022<\/strong><\/p>\n<p>Karem Canonico<\/p>\n<p>Bella Cuba<\/p>\n<p>Jamil Dib<\/p>\n<p>Sal\u00e3o Boriquen \u201cBo\u201d<\/p>\n<p>S\u00edlvia Parra<\/p>\n<p>Alberto Ravelo<\/p>\n<p>Marcos Samueliano<\/p>\n<p>Daisy Tarafa<\/p>\n<p>Alba Tarre<\/p>\n<p>Enilda Thomas<\/p>\n<p>M\u00f4nica Torres<\/p>\n<p>&nbsp;<\/p>\n<p><strong>2023<\/strong><\/p>\n<p>Lu\u00eds Aguirre<\/p>\n<p>Magui Ben\u00edtez<\/p>\n<p>Noel Castillo<\/p>\n<p>Caf\u00e9 Cortadito<\/p>\n<p>Kiley Hernandez<\/p>\n<p>Silvia Karman Cubina<\/p>\n<p>Anabella de las Nieves Bergero<\/p>\n<p>Walter Javier<\/p>\n<p>Alejandra Rain Jiminez<\/p>\n<p>Revista Miami Beach Life<\/p>\n<p>Dan Rios<\/p>\n<p>Gabriela Suarez<\/p>\n<p>Enrique Villa<\/p>\n<p>M\u00f4nica Valera<\/p>\n<p><strong>\u00a0<\/strong><\/p>\n<p><strong>2024<\/strong><\/p>\nSixto Antonio Acea<br \/>\nEduardo Araoz<br \/>\nRoberto Cid<br \/>\nGiancarlo Garcia\n<p>Rafael E. Granado<\/p>\n<p>Maylu Hernandez<\/p>\n<p>Karlowa Lopez Rodr\u00edguez<\/p>\n<p>Roberto Morales<\/p>\nCl\u00e1udio Navas<br \/>\nOle Ole Steakhouse e restaurante espanhol Tapelia<br \/>\nMaria Monserrat Riani-Smith<br \/>\nEst\u00fadio Touzet Daniela Viotti<br \/>\nMelisa Andrea Yanes ###<br \/>\n<em><br \/>\n<\/em><em>Para solicitar este material em formato alternativo, int\u00e9rprete de linguagem de sinais (aviso pr\u00e9vio de cinco dias), informa\u00e7\u00f5es sobre acesso para pessoas com defici\u00eancia e\/ou qualquer acomoda\u00e7\u00e3o para revisar qualquer documento ou participar de qualquer processo patrocinado pela cidade, ligue para 305.604.2ADA (2232) e selecione 1 para ingl\u00eas ou 2 para espanhol e, em seguida, a op\u00e7\u00e3o 6; usu\u00e1rios de TTY podem ligar pelo 711 (Florida Relay Service).<\/em>","protected":false},"excerpt":{"rendered":"<p>Download Press Release Share: for immediate release August 1, 2025 &#8211; Recipients will be recognized at an awards ceremony in [&hellip;]<\/p>\n","protected":false},"author":361,"featured_media":0,"comment_status":"closed","ping_status":"closed","sticky":false,"template":"","format":"standard","meta":{"_searchwp_excluded":"","site-sidebar-layout":"default","site-content-layout":"","ast-site-content-layout":"default","site-content-style":"default","site-sidebar-style":"default","ast-global-header-display":"","ast-banner-title-visibility":"","ast-main-header-display":"","ast-hfb-above-header-display":"","ast-hfb-below-header-display":"","ast-hfb-mobile-header-display":"","site-post-title":"","ast-breadcrumbs-content":"","ast-featured-img":"","footer-sml-layout":"","theme-transparent-header-meta":"","adv-header-id-meta":"","stick-header-meta":"","header-above-stick-meta":"","header-main-stick-meta":"","header-below-stick-meta":"","astra-migrate-meta-layouts":"default","ast-page-background-enabled":"default","ast-page-background-meta":{"desktop":{"background-color":"var(--ast-global-color-5)","background-image":"","background-repeat":"repeat","background-position":"center center","background-size":"auto","background-attachment":"scroll","background-type":"","background-media":"","overlay-type":"","overlay-color":"","overlay-opacity":"","overlay-gradient":""},"tablet":{"background-color":"","background-image":"","background-repeat":"repeat","background-position":"center center","background-size":"auto","background-attachment":"scroll","background-type":"","background-media":"","overlay-type":"","overlay-color":"","overlay-opacity":"","overlay-gradient":""},"mobile":{"background-color":"","background-image":"","background-repeat":"repeat","background-position":"center center","background-size":"auto","background-attachment":"scroll","background-type":"","background-media":"","overlay-type":"","overlay-color":"","overlay-opacity":"","overlay-gradient":""}},"ast-content-background-meta":{"desktop":{"background-color":"var(--ast-global-color-4)","background-image":"","background-repeat":"repeat","background-position":"center center","background-size":"auto","background-attachment":"scroll","background-type":"","background-media":"","overlay-type":"","overlay-color":"","overlay-opacity":"","overlay-gradient":""},"tablet":{"background-color":"var(--ast-global-color-4)","background-image":"","background-repeat":"repeat","background-position":"center center","background-size":"auto","background-attachment":"scroll","background-type":"","background-media":"","overlay-type":"","overlay-color":"","overlay-opacity":"","overlay-gradient":""},"mobile":{"background-color":"var(--ast-global-color-4)","background-image":"","background-repeat":"repeat","background-position":"center center","background-size":"auto","background-attachment":"scroll","background-type":"","background-media":"","overlay-type":"","overlay-color":"","overlay-opacity":"","overlay-gradient":""}},"footnotes":""},"categories":[1664],"tags":[],"class_list":["post-387364","post","type-post","status-publish","format-standard","hentry","category-2025-press-releases"],"yoast_head":"<!-- This site is optimized with the Yoast SEO Premium plugin v27.4 (Yoast SEO v27.4) - https:\/\/yoast.com\/product\/yoast-seo-premium-wordpress\/ -->\n<title>Nominations Open for Miami Beach 2025 Hispanic Heritage Month Awards - City of Miami Beach<\/title>\n<meta name=\"description\" content=\"The Miami Beach Hispanic Affairs Committee is seeking nominations for the 2025 Hispanic Heritage Month Awards by 5 p.m. on Friday, Aug. 15.\" \/>\n<meta name=\"robots\" content=\"index, follow, max-snippet:-1, max-image-preview:large, max-video-preview:-1\" \/>\n<link rel=\"canonical\" href=\"https:\/\/www.miamibeachfl.gov\/pt\/nominations-open-for-miami-beach-2025-hispanic-heritage-month-awards\/\" \/>\n<meta property=\"og:locale\" content=\"pt_BR\" \/>\n<meta property=\"og:type\" content=\"article\" \/>\n<meta property=\"og:title\" content=\"Nominations Open for Miami Beach 2025 Hispanic Heritage Month Awards\" \/>\n<meta property=\"og:description\" content=\"The Miami Beach Hispanic Affairs Committee is seeking nominations for the 2025 Hispanic Heritage Month Awards by 5 p.m. on Friday, Aug. 15.\" \/>\n<meta property=\"og:url\" content=\"https:\/\/www.miamibeachfl.gov\/pt\/nominations-open-for-miami-beach-2025-hispanic-heritage-month-awards\/\" \/>\n<meta property=\"og:site_name\" content=\"City of Miami Beach\" \/>\n<meta property=\"article:publisher\" content=\"https:\/\/www.facebook.com\/cityofmiamibeach\" \/>\n<meta property=\"article:published_time\" content=\"2025-08-01T14:30:00+00:00\" \/>\n<meta property=\"article:modified_time\" content=\"2025-08-05T12:21:17+00:00\" \/>\n<meta property=\"og:image\" content=\"https:\/\/www.miamibeachfl.gov\/wp-content\/uploads\/2023\/12\/icon-facebook.png\" \/>\n<meta name=\"author\" content=\"Emily Castillo\" \/>\n<meta name=\"twitter:card\" content=\"summary_large_image\" \/>\n<meta name=\"twitter:creator\" content=\"@Miamibeachnews\" \/>\n<meta name=\"twitter:site\" content=\"@Miamibeachnews\" \/>\n<script type=\"application\/ld+json\" class=\"yoast-schema-graph\">{\"@context\":\"https:\\\/\\\/schema.org\",\"@graph\":[{\"@type\":\"Article\",\"@id\":\"https:\\\/\\\/www.miamibeachfl.gov\\\/nominations-open-for-miami-beach-2025-hispanic-heritage-month-awards\\\/#article\",\"isPartOf\":{\"@id\":\"https:\\\/\\\/www.miamibeachfl.gov\\\/nominations-open-for-miami-beach-2025-hispanic-heritage-month-awards\\\/\"},\"author\":{\"name\":\"Emily Castillo\",\"@id\":\"https:\\\/\\\/www.miamibeachfl.gov\\\/#\\\/schema\\\/person\\\/7b37a95841b5231439bceb3fe7f46378\"},\"headline\":\"Nominations Open for Miami Beach 2025 Hispanic Heritage Month Awards\",\"datePublished\":\"2025-08-01T14:30:00+00:00\",\"dateModified\":\"2025-08-05T12:21:17+00:00\",\"mainEntityOfPage\":{\"@id\":\"https:\\\/\\\/www.miamibeachfl.gov\\\/nominations-open-for-miami-beach-2025-hispanic-heritage-month-awards\\\/\"},\"wordCount\":786,\"publisher\":{\"@id\":\"https:\\\/\\\/www.miamibeachfl.gov\\\/#organization\"},\"image\":{\"@id\":\"https:\\\/\\\/www.miamibeachfl.gov\\\/nominations-open-for-miami-beach-2025-hispanic-heritage-month-awards\\\/#primaryimage\"},\"thumbnailUrl\":\"https:\\\/\\\/www.miamibeachfl.gov\\\/wp-content\\\/uploads\\\/2023\\\/12\\\/icon-facebook.png\",\"articleSection\":[\"2025 Press Releases\"],\"inLanguage\":\"pt-BR\"},{\"@type\":\"WebPage\",\"@id\":\"https:\\\/\\\/www.miamibeachfl.gov\\\/nominations-open-for-miami-beach-2025-hispanic-heritage-month-awards\\\/\",\"url\":\"https:\\\/\\\/www.miamibeachfl.gov\\\/nominations-open-for-miami-beach-2025-hispanic-heritage-month-awards\\\/\",\"name\":\"Nominations Open for Miami Beach 2025 Hispanic Heritage Month Awards - City of Miami Beach\",\"isPartOf\":{\"@id\":\"https:\\\/\\\/www.miamibeachfl.gov\\\/#website\"},\"primaryImageOfPage\":{\"@id\":\"https:\\\/\\\/www.miamibeachfl.gov\\\/nominations-open-for-miami-beach-2025-hispanic-heritage-month-awards\\\/#primaryimage\"},\"image\":{\"@id\":\"https:\\\/\\\/www.miamibeachfl.gov\\\/nominations-open-for-miami-beach-2025-hispanic-heritage-month-awards\\\/#primaryimage\"},\"thumbnailUrl\":\"https:\\\/\\\/www.miamibeachfl.gov\\\/wp-content\\\/uploads\\\/2023\\\/12\\\/icon-facebook.png\",\"datePublished\":\"2025-08-01T14:30:00+00:00\",\"dateModified\":\"2025-08-05T12:21:17+00:00\",\"description\":\"The Miami Beach Hispanic Affairs Committee is seeking nominations for the 2025 Hispanic Heritage Month Awards by 5 p.m. on Friday, Aug. 15.\",\"breadcrumb\":{\"@id\":\"https:\\\/\\\/www.miamibeachfl.gov\\\/nominations-open-for-miami-beach-2025-hispanic-heritage-month-awards\\\/#breadcrumb\"},\"inLanguage\":\"pt-BR\",\"potentialAction\":[{\"@type\":\"ReadAction\",\"target\":[\"https:\\\/\\\/www.miamibeachfl.gov\\\/nominations-open-for-miami-beach-2025-hispanic-heritage-month-awards\\\/\"]}]},{\"@type\":\"ImageObject\",\"inLanguage\":\"pt-BR\",\"@id\":\"https:\\\/\\\/www.miamibeachfl.gov\\\/nominations-open-for-miami-beach-2025-hispanic-heritage-month-awards\\\/#primaryimage\",\"url\":\"https:\\\/\\\/www.miamibeachfl.gov\\\/wp-content\\\/uploads\\\/2023\\\/12\\\/icon-facebook.png\",\"contentUrl\":\"https:\\\/\\\/www.miamibeachfl.gov\\\/wp-content\\\/uploads\\\/2023\\\/12\\\/icon-facebook.png\"},{\"@type\":\"BreadcrumbList\",\"@id\":\"https:\\\/\\\/www.miamibeachfl.gov\\\/nominations-open-for-miami-beach-2025-hispanic-heritage-month-awards\\\/#breadcrumb\",\"itemListElement\":[{\"@type\":\"ListItem\",\"position\":1,\"name\":\"Home\",\"item\":\"https:\\\/\\\/www.miamibeachfl.gov\\\/\"},{\"@type\":\"ListItem\",\"position\":2,\"name\":\"Nominations Open for Miami Beach 2025 Hispanic Heritage Month Awards\"}]},{\"@type\":\"WebSite\",\"@id\":\"https:\\\/\\\/www.miamibeachfl.gov\\\/#website\",\"url\":\"https:\\\/\\\/www.miamibeachfl.gov\\\/\",\"name\":\"City of Miami Beach\",\"description\":\"The official website of the City of Miami Beach. Stay informed, find important information on city services, news, alerts, events, trolley routes, government employment and more.\",\"publisher\":{\"@id\":\"https:\\\/\\\/www.miamibeachfl.gov\\\/#organization\"},\"potentialAction\":[{\"@type\":\"SearchAction\",\"target\":{\"@type\":\"EntryPoint\",\"urlTemplate\":\"https:\\\/\\\/www.miamibeachfl.gov\\\/?s={search_term_string}\"},\"query-input\":{\"@type\":\"PropertyValueSpecification\",\"valueRequired\":true,\"valueName\":\"search_term_string\"}}],\"inLanguage\":\"pt-BR\"},{\"@type\":\"Organization\",\"@id\":\"https:\\\/\\\/www.miamibeachfl.gov\\\/#organization\",\"name\":\"City of Miami Beach\",\"url\":\"https:\\\/\\\/www.miamibeachfl.gov\\\/\",\"logo\":{\"@type\":\"ImageObject\",\"inLanguage\":\"pt-BR\",\"@id\":\"https:\\\/\\\/www.miamibeachfl.gov\\\/#\\\/schema\\\/logo\\\/image\\\/\",\"url\":\"https:\\\/\\\/www.miamibeachfl.gov\\\/wp-content\\\/uploads\\\/2022\\\/06\\\/miamibeach-logoblue.png\",\"contentUrl\":\"https:\\\/\\\/www.miamibeachfl.gov\\\/wp-content\\\/uploads\\\/2022\\\/06\\\/miamibeach-logoblue.png\",\"width\":1962,\"height\":381,\"caption\":\"City of Miami Beach\"},\"image\":{\"@id\":\"https:\\\/\\\/www.miamibeachfl.gov\\\/#\\\/schema\\\/logo\\\/image\\\/\"},\"sameAs\":[\"https:\\\/\\\/www.facebook.com\\\/cityofmiamibeach\",\"https:\\\/\\\/x.com\\\/Miamibeachnews\",\"https:\\\/\\\/www.instagram.com\\\/miamibeachnews\\\/\"],\"description\":\"The official website of the City of Miami Beach. Stay informed, find important information on city services, news, alerts, events, trolley routes, government employment and more.\",\"telephone\":\"305.604.CITY(2489)\",\"legalName\":\"City of Miami Beach\"},{\"@type\":\"Person\",\"@id\":\"https:\\\/\\\/www.miamibeachfl.gov\\\/#\\\/schema\\\/person\\\/7b37a95841b5231439bceb3fe7f46378\",\"name\":\"Emily Castillo\"}]}<\/script>\n<!-- \/ Yoast SEO Premium plugin. -->","yoast_head_json":{"title":"Est\u00e3o abertas as inscri\u00e7\u00f5es para os Pr\u00eamios do M\u00eas da Heran\u00e7a Hisp\u00e2nica de Miami Beach 2025 - Cidade de Miami Beach","description":"O Comit\u00ea de Assuntos Hisp\u00e2nicos de Miami Beach est\u00e1 recebendo indica\u00e7\u00f5es para os Pr\u00eamios do M\u00eas da Heran\u00e7a Hisp\u00e2nica de 2025 at\u00e9 as 17h da sexta-feira, 15 de agosto.","robots":{"index":"index","follow":"follow","max-snippet":"max-snippet:-1","max-image-preview":"max-image-preview:large","max-video-preview":"max-video-preview:-1"},"canonical":"https:\/\/www.miamibeachfl.gov\/pt\/nominations-open-for-miami-beach-2025-hispanic-heritage-month-awards\/","og_locale":"pt_BR","og_type":"article","og_title":"Nominations Open for Miami Beach 2025 Hispanic Heritage Month Awards","og_description":"The Miami Beach Hispanic Affairs Committee is seeking nominations for the 2025 Hispanic Heritage Month Awards by 5 p.m. on Friday, Aug. 15.","og_url":"https:\/\/www.miamibeachfl.gov\/pt\/nominations-open-for-miami-beach-2025-hispanic-heritage-month-awards\/","og_site_name":"City of Miami Beach","article_publisher":"https:\/\/www.facebook.com\/cityofmiamibeach","article_published_time":"2025-08-01T14:30:00+00:00","article_modified_time":"2025-08-05T12:21:17+00:00","og_image":[{"url":"https:\/\/www.miamibeachfl.gov\/wp-content\/uploads\/2023\/12\/icon-facebook.png","type":"","width":"","height":""}],"author":"Emily Castillo","twitter_card":"summary_large_image","twitter_creator":"@Miamibeachnews","twitter_site":"@Miamibeachnews","schema":{"@context":"https:\/\/schema.org","@graph":[{"@type":"Article","@id":"https:\/\/www.miamibeachfl.gov\/nominations-open-for-miami-beach-2025-hispanic-heritage-month-awards\/#article","isPartOf":{"@id":"https:\/\/www.miamibeachfl.gov\/nominations-open-for-miami-beach-2025-hispanic-heritage-month-awards\/"},"author":{"name":"Emily Castillo","@id":"https:\/\/www.miamibeachfl.gov\/#\/schema\/person\/7b37a95841b5231439bceb3fe7f46378"},"headline":"Nominations Open for Miami Beach 2025 Hispanic Heritage Month Awards","datePublished":"2025-08-01T14:30:00+00:00","dateModified":"2025-08-05T12:21:17+00:00","mainEntityOfPage":{"@id":"https:\/\/www.miamibeachfl.gov\/nominations-open-for-miami-beach-2025-hispanic-heritage-month-awards\/"},"wordCount":786,"publisher":{"@id":"https:\/\/www.miamibeachfl.gov\/#organization"},"image":{"@id":"https:\/\/www.miamibeachfl.gov\/nominations-open-for-miami-beach-2025-hispanic-heritage-month-awards\/#primaryimage"},"thumbnailUrl":"https:\/\/www.miamibeachfl.gov\/wp-content\/uploads\/2023\/12\/icon-facebook.png","articleSection":["2025 Press Releases"],"inLanguage":"pt-BR"},{"@type":"WebPage","@id":"https:\/\/www.miamibeachfl.gov\/nominations-open-for-miami-beach-2025-hispanic-heritage-month-awards\/","url":"https:\/\/www.miamibeachfl.gov\/nominations-open-for-miami-beach-2025-hispanic-heritage-month-awards\/","name":"Est\u00e3o abertas as inscri\u00e7\u00f5es para os Pr\u00eamios do M\u00eas da Heran\u00e7a Hisp\u00e2nica de Miami Beach 2025 - Cidade de Miami Beach","isPartOf":{"@id":"https:\/\/www.miamibeachfl.gov\/#website"},"primaryImageOfPage":{"@id":"https:\/\/www.miamibeachfl.gov\/nominations-open-for-miami-beach-2025-hispanic-heritage-month-awards\/#primaryimage"},"image":{"@id":"https:\/\/www.miamibeachfl.gov\/nominations-open-for-miami-beach-2025-hispanic-heritage-month-awards\/#primaryimage"},"thumbnailUrl":"https:\/\/www.miamibeachfl.gov\/wp-content\/uploads\/2023\/12\/icon-facebook.png","datePublished":"2025-08-01T14:30:00+00:00","dateModified":"2025-08-05T12:21:17+00:00","description":"O Comit\u00ea de Assuntos Hisp\u00e2nicos de Miami Beach est\u00e1 recebendo indica\u00e7\u00f5es para os Pr\u00eamios do M\u00eas da Heran\u00e7a Hisp\u00e2nica de 2025 at\u00e9 as 17h da sexta-feira, 15 de agosto.","breadcrumb":{"@id":"https:\/\/www.miamibeachfl.gov\/nominations-open-for-miami-beach-2025-hispanic-heritage-month-awards\/#breadcrumb"},"inLanguage":"pt-BR","potentialAction":[{"@type":"ReadAction","target":["https:\/\/www.miamibeachfl.gov\/nominations-open-for-miami-beach-2025-hispanic-heritage-month-awards\/"]}]},{"@type":"ImageObject","inLanguage":"pt-BR","@id":"https:\/\/www.miamibeachfl.gov\/nominations-open-for-miami-beach-2025-hispanic-heritage-month-awards\/#primaryimage","url":"https:\/\/www.miamibeachfl.gov\/wp-content\/uploads\/2023\/12\/icon-facebook.png","contentUrl":"https:\/\/www.miamibeachfl.gov\/wp-content\/uploads\/2023\/12\/icon-facebook.png"},{"@type":"BreadcrumbList","@id":"https:\/\/www.miamibeachfl.gov\/nominations-open-for-miami-beach-2025-hispanic-heritage-month-awards\/#breadcrumb","itemListElement":[{"@type":"ListItem","position":1,"name":"Home","item":"https:\/\/www.miamibeachfl.gov\/"},{"@type":"ListItem","position":2,"name":"Nominations Open for Miami Beach 2025 Hispanic Heritage Month Awards"}]},{"@type":"WebSite","@id":"https:\/\/www.miamibeachfl.gov\/#website","url":"https:\/\/www.miamibeachfl.gov\/","name":"Cidade de Miami Beach","description":"Site oficial da cidade de Miami Beach. Mantenha-se informado e encontre informa\u00e7\u00f5es importantes sobre servi\u00e7os municipais, not\u00edcias, alertas, eventos, rotas de bonde, empregos p\u00fablicos e muito mais.","publisher":{"@id":"https:\/\/www.miamibeachfl.gov\/#organization"},"potentialAction":[{"@type":"SearchAction","target":{"@type":"EntryPoint","urlTemplate":"https:\/\/www.miamibeachfl.gov\/?s={search_term_string}"},"query-input":{"@type":"PropertyValueSpecification","valueRequired":true,"valueName":"search_term_string"}}],"inLanguage":"pt-BR"},{"@type":"Organization","@id":"https:\/\/www.miamibeachfl.gov\/#organization","name":"Cidade de Miami Beach","url":"https:\/\/www.miamibeachfl.gov\/","logo":{"@type":"ImageObject","inLanguage":"pt-BR","@id":"https:\/\/www.miamibeachfl.gov\/#\/schema\/logo\/image\/","url":"https:\/\/www.miamibeachfl.gov\/wp-content\/uploads\/2022\/06\/miamibeach-logoblue.png","contentUrl":"https:\/\/www.miamibeachfl.gov\/wp-content\/uploads\/2022\/06\/miamibeach-logoblue.png","width":1962,"height":381,"caption":"City of Miami Beach"},"image":{"@id":"https:\/\/www.miamibeachfl.gov\/#\/schema\/logo\/image\/"},"sameAs":["https:\/\/www.facebook.com\/cityofmiamibeach","https:\/\/x.com\/Miamibeachnews","https:\/\/www.instagram.com\/miamibeachnews\/"],"description":"Site oficial da cidade de Miami Beach. Mantenha-se informado e encontre informa\u00e7\u00f5es importantes sobre servi\u00e7os municipais, not\u00edcias, alertas, eventos, rotas de bonde, empregos p\u00fablicos e muito mais.","telephone":"305.604.CITY(2489)","legalName":"City of Miami Beach"},{"@type":"Person","@id":"https:\/\/www.miamibeachfl.gov\/#\/schema\/person\/7b37a95841b5231439bceb3fe7f46378","name":"Emily Castillo"}]}},"_links":{"self":[{"href":"https:\/\/www.miamibeachfl.gov\/pt\/wp-json\/wp\/v2\/posts\/387364","targetHints":{"allow":["GET"]}}],"collection":[{"href":"https:\/\/www.miamibeachfl.gov\/pt\/wp-json\/wp\/v2\/posts"}],"about":[{"href":"https:\/\/www.miamibeachfl.gov\/pt\/wp-json\/wp\/v2\/types\/post"}],"author":[{"embeddable":true,"href":"https:\/\/www.miamibeachfl.gov\/pt\/wp-json\/wp\/v2\/users\/361"}],"replies":[{"embeddable":true,"href":"https:\/\/www.miamibeachfl.gov\/pt\/wp-json\/wp\/v2\/comments?post=387364"}],"version-history":[{"count":5,"href":"https:\/\/www.miamibeachfl.gov\/pt\/wp-json\/wp\/v2\/posts\/387364\/revisions"}],"predecessor-version":[{"id":387458,"href":"https:\/\/www.miamibeachfl.gov\/pt\/wp-json\/wp\/v2\/posts\/387364\/revisions\/387458"}],"wp:attachment":[{"href":"https:\/\/www.miamibeachfl.gov\/pt\/wp-json\/wp\/v2\/media?parent=387364"}],"wp:term":[{"taxonomy":"category","embeddable":true,"href":"https:\/\/www.miamibeachfl.gov\/pt\/wp-json\/wp\/v2\/categories?post=387364"},{"taxonomy":"post_tag","embeddable":true,"href":"https:\/\/www.miamibeachfl.gov\/pt\/wp-json\/wp\/v2\/tags?post=387364"}],"curies":[{"name":"wp","href":"https:\/\/api.w.org\/{rel}","templated":true}]}}