{"id":388934,"date":"2025-09-12T10:41:00","date_gmt":"2025-09-12T14:41:00","guid":{"rendered":"https:\/\/www.miamibeachfl.gov\/?p=388934"},"modified":"2025-09-12T14:04:40","modified_gmt":"2025-09-12T18:04:40","slug":"miami-beach-celebrates-hispanic-heritage-month-2","status":"publish","type":"post","link":"https:\/\/www.miamibeachfl.gov\/pt\/miami-beach-celebrates-hispanic-heritage-month-2\/","title":{"rendered":"Miami Beach celebra o M\u00eas da Heran\u00e7a Hisp\u00e2nica"},"content":{"rendered":"<a href=\"\" target=\"_blank\" rel=\"noopener\">\n\t\t\t\t\t\tBaixar Comunicado de Imprensa\n\t\t\t\t\t<\/a>\n<h2>\n\t\t\tCompartilhar:\t<\/h2>\n\t\t\t\t\t\t\t\t\t\t<a class= \"uabb-ss-grid-button-link\" href=\"https:\/\/www.facebook.com\/sharer.php?u=https%3A%2F%2Fwww.miamibeachfl.gov%2F%3Fp%3D388934%26fl_builder\" target=\"_blank\" onclick=\"window.open(this.href,'social-share','left=20,top=20,width=500,height=500,toolbar=1,resizable=0');return false;\">\n\t\t\t\t\t\t\t\t\t\t\t\t\t\t\t\t\t\t\t\t\t\t\t<img decoding=\"async\" src=\"https:\/\/www.miamibeachfl.gov\/wp-content\/uploads\/2023\/12\/icon-facebook.png\" alt=\"283216\"\/>\n\t\t\t\t\t\t\t\t\t\t<\/a>\n\t\t\t\t\t\t\t\t\t\t<a class= \"uabb-ss-grid-button-link\" href=\"https:\/\/twitter.com\/share?url=https%3A%2F%2Fwww.miamibeachfl.gov%2F%3Fp%3D388934%26fl_builder\" target=\"_blank\" onclick=\"window.open(this.href,'social-share','left=20,top=20,width=500,height=500,toolbar=1,resizable=0');return false;\">\n\t\t\t\t\t\t\t\t\t\t\t\t\t\t\t\t\t\t\t\t\t\t\t<img decoding=\"async\" src=\"https:\/\/www.miamibeachfl.gov\/wp-content\/uploads\/2023\/12\/icon-twitterx.png\" alt=\"283218\"\/>\n\t\t\t\t\t\t\t\t\t\t<\/a>\n\t\t\t\t\t\t\t\t\t\t<a class= \"uabb-ss-grid-button-link\" href=\"https:\/\/www.linkedin.com\/shareArticle?url=https%3A%2F%2Fwww.miamibeachfl.gov%2F%3Fp%3D388934%26fl_builder\" target=\"_blank\" onclick=\"window.open(this.href,'social-share','left=20,top=20,width=500,height=500,toolbar=1,resizable=0');return false;\">\n\t\t\t\t\t\t\t\t\t\t\t\t\t\t\t\t\t\t\t\t\t\t\t<img decoding=\"async\" src=\"https:\/\/www.miamibeachfl.gov\/wp-content\/uploads\/2023\/12\/icon-linkedin.png\" alt=\"283217\"\/>\n\t\t\t\t\t\t\t\t\t\t<\/a>\n<h2>\n\t\t\tpara libera\u00e7\u00e3o imediata\t<\/h2>\n<h2>\n\t\t\t12 de setembro de 2025\t<\/h2>\n<h3>\n\t\t\t\u2013 Com eventos planejados por toda a cidade-\t<\/h3>\n\t<p><strong>Miami Beach, Fl\u00f3rida<\/strong> \u2013 Em reconhecimento \u00e0s contribui\u00e7\u00f5es dos moradores e da cultura hisp\u00e2nica, a cidade de Miami Beach realizar\u00e1 uma s\u00e9rie de eventos para comemorar o M\u00eas da Heran\u00e7a Hisp\u00e2nica, que vai de 15 de setembro a 15 de outubro.<\/p>\n<p>\u201cA comunidade hisp\u00e2nica est\u00e1 inserida no tecido de Miami Beach - sua arte, cultura e esp\u00edrito moldaram nossa cidade de maneiras duradouras\u201d, disse <strong>Prefeito de Miami Beach, Steven Meiner<\/strong>\u201cO M\u00eas da Heran\u00e7a Hisp\u00e2nica \u00e9 um momento para homenagear esse legado vivo e celebrar as gera\u00e7\u00f5es cuja criatividade, vis\u00e3o e profundidade cultural continuam a inspirar a todos n\u00f3s.\u201d<\/p>\n<p>\u201cO M\u00eas da Heran\u00e7a Hisp\u00e2nica \u00e9 um lembrete de que nossas hist\u00f3rias n\u00e3o s\u00e3o apenas sobre o passado, mas sobre o futuro que continuamos construindo juntos\u201d, acrescentou <strong>Comiss\u00e1rio de Miami Beach, Alex Fernandez<\/strong>. \u201cComo hispano-americano, tenho profunda gratid\u00e3o por este pa\u00eds \u2014 pelos sacrif\u00edcios das gera\u00e7\u00f5es anteriores \u00e0 nossa e por aqueles que continuam a jornada com coragem e resili\u00eancia, trabalhando duro, retribuindo e nos presenteando com um rico legado cultural que molda quem somos hoje.\u201d<\/p>\n<p>Os seguintes eventos GRATUITOS est\u00e3o acontecendo por toda a cidade:<\/p>\n<ul>\n<li><a href=\"https:\/\/www.miamibeachfl.gov\/pt\/city-hall\/parks-and-recreation\/\"><strong>Festival da Heran\u00e7a Hisp\u00e2nica<\/strong><\/a>\n<ul>\n<li>Sexta-feira, 19 de setembro, das 18h \u00e0s 21h, no North Shore Park, 501 72 Street<\/li>\n<li>O Festival Anual da Heran\u00e7a Hisp\u00e2nica da cidade contar\u00e1 com brinquedos e pula-pulas, apresenta\u00e7\u00f5es do programa extracurricular do Departamento de Parques e Recrea\u00e7\u00e3o, vendedores de comida e artesanato.<\/li>\n<\/ul>\n<\/li>\n<li><strong><a href=\"https:\/\/mdpls.org\/event\/14116416\">Miami Beach OnStage! AO VIVO em La Playa<\/a><\/strong>\n<ul>\n<li>S\u00e1bado, 20 de setembro, das 17h \u00e0s 19h, no Altos del Mar Park, 241 77 Street<\/li>\n<li>A s\u00e9rie OnStage! da cidade de Miami Beach come\u00e7ar\u00e1 com Jacuzzi Boys, uma homenagem eletrizante \u00e0s suas m\u00fasicas pop espanholas favoritas. A apresenta\u00e7\u00e3o tamb\u00e9m contar\u00e1 com Sonora Tukukuy, DJ Le Spam e o Mobile D\u00e1le Zine Truck, que se transformar\u00e1 em uma galeria itinerante com obras de arte inspiradas na c\u00fambia, incluindo capas de discos vintage, logotipos de gravadoras e designs de p\u00f4steres. Os convidados ser\u00e3o convidados a criar seu pr\u00f3prio p\u00f4ster ou capa de LP no estilo c\u00fambia, usando fontes, cores e elementos de design populares extra\u00eddos da rica hist\u00f3ria visual do g\u00eanero.<\/li>\n<\/ul>\n<\/li>\n<li><a href=\"https:\/\/mdpls.org\/event\/14116416\"><strong>Grupo de Hist\u00f3rias da Biblioteca no Miami Beach Regional<\/strong><\/a>\n<ul>\n<li>S\u00e1bado, 20 de setembro, das 10h30 \u00e0s 12h30 na Biblioteca Regional de Miami Beach, 227 22 Street<\/li>\n<li>Venha comemorar o M\u00eas da Heran\u00e7a Hisp\u00e2nica com o Grupo de Hist\u00f3rias da Biblioteca e divirta-se com conta\u00e7\u00e3o de hist\u00f3rias e com o Mr. J&#039;s Bilingual Bash, uma envolvente jam session que celebra can\u00e7\u00f5es e livros infantis cl\u00e1ssicos em ingl\u00eas e espanhol.<\/li>\n<\/ul>\n<\/li>\n<\/ul>\n<ul>\n<li><a href=\"https:\/\/mbgarden.org\/event\/sounds-colors-of-hispano-america\/\"><strong>Sons e Cores da Hispano-Am\u00e9rica<\/strong><\/a>\n<ul>\n<li>Domingo, 21 de setembro, das 13h \u00e0s 14h30 no Jardim Bot\u00e2nico de Miami Beach, 2000 Convention Center Drive<\/li>\n<li>O Jardim Bot\u00e2nico de Miami Beach sediar\u00e1 uma tarde de m\u00fasica, arte, celebra\u00e7\u00e3o cultural \u00fanica e conex\u00e3o alegre! Gabriela Esquivel e seus amigos convidam voc\u00ea a vivenciar uma vibrante fus\u00e3o art\u00edstica que celebra as ricas culturas da Am\u00e9rica Hisp\u00e2nica e dos Estados Unidos.<\/li>\n<\/ul>\n<\/li>\n<\/ul>\n<ul>\n<li><strong><a href=\"https:\/\/www.miamiandbeaches.com\/events\/ocean-drive-arts\">Tr\u00eas apresenta\u00e7\u00f5es da s\u00e9rie musical Ocean Drive Promenade no Lummus Park<\/a><\/strong>\n<ul>\n<li>Ocean Drive entre 14 Street e 14 Place<\/li>\n<li>A Ocean Drive Promenade Music Series \u00e9 uma s\u00e9rie de concertos semanais gratuitos apresentada pela Ocean Drive Association com o apoio da Prefeitura de Miami Beach e do Greater Miami Convention &amp; Visitors Bureau. Os visitantes s\u00e3o incentivados a trazer um cobertor ou cadeira de praia. Em caso de chuva, as seguintes apresenta\u00e7\u00f5es acontecer\u00e3o no The Betsy Hotel, localizado na Ocean Drive, 1440.<\/li>\n<\/ul>\n<\/li>\n<\/ul>\n<p><strong><a href=\"https:\/\/www.miamiandbeaches.com\/event\/cortadito\/27647\">Cortadito<\/a><\/strong><\/p>\n<p>Domingo, 21 de setembro, das 18h \u00e0s 19h<\/p>\n<p>Experimente os ritmos da m\u00fasica tradicional cubana Son com o conjunto Cortadito, de Miami, trazendo seu som caracter\u00edstico para o Lummus Park. O Cortadito \u00e9 especialista em Son, uma das primeiras formas de m\u00fasica country cubana, e conquistou uma s\u00f3lida base de f\u00e3s local e nacional com seu som ac\u00fastico inspirado no Buena Vista Social Club.<\/p>\n<p><a href=\"https:\/\/www.miamiandbeaches.com\/event\/niuver\/34298\"><strong>Niuver<\/strong><\/a><\/p>\n<p>Domingo, 28 de setembro, das 18h \u00e0s 19h<\/p>\n<p>Descubra uma mistura intercultural de ra\u00edzes latinas e influ\u00eancias globais enquanto a cantora e compositora Niuver traz seu som soul para o gramado do Lummus Park. Nascida em Cuba e atualmente radicada em Paris, Niuver se baseia em suas experi\u00eancias na Espanha, nos EUA e na Fran\u00e7a para criar m\u00fasicas que refletem uma identidade musical rica em camadas. Violonista e laudista, ela apresenta material original que mistura tradi\u00e7\u00f5es folcl\u00f3ricas latino-americanas com texturas ac\u00fasticas contempor\u00e2neas.<\/p>\n<p><strong><a href=\"https:\/\/www.miamiandbeaches.com\/event\/melodia-y-rumba\/34299\">Melodia e Rumba<\/a><\/strong><\/p>\n<p>Domingo, 5 de outubro, das 18h \u00e0s 19h<\/p>\n<p>Sinta a energia da salsa contempor\u00e2nea e dos ritmos latinos cl\u00e1ssicos enquanto o Melodia Y Rumba sobe ao palco em uma animada apresenta\u00e7\u00e3o ao ar livre. Fundado pelo baixista e compositor Osmany \u201cOzzie\u201d Gonzalez, o Melodia Y Rumba \u00e9 um conjunto de 10 integrantes que mistura salsa tradicional com influ\u00eancias modernas. Com a vocalista Melissa Cruz, o grupo oferece um som din\u00e2mico que reflete as influ\u00eancias culturais da cena musical latina de Miami.<\/p>\n<ul>\n<li><a href=\"https:\/\/miamibeachbandshell.com\/event\/miami-beach-salsa-fest-11\/\"><strong>Tr\u00eas eventos da Rhythm Foundation no Miami Beach Bandshell<\/strong><br \/>\n<\/a>7275 Avenida Collins<\/li>\n<\/ul>\n<p><a href=\"https:\/\/miamibeachbandshell.com\/event\/ballet-folklorico-antumapu-mb-arts-in-the-parks\/\">Ballet Folcl\u00f3rico Antumapu<\/a><\/p>\n<p>Sexta-feira, 3 de outubro, 19h<\/p>\n<p>O Ballet Folcl\u00f3rico Antumapu Universidad de Chile apresenta <em>Chiliche<\/em> \u2013 <em>Gente do Chile<\/em>, uma produ\u00e7\u00e3o c\u00eanica colorida e comovente com um conjunto folcl\u00f3rico de mais de 20 dan\u00e7arinos que celebra a riqueza cultural do povo chileno por meio da dan\u00e7a, da m\u00fasica e das tradi\u00e7\u00f5es ancestrais. Esta performance percorre as diversas paisagens e express\u00f5es do pa\u00eds, desde a m\u00edstica Rapa Nui at\u00e9 os ritmos vibrantes do norte e do sul.<\/p>\n<p><a href=\"https:\/\/miamibeachbandshell.com\/event\/miami-beach-salsa-fest-11\/\">Festival de Salsa de Miami Beach<\/a><\/p>\n<p>Domingo, 5 de outubro, das 16h \u00e0s 22h<\/p>\n<p>Junte-se ao Comit\u00ea de Assuntos Hisp\u00e2nicos da Cidade de Miami Beach para o Miami Beach Salsa Fest com Melina Almod\u00f3var <em>\u201cA <\/em>Mu\u00f1eca<em> da Salsa,\u201d <\/em>Jacareo, DJ Cristi Hernz, competi\u00e7\u00e3o de dan\u00e7a de salsa para idosos, aulas gratuitas de salsa e muito mais.<\/p>\n<p><a href=\"https:\/\/miamibeachbandshell.com\/event\/festival-de-bomba-y-plena-miami-beach\/\">Festival de Bomba e Plena MB \u00a0<\/a><\/p>\n<p>Domingo, 12 de outubro, 18h<\/p>\n<p>O Festival de Bomba y Plena Miami Beach, apresentado pelo Afro Borinken Roots, \u00e9 um evento gratuito e familiar que celebra as vibrantes tradi\u00e7\u00f5es afro-porto-riquenhas de m\u00fasica e dan\u00e7a. O p\u00fablico vivenciar\u00e1 a pulsa\u00e7\u00e3o de Porto Rico por meio dos ritmos poderosos dos tambores, da dan\u00e7a expressiva e das alegres can\u00e7\u00f5es de chamada e resposta.<\/p>\n<ul>\n<li><strong><a href=\"https:\/\/www.eventbrite.com\/e\/onstage-featuring-miamiblocos-bateria-saideira-with-rum-coke-tickets-1607464632989?aff=oddtdtcreator\">Miami Beach OnStage! com a Bateria Saideira do Miamibloco com Rum e Coca-Cola\u00a0<\/a><\/strong><\/li>\n<\/ul>\n<p>Quinta-feira, 16 de outubro, das 18h \u00e0s 21h no Euclid Oval na Lincoln Road<\/p>\n<p>O programa OnStage! da cidade de Miami Beach apresenta mais uma vers\u00e3o de uma apresenta\u00e7\u00e3o de samba com orquestra de percuss\u00e3o do Miamibloco e grooves do Rum &amp; Coke na Lincoln Road. Comece a noite com um set de dan\u00e7a afro-caribenha retr\u00f4 apresentado pelos moradores DJ Kumi, Harold Fandino e Jesus Rodriguez, das 18h \u00e0s 19h30, seguido por duas apresenta\u00e7\u00f5es consecutivas de samba do Miamibloco, \u00e0s 19h30 e 20h15.<\/p>\n<p>Para uma lista completa de eventos art\u00edsticos e culturais que acontecem em Miami Beach, visite <a href=\"https:\/\/events.miamibeachfl.gov\/arts-and-culture\/\">events.miamibeachfl.gov\/arts-and-culture<\/a>.<\/p>\n<p>###<\/p>\n<p><em>Para solicitar este material em formato alternativo, int\u00e9rprete de l\u00edngua de sinais (aviso pr\u00e9vio de 5 dias), informa\u00e7\u00f5es sobre acesso para pessoas com defici\u00eancia e\/ou qualquer acomoda\u00e7\u00e3o para revisar qualquer documento ou participar de qualquer processo patrocinado pela cidade, ligue para 305.604.2ADA (2232) (voz), selecione 1 (ingl\u00eas) ou 2 (espanhol) e deixe uma mensagem com sua solicita\u00e7\u00e3o. Usu\u00e1rios de TTY podem ligar pelo 711 (Servi\u00e7o de Retransmiss\u00e3o da Fl\u00f3rida). Voc\u00ea tamb\u00e9m pode fazer solicita\u00e7\u00f5es online em <\/em><a href=\"https:\/\/www.miamibeachfl.gov\/pt\/ada\/\">www.miamibeachfl.gov\/ada<\/a><em>\u00a0selecionando solicita\u00e7\u00e3o ADA.<\/em><\/p>\n<p>&nbsp;<\/p>\n<p>&nbsp;<\/p>","protected":false},"excerpt":{"rendered":"<p>Download Press Release Share: for immediate release Sept. 12, 2025 &#8211; With Events Planned Throughout the City- Miami Beach, FL [&hellip;]<\/p>\n","protected":false},"author":361,"featured_media":0,"comment_status":"closed","ping_status":"closed","sticky":false,"template":"","format":"standard","meta":{"_searchwp_excluded":"","site-sidebar-layout":"default","site-content-layout":"","ast-site-content-layout":"default","site-content-style":"default","site-sidebar-style":"default","ast-global-header-display":"","ast-banner-title-visibility":"","ast-main-header-display":"","ast-hfb-above-header-display":"","ast-hfb-below-header-display":"","ast-hfb-mobile-header-display":"","site-post-title":"","ast-breadcrumbs-content":"","ast-featured-img":"","footer-sml-layout":"","theme-transparent-header-meta":"","adv-header-id-meta":"","stick-header-meta":"","header-above-stick-meta":"","header-main-stick-meta":"","header-below-stick-meta":"","astra-migrate-meta-layouts":"default","ast-page-background-enabled":"default","ast-page-background-meta":{"desktop":{"background-color":"var(--ast-global-color-5)","background-image":"","background-repeat":"repeat","background-position":"center center","background-size":"auto","background-attachment":"scroll","background-type":"","background-media":"","overlay-type":"","overlay-color":"","overlay-opacity":"","overlay-gradient":""},"tablet":{"background-color":"","background-image":"","background-repeat":"repeat","background-position":"center center","background-size":"auto","background-attachment":"scroll","background-type":"","background-media":"","overlay-type":"","overlay-color":"","overlay-opacity":"","overlay-gradient":""},"mobile":{"background-color":"","background-image":"","background-repeat":"repeat","background-position":"center center","background-size":"auto","background-attachment":"scroll","background-type":"","background-media":"","overlay-type":"","overlay-color":"","overlay-opacity":"","overlay-gradient":""}},"ast-content-background-meta":{"desktop":{"background-color":"var(--ast-global-color-4)","background-image":"","background-repeat":"repeat","background-position":"center center","background-size":"auto","background-attachment":"scroll","background-type":"","background-media":"","overlay-type":"","overlay-color":"","overlay-opacity":"","overlay-gradient":""},"tablet":{"background-color":"var(--ast-global-color-4)","background-image":"","background-repeat":"repeat","background-position":"center center","background-size":"auto","background-attachment":"scroll","background-type":"","background-media":"","overlay-type":"","overlay-color":"","overlay-opacity":"","overlay-gradient":""},"mobile":{"background-color":"var(--ast-global-color-4)","background-image":"","background-repeat":"repeat","background-position":"center center","background-size":"auto","background-attachment":"scroll","background-type":"","background-media":"","overlay-type":"","overlay-color":"","overlay-opacity":"","overlay-gradient":""}},"footnotes":""},"categories":[1664],"tags":[],"class_list":["post-388934","post","type-post","status-publish","format-standard","hentry","category-2025-press-releases"],"yoast_head":"<!-- This site is optimized with the Yoast SEO Premium plugin v27.4 (Yoast SEO v27.4) - https:\/\/yoast.com\/product\/yoast-seo-premium-wordpress\/ -->\n<title>Miami Beach Celebrates Hispanic Heritage Month - City of Miami Beach<\/title>\n<meta name=\"description\" content=\"In recognition of the contributions of Hispanic residents and culture, the City of Miami Beach will hold a number of events to commemorate.\" \/>\n<meta name=\"robots\" content=\"index, follow, max-snippet:-1, max-image-preview:large, max-video-preview:-1\" \/>\n<link rel=\"canonical\" href=\"https:\/\/www.miamibeachfl.gov\/pt\/miami-beach-celebrates-hispanic-heritage-month-2\/\" \/>\n<meta property=\"og:locale\" content=\"pt_BR\" \/>\n<meta property=\"og:type\" content=\"article\" \/>\n<meta property=\"og:title\" content=\"Miami Beach Celebrates Hispanic Heritage Month\" \/>\n<meta property=\"og:description\" content=\"In recognition of the contributions of Hispanic residents and culture, the City of Miami Beach will hold a number of events to commemorate.\" \/>\n<meta property=\"og:url\" content=\"https:\/\/www.miamibeachfl.gov\/pt\/miami-beach-celebrates-hispanic-heritage-month-2\/\" \/>\n<meta property=\"og:site_name\" content=\"City of Miami Beach\" \/>\n<meta property=\"article:publisher\" content=\"https:\/\/www.facebook.com\/cityofmiamibeach\" \/>\n<meta property=\"article:published_time\" content=\"2025-09-12T14:41:00+00:00\" \/>\n<meta property=\"article:modified_time\" content=\"2025-09-12T18:04:40+00:00\" \/>\n<meta property=\"og:image\" content=\"https:\/\/www.miamibeachfl.gov\/wp-content\/uploads\/2023\/12\/icon-facebook.png\" \/>\n<meta name=\"author\" content=\"Emily Castillo\" \/>\n<meta name=\"twitter:card\" content=\"summary_large_image\" \/>\n<meta name=\"twitter:creator\" content=\"@Miamibeachnews\" \/>\n<meta name=\"twitter:site\" content=\"@Miamibeachnews\" \/>\n<script type=\"application\/ld+json\" class=\"yoast-schema-graph\">{\"@context\":\"https:\\\/\\\/schema.org\",\"@graph\":[{\"@type\":\"Article\",\"@id\":\"https:\\\/\\\/www.miamibeachfl.gov\\\/miami-beach-celebrates-hispanic-heritage-month-2\\\/#article\",\"isPartOf\":{\"@id\":\"https:\\\/\\\/www.miamibeachfl.gov\\\/miami-beach-celebrates-hispanic-heritage-month-2\\\/\"},\"author\":{\"name\":\"Emily Castillo\",\"@id\":\"https:\\\/\\\/www.miamibeachfl.gov\\\/#\\\/schema\\\/person\\\/7b37a95841b5231439bceb3fe7f46378\"},\"headline\":\"Miami Beach Celebrates Hispanic Heritage Month\",\"datePublished\":\"2025-09-12T14:41:00+00:00\",\"dateModified\":\"2025-09-12T18:04:40+00:00\",\"mainEntityOfPage\":{\"@id\":\"https:\\\/\\\/www.miamibeachfl.gov\\\/miami-beach-celebrates-hispanic-heritage-month-2\\\/\"},\"wordCount\":1125,\"publisher\":{\"@id\":\"https:\\\/\\\/www.miamibeachfl.gov\\\/#organization\"},\"image\":{\"@id\":\"https:\\\/\\\/www.miamibeachfl.gov\\\/miami-beach-celebrates-hispanic-heritage-month-2\\\/#primaryimage\"},\"thumbnailUrl\":\"https:\\\/\\\/www.miamibeachfl.gov\\\/wp-content\\\/uploads\\\/2023\\\/12\\\/icon-facebook.png\",\"articleSection\":[\"2025 Press Releases\"],\"inLanguage\":\"pt-BR\"},{\"@type\":\"WebPage\",\"@id\":\"https:\\\/\\\/www.miamibeachfl.gov\\\/miami-beach-celebrates-hispanic-heritage-month-2\\\/\",\"url\":\"https:\\\/\\\/www.miamibeachfl.gov\\\/miami-beach-celebrates-hispanic-heritage-month-2\\\/\",\"name\":\"Miami Beach Celebrates Hispanic Heritage Month - City of Miami Beach\",\"isPartOf\":{\"@id\":\"https:\\\/\\\/www.miamibeachfl.gov\\\/#website\"},\"primaryImageOfPage\":{\"@id\":\"https:\\\/\\\/www.miamibeachfl.gov\\\/miami-beach-celebrates-hispanic-heritage-month-2\\\/#primaryimage\"},\"image\":{\"@id\":\"https:\\\/\\\/www.miamibeachfl.gov\\\/miami-beach-celebrates-hispanic-heritage-month-2\\\/#primaryimage\"},\"thumbnailUrl\":\"https:\\\/\\\/www.miamibeachfl.gov\\\/wp-content\\\/uploads\\\/2023\\\/12\\\/icon-facebook.png\",\"datePublished\":\"2025-09-12T14:41:00+00:00\",\"dateModified\":\"2025-09-12T18:04:40+00:00\",\"description\":\"In recognition of the contributions of Hispanic residents and culture, the City of Miami Beach will hold a number of events to commemorate.\",\"breadcrumb\":{\"@id\":\"https:\\\/\\\/www.miamibeachfl.gov\\\/miami-beach-celebrates-hispanic-heritage-month-2\\\/#breadcrumb\"},\"inLanguage\":\"pt-BR\",\"potentialAction\":[{\"@type\":\"ReadAction\",\"target\":[\"https:\\\/\\\/www.miamibeachfl.gov\\\/miami-beach-celebrates-hispanic-heritage-month-2\\\/\"]}]},{\"@type\":\"ImageObject\",\"inLanguage\":\"pt-BR\",\"@id\":\"https:\\\/\\\/www.miamibeachfl.gov\\\/miami-beach-celebrates-hispanic-heritage-month-2\\\/#primaryimage\",\"url\":\"https:\\\/\\\/www.miamibeachfl.gov\\\/wp-content\\\/uploads\\\/2023\\\/12\\\/icon-facebook.png\",\"contentUrl\":\"https:\\\/\\\/www.miamibeachfl.gov\\\/wp-content\\\/uploads\\\/2023\\\/12\\\/icon-facebook.png\"},{\"@type\":\"BreadcrumbList\",\"@id\":\"https:\\\/\\\/www.miamibeachfl.gov\\\/miami-beach-celebrates-hispanic-heritage-month-2\\\/#breadcrumb\",\"itemListElement\":[{\"@type\":\"ListItem\",\"position\":1,\"name\":\"Home\",\"item\":\"https:\\\/\\\/www.miamibeachfl.gov\\\/\"},{\"@type\":\"ListItem\",\"position\":2,\"name\":\"Miami Beach Celebrates Hispanic Heritage Month\"}]},{\"@type\":\"WebSite\",\"@id\":\"https:\\\/\\\/www.miamibeachfl.gov\\\/#website\",\"url\":\"https:\\\/\\\/www.miamibeachfl.gov\\\/\",\"name\":\"City of Miami Beach\",\"description\":\"The official website of the City of Miami Beach. Stay informed, find important information on city services, news, alerts, events, trolley routes, government employment and more.\",\"publisher\":{\"@id\":\"https:\\\/\\\/www.miamibeachfl.gov\\\/#organization\"},\"potentialAction\":[{\"@type\":\"SearchAction\",\"target\":{\"@type\":\"EntryPoint\",\"urlTemplate\":\"https:\\\/\\\/www.miamibeachfl.gov\\\/?s={search_term_string}\"},\"query-input\":{\"@type\":\"PropertyValueSpecification\",\"valueRequired\":true,\"valueName\":\"search_term_string\"}}],\"inLanguage\":\"pt-BR\"},{\"@type\":\"Organization\",\"@id\":\"https:\\\/\\\/www.miamibeachfl.gov\\\/#organization\",\"name\":\"City of Miami Beach\",\"url\":\"https:\\\/\\\/www.miamibeachfl.gov\\\/\",\"logo\":{\"@type\":\"ImageObject\",\"inLanguage\":\"pt-BR\",\"@id\":\"https:\\\/\\\/www.miamibeachfl.gov\\\/#\\\/schema\\\/logo\\\/image\\\/\",\"url\":\"https:\\\/\\\/www.miamibeachfl.gov\\\/wp-content\\\/uploads\\\/2022\\\/06\\\/miamibeach-logoblue.png\",\"contentUrl\":\"https:\\\/\\\/www.miamibeachfl.gov\\\/wp-content\\\/uploads\\\/2022\\\/06\\\/miamibeach-logoblue.png\",\"width\":1962,\"height\":381,\"caption\":\"City of Miami Beach\"},\"image\":{\"@id\":\"https:\\\/\\\/www.miamibeachfl.gov\\\/#\\\/schema\\\/logo\\\/image\\\/\"},\"sameAs\":[\"https:\\\/\\\/www.facebook.com\\\/cityofmiamibeach\",\"https:\\\/\\\/x.com\\\/Miamibeachnews\",\"https:\\\/\\\/www.instagram.com\\\/miamibeachnews\\\/\"],\"description\":\"The official website of the City of Miami Beach. Stay informed, find important information on city services, news, alerts, events, trolley routes, government employment and more.\",\"telephone\":\"305.604.CITY(2489)\",\"legalName\":\"City of Miami Beach\"},{\"@type\":\"Person\",\"@id\":\"https:\\\/\\\/www.miamibeachfl.gov\\\/#\\\/schema\\\/person\\\/7b37a95841b5231439bceb3fe7f46378\",\"name\":\"Emily Castillo\"}]}<\/script>\n<!-- \/ Yoast SEO Premium plugin. -->","yoast_head_json":{"title":"Miami Beach celebra o M\u00eas da Heran\u00e7a Hisp\u00e2nica - Cidade de Miami Beach","description":"Em reconhecimento \u00e0s contribui\u00e7\u00f5es dos moradores e da cultura hisp\u00e2nica, a cidade de Miami Beach realizar\u00e1 uma s\u00e9rie de eventos para comemorar.","robots":{"index":"index","follow":"follow","max-snippet":"max-snippet:-1","max-image-preview":"max-image-preview:large","max-video-preview":"max-video-preview:-1"},"canonical":"https:\/\/www.miamibeachfl.gov\/pt\/miami-beach-celebrates-hispanic-heritage-month-2\/","og_locale":"pt_BR","og_type":"article","og_title":"Miami Beach Celebrates Hispanic Heritage Month","og_description":"In recognition of the contributions of Hispanic residents and culture, the City of Miami Beach will hold a number of events to commemorate.","og_url":"https:\/\/www.miamibeachfl.gov\/pt\/miami-beach-celebrates-hispanic-heritage-month-2\/","og_site_name":"City of Miami Beach","article_publisher":"https:\/\/www.facebook.com\/cityofmiamibeach","article_published_time":"2025-09-12T14:41:00+00:00","article_modified_time":"2025-09-12T18:04:40+00:00","og_image":[{"url":"https:\/\/www.miamibeachfl.gov\/wp-content\/uploads\/2023\/12\/icon-facebook.png","type":"","width":"","height":""}],"author":"Emily Castillo","twitter_card":"summary_large_image","twitter_creator":"@Miamibeachnews","twitter_site":"@Miamibeachnews","schema":{"@context":"https:\/\/schema.org","@graph":[{"@type":"Article","@id":"https:\/\/www.miamibeachfl.gov\/miami-beach-celebrates-hispanic-heritage-month-2\/#article","isPartOf":{"@id":"https:\/\/www.miamibeachfl.gov\/miami-beach-celebrates-hispanic-heritage-month-2\/"},"author":{"name":"Emily Castillo","@id":"https:\/\/www.miamibeachfl.gov\/#\/schema\/person\/7b37a95841b5231439bceb3fe7f46378"},"headline":"Miami Beach Celebrates Hispanic Heritage Month","datePublished":"2025-09-12T14:41:00+00:00","dateModified":"2025-09-12T18:04:40+00:00","mainEntityOfPage":{"@id":"https:\/\/www.miamibeachfl.gov\/miami-beach-celebrates-hispanic-heritage-month-2\/"},"wordCount":1125,"publisher":{"@id":"https:\/\/www.miamibeachfl.gov\/#organization"},"image":{"@id":"https:\/\/www.miamibeachfl.gov\/miami-beach-celebrates-hispanic-heritage-month-2\/#primaryimage"},"thumbnailUrl":"https:\/\/www.miamibeachfl.gov\/wp-content\/uploads\/2023\/12\/icon-facebook.png","articleSection":["2025 Press Releases"],"inLanguage":"pt-BR"},{"@type":"WebPage","@id":"https:\/\/www.miamibeachfl.gov\/miami-beach-celebrates-hispanic-heritage-month-2\/","url":"https:\/\/www.miamibeachfl.gov\/miami-beach-celebrates-hispanic-heritage-month-2\/","name":"Miami Beach celebra o M\u00eas da Heran\u00e7a Hisp\u00e2nica - Cidade de Miami Beach","isPartOf":{"@id":"https:\/\/www.miamibeachfl.gov\/#website"},"primaryImageOfPage":{"@id":"https:\/\/www.miamibeachfl.gov\/miami-beach-celebrates-hispanic-heritage-month-2\/#primaryimage"},"image":{"@id":"https:\/\/www.miamibeachfl.gov\/miami-beach-celebrates-hispanic-heritage-month-2\/#primaryimage"},"thumbnailUrl":"https:\/\/www.miamibeachfl.gov\/wp-content\/uploads\/2023\/12\/icon-facebook.png","datePublished":"2025-09-12T14:41:00+00:00","dateModified":"2025-09-12T18:04:40+00:00","description":"Em reconhecimento \u00e0s contribui\u00e7\u00f5es dos moradores e da cultura hisp\u00e2nica, a cidade de Miami Beach realizar\u00e1 uma s\u00e9rie de eventos para comemorar.","breadcrumb":{"@id":"https:\/\/www.miamibeachfl.gov\/miami-beach-celebrates-hispanic-heritage-month-2\/#breadcrumb"},"inLanguage":"pt-BR","potentialAction":[{"@type":"ReadAction","target":["https:\/\/www.miamibeachfl.gov\/miami-beach-celebrates-hispanic-heritage-month-2\/"]}]},{"@type":"ImageObject","inLanguage":"pt-BR","@id":"https:\/\/www.miamibeachfl.gov\/miami-beach-celebrates-hispanic-heritage-month-2\/#primaryimage","url":"https:\/\/www.miamibeachfl.gov\/wp-content\/uploads\/2023\/12\/icon-facebook.png","contentUrl":"https:\/\/www.miamibeachfl.gov\/wp-content\/uploads\/2023\/12\/icon-facebook.png"},{"@type":"BreadcrumbList","@id":"https:\/\/www.miamibeachfl.gov\/miami-beach-celebrates-hispanic-heritage-month-2\/#breadcrumb","itemListElement":[{"@type":"ListItem","position":1,"name":"Home","item":"https:\/\/www.miamibeachfl.gov\/"},{"@type":"ListItem","position":2,"name":"Miami Beach Celebrates Hispanic Heritage Month"}]},{"@type":"WebSite","@id":"https:\/\/www.miamibeachfl.gov\/#website","url":"https:\/\/www.miamibeachfl.gov\/","name":"Cidade de Miami Beach","description":"Site oficial da cidade de Miami Beach. Mantenha-se informado e encontre informa\u00e7\u00f5es importantes sobre servi\u00e7os municipais, not\u00edcias, alertas, eventos, rotas de bonde, empregos p\u00fablicos e muito mais.","publisher":{"@id":"https:\/\/www.miamibeachfl.gov\/#organization"},"potentialAction":[{"@type":"SearchAction","target":{"@type":"EntryPoint","urlTemplate":"https:\/\/www.miamibeachfl.gov\/?s={search_term_string}"},"query-input":{"@type":"PropertyValueSpecification","valueRequired":true,"valueName":"search_term_string"}}],"inLanguage":"pt-BR"},{"@type":"Organization","@id":"https:\/\/www.miamibeachfl.gov\/#organization","name":"Cidade de Miami Beach","url":"https:\/\/www.miamibeachfl.gov\/","logo":{"@type":"ImageObject","inLanguage":"pt-BR","@id":"https:\/\/www.miamibeachfl.gov\/#\/schema\/logo\/image\/","url":"https:\/\/www.miamibeachfl.gov\/wp-content\/uploads\/2022\/06\/miamibeach-logoblue.png","contentUrl":"https:\/\/www.miamibeachfl.gov\/wp-content\/uploads\/2022\/06\/miamibeach-logoblue.png","width":1962,"height":381,"caption":"City of Miami Beach"},"image":{"@id":"https:\/\/www.miamibeachfl.gov\/#\/schema\/logo\/image\/"},"sameAs":["https:\/\/www.facebook.com\/cityofmiamibeach","https:\/\/x.com\/Miamibeachnews","https:\/\/www.instagram.com\/miamibeachnews\/"],"description":"Site oficial da cidade de Miami Beach. Mantenha-se informado e encontre informa\u00e7\u00f5es importantes sobre servi\u00e7os municipais, not\u00edcias, alertas, eventos, rotas de bonde, empregos p\u00fablicos e muito mais.","telephone":"305.604.CITY(2489)","legalName":"City of Miami Beach"},{"@type":"Person","@id":"https:\/\/www.miamibeachfl.gov\/#\/schema\/person\/7b37a95841b5231439bceb3fe7f46378","name":"Emily Castillo"}]}},"_links":{"self":[{"href":"https:\/\/www.miamibeachfl.gov\/pt\/wp-json\/wp\/v2\/posts\/388934","targetHints":{"allow":["GET"]}}],"collection":[{"href":"https:\/\/www.miamibeachfl.gov\/pt\/wp-json\/wp\/v2\/posts"}],"about":[{"href":"https:\/\/www.miamibeachfl.gov\/pt\/wp-json\/wp\/v2\/types\/post"}],"author":[{"embeddable":true,"href":"https:\/\/www.miamibeachfl.gov\/pt\/wp-json\/wp\/v2\/users\/361"}],"replies":[{"embeddable":true,"href":"https:\/\/www.miamibeachfl.gov\/pt\/wp-json\/wp\/v2\/comments?post=388934"}],"version-history":[{"count":6,"href":"https:\/\/www.miamibeachfl.gov\/pt\/wp-json\/wp\/v2\/posts\/388934\/revisions"}],"predecessor-version":[{"id":388942,"href":"https:\/\/www.miamibeachfl.gov\/pt\/wp-json\/wp\/v2\/posts\/388934\/revisions\/388942"}],"wp:attachment":[{"href":"https:\/\/www.miamibeachfl.gov\/pt\/wp-json\/wp\/v2\/media?parent=388934"}],"wp:term":[{"taxonomy":"category","embeddable":true,"href":"https:\/\/www.miamibeachfl.gov\/pt\/wp-json\/wp\/v2\/categories?post=388934"},{"taxonomy":"post_tag","embeddable":true,"href":"https:\/\/www.miamibeachfl.gov\/pt\/wp-json\/wp\/v2\/tags?post=388934"}],"curies":[{"name":"wp","href":"https:\/\/api.w.org\/{rel}","templated":true}]}}