{"id":390487,"date":"2025-10-16T08:06:00","date_gmt":"2025-10-16T12:06:00","guid":{"rendered":"https:\/\/www.miamibeachfl.gov\/?p=390487"},"modified":"2025-10-16T09:50:49","modified_gmt":"2025-10-16T13:50:49","slug":"reeflines-first-monumental-installation-deploys-off-the-shore-of-miami-beach","status":"publish","type":"post","link":"https:\/\/www.miamibeachfl.gov\/pt\/reeflines-first-monumental-installation-deploys-off-the-shore-of-miami-beach\/","title":{"rendered":"Primeira instala\u00e7\u00e3o monumental da REEFLINE \u00e9 implantada na costa de Miami Beach"},"content":{"rendered":"<a href=\"https:\/\/www.miamibeachfl.gov\/wp-content\/uploads\/2025\/10\/REEFLINE-Launch-Press-Release.pdf\" target=\"_blank\" rel=\"noopener\">\n\t\t\t\t\t\tBaixar Comunicado de Imprensa\n\t\t\t\t\t<\/a>\n<h2>\n\t\t\tCompartilhar:\t<\/h2>\n\t\t\t\t\t\t\t\t\t\t<a class= \"uabb-ss-grid-button-link\" href=\"https:\/\/www.facebook.com\/sharer.php?u=https%3A%2F%2Fwww.miamibeachfl.gov%2F%3Fp%3D390487%26fl_builder\" target=\"_blank\" onclick=\"window.open(this.href,'social-share','left=20,top=20,width=500,height=500,toolbar=1,resizable=0');return false;\">\n\t\t\t\t\t\t\t\t\t\t\t\t\t\t\t\t\t\t\t\t\t\t\t<img decoding=\"async\" src=\"https:\/\/www.miamibeachfl.gov\/wp-content\/uploads\/2023\/12\/icon-facebook.png\" alt=\"283216\"\/>\n\t\t\t\t\t\t\t\t\t\t<\/a>\n\t\t\t\t\t\t\t\t\t\t<a class= \"uabb-ss-grid-button-link\" href=\"https:\/\/twitter.com\/share?url=https%3A%2F%2Fwww.miamibeachfl.gov%2F%3Fp%3D390487%26fl_builder\" target=\"_blank\" onclick=\"window.open(this.href,'social-share','left=20,top=20,width=500,height=500,toolbar=1,resizable=0');return false;\">\n\t\t\t\t\t\t\t\t\t\t\t\t\t\t\t\t\t\t\t\t\t\t\t<img decoding=\"async\" src=\"https:\/\/www.miamibeachfl.gov\/wp-content\/uploads\/2023\/12\/icon-twitterx.png\" alt=\"283218\"\/>\n\t\t\t\t\t\t\t\t\t\t<\/a>\n\t\t\t\t\t\t\t\t\t\t<a class= \"uabb-ss-grid-button-link\" href=\"https:\/\/www.linkedin.com\/shareArticle?url=https%3A%2F%2Fwww.miamibeachfl.gov%2F%3Fp%3D390487%26fl_builder\" target=\"_blank\" onclick=\"window.open(this.href,'social-share','left=20,top=20,width=500,height=500,toolbar=1,resizable=0');return false;\">\n\t\t\t\t\t\t\t\t\t\t\t\t\t\t\t\t\t\t\t\t\t\t\t<img decoding=\"async\" src=\"https:\/\/www.miamibeachfl.gov\/wp-content\/uploads\/2023\/12\/icon-linkedin.png\" alt=\"283217\"\/>\n\t\t\t\t\t\t\t\t\t\t<\/a>\n<h2>\n\t\t\tpara libera\u00e7\u00e3o imediata\t<\/h2>\n<h2>\n\t\t\t16 de outubro de 2025\t<\/h2>\n<h3>\n\t\t\t\u2013 Participe da celebra\u00e7\u00e3o na praia na ter\u00e7a-feira, 21 de outubro, \u00e0s 13h, entre as ruas 4 e 5 \u2013\t<\/h3>\n\t<img loading=\"lazy\" decoding=\"async\" src=\"https:\/\/www.miamibeachfl.gov\/wp-content\/uploads\/2025\/10\/PICTURE-300x149.jpg\" alt=\"\" width=\"405\" height=\"201\" data-warning=\"Missing alt text\" \/>\n<p><strong>\u00a0<\/strong><\/p>\n<p><strong>Miami Beach, Fl\u00f3rida <\/strong>\u2013 Junte-se \u00e0 cidade de Miami Beach para uma celebra\u00e7\u00e3o \u00e0 beira-mar em<strong> Ter\u00e7a-feira, 21 de outubro, entre as ruas 4 e 5, \u00e0s 13h <\/strong>Para marcar a hist\u00f3rica primeira implanta\u00e7\u00e3o do REEFLINE, um parque de esculturas subaqu\u00e1ticas e recife h\u00edbrido in\u00e9dito. Estar\u00e3o presentes o prefeito e os vereadores, artistas, cientistas, l\u00edderes culturais, pioneiros ambientais, legisladores e apoiadores.<\/p>\n<p>\u201cA instala\u00e7\u00e3o REEFLINE \u00e9 mais do que uma fus\u00e3o deslumbrante de arte e ci\u00eancia; \u00e9 uma salvaguarda econ\u00f4mica crucial a longo prazo para Miami Beach\u201d, disse <strong>Prefeito de Miami Beach, Steven Meiner<\/strong>\u201cRecifes saud\u00e1veis s\u00e3o nossa infraestrutura natural, protegendo nossas preciosas praias e a vital receita do turismo, reduzindo significativamente as ondas de tempestade e a eros\u00e3o. Este projeto monumental, baseado em ci\u00eancia, oferece uma solu\u00e7\u00e3o inovadora para proteger nossos ecossistemas marinhos e nossa paisagem cultural.\u201d<\/p>\n<p>A instala\u00e7\u00e3o marca o lan\u00e7amento do REEFLINE, um novo parque p\u00fablico de esculturas e recife h\u00edbrido a uma curta dist\u00e2ncia da costa de Miami Beach, possibilitado pelo Arts &amp; Culture General Obligation Bond aprovado pelos eleitores em 2022.<\/p>\n<p>Nos dias 20 e 21 de outubro e 27 e 28 de outubro, moradores e visitantes de Miami Beach poder\u00e3o testemunhar uma barca\u00e7a de constru\u00e7\u00e3o de 48 metros baixando 22 carros de concreto de n\u00edvel mar\u00edtimo em tamanho real no oceano, a 236 metros de dist\u00e2ncia de 4 a 5 ruas. Uma vez instaladas, essas formas esculturais formam <em>Coral de Concreto<\/em>, uma nova obra de arte subaqu\u00e1tica do artista internacionalmente reconhecido Leandro Erlich, disposta como um engarrafamento subaqu\u00e1tico surreal a 6 metros abaixo da superf\u00edcie do oceano.<\/p>\n<p>Em breve, o lago ser\u00e1 semeado com 2.200 corais cultivados no Laborat\u00f3rio de Corais Nativos da REEFLINE em Miami, no bairro de Allapattah. <em>Coral de Concreto <\/em>Ser\u00e1 utilizada a tecnologia inovadora Coral Lok\u2122, que permite o transplante r\u00e1pido, seguro e sustent\u00e1vel de corais. A obra de arte transforma um s\u00edmbolo da congest\u00e3o urbana em um recife vivo que fortalece os ecossistemas marinhos \u2013 uma invers\u00e3o po\u00e9tica da pegada ambiental da humanidade.<\/p>\n<p>Idealizado pela urbanista Ximena Caminos como um modelo para cidades costeiras em todo o mundo, com um plano diretor de Shohei Shigematsu\/OMA, o REEFLINE \u00e9 impulsionado por um coletivo multidisciplinar de bi\u00f3logos marinhos, engenheiros costeiros, designers, artistas e especialistas ambientais. O projeto, dividido em 11 fases, visa arrecadar 1.440 milh\u00f5es de d\u00f3lares para estender seu corredor subaqu\u00e1tico por 11 quil\u00f4metros \u2013 toda a extens\u00e3o de Miami Beach \u2013 com o objetivo de plantar milhares de corais.<\/p>\n<p>\u201cA REEFLINE mostra como a criatividade pode impulsionar solu\u00e7\u00f5es reais para um planeta em transforma\u00e7\u00e3o\u201d, compartilhou. <strong>Fundadora e Diretora Art\u00edstica da REEFLINE Ximena Caminos<\/strong>\u201cEstamos transformando a arte em um motor para o aprimoramento e a educa\u00e7\u00e3o do ecossistema marinho. O que come\u00e7a em Miami Beach \u2013 antes vista como o epicentro da eleva\u00e7\u00e3o do n\u00edvel do mar \u2013 pode se tornar um modelo para cidades do mundo todo. Esse \u00e9 o poder da colabora\u00e7\u00e3o: quando artistas, cientistas e comunidades trabalham juntos, a regenera\u00e7\u00e3o se torna poss\u00edvel. Sou profundamente grato pelo apoio vision\u00e1rio da cidade de Miami Beach, de seu prefeito, vereadores e moradores \u2013 cuja cren\u00e7a neste projeto nos permite transformar a imagina\u00e7\u00e3o em impacto.\u201d<\/p>\n<p>N\u00e3o ser\u00e1 permitida a aproxima\u00e7\u00e3o de embarca\u00e7\u00f5es ou banhistas \u00e0 \u00e1rea de mobiliza\u00e7\u00e3o durante a execu\u00e7\u00e3o dos trabalhos. A mobiliza\u00e7\u00e3o pode ser melhor visualizada da praia, perto da Rua 5.<\/p>\n<p>###<\/p>\n<p>&nbsp;<\/p>\n<p><strong>Sobre a REEFLINE<\/strong><\/p>\n<p><strong>LINHA DE RECIFE<\/strong> \u00e9 um parque p\u00fablico de esculturas subaqu\u00e1ticas pioneiro e um recife h\u00edbrido na costa de Miami Beach. Idealizado pelo criador de lugares culturais <strong>Ximena Caminos<\/strong>, com um Plano Diretor por <strong>Shohei Shigematsu\/OMA<\/strong>, <strong>LINHA DE RECIFE<\/strong> re\u00fane arte, ci\u00eancia, educa\u00e7\u00e3o e comunidade para melhorar os ecossistemas marinhos, promover a cultura oce\u00e2nica e inspirar a administra\u00e7\u00e3o global dos oceanos. <strong>LINHA DE RECIFE<\/strong> O projeto tem como objetivo plantar milhares de corais em obras de arte subaqu\u00e1ticas de grande escala e espec\u00edficas para cada local, ao longo da pr\u00f3xima d\u00e9cada, criando um modelo para cidades costeiras em todo o mundo \u2013 uma sala de aula viva onde arte, ci\u00eancia e educa\u00e7\u00e3o se encontram para capacitar as futuras gera\u00e7\u00f5es e a a\u00e7\u00e3o coletiva.<\/p>\n###<br \/>\n<em><br \/>\n<\/em><em>Para solicitar este material em formato alternativo, int\u00e9rprete de linguagem de sinais (aviso pr\u00e9vio de cinco dias), informa\u00e7\u00f5es sobre acesso para pessoas com defici\u00eancia e\/ou qualquer acomoda\u00e7\u00e3o para revisar qualquer documento ou participar de qualquer processo patrocinado pela cidade, ligue para 305.604.2ADA (2232) e selecione 1 para ingl\u00eas ou 2 para espanhol e, em seguida, a op\u00e7\u00e3o 6; usu\u00e1rios de TTY podem ligar pelo 711 (Florida Relay Service).<\/em>","protected":false},"excerpt":{"rendered":"<p>Download Press Release Share: for immediate release Oct. 16, 2025 &#8211; Join the beachside celebration on Tues, Oct. 21 at [&hellip;]<\/p>\n","protected":false},"author":361,"featured_media":0,"comment_status":"closed","ping_status":"closed","sticky":false,"template":"","format":"standard","meta":{"_searchwp_excluded":"","site-sidebar-layout":"default","site-content-layout":"","ast-site-content-layout":"default","site-content-style":"default","site-sidebar-style":"default","ast-global-header-display":"","ast-banner-title-visibility":"","ast-main-header-display":"","ast-hfb-above-header-display":"","ast-hfb-below-header-display":"","ast-hfb-mobile-header-display":"","site-post-title":"","ast-breadcrumbs-content":"","ast-featured-img":"","footer-sml-layout":"","theme-transparent-header-meta":"","adv-header-id-meta":"","stick-header-meta":"","header-above-stick-meta":"","header-main-stick-meta":"","header-below-stick-meta":"","astra-migrate-meta-layouts":"default","ast-page-background-enabled":"default","ast-page-background-meta":{"desktop":{"background-color":"var(--ast-global-color-5)","background-image":"","background-repeat":"repeat","background-position":"center center","background-size":"auto","background-attachment":"scroll","background-type":"","background-media":"","overlay-type":"","overlay-color":"","overlay-opacity":"","overlay-gradient":""},"tablet":{"background-color":"","background-image":"","background-repeat":"repeat","background-position":"center center","background-size":"auto","background-attachment":"scroll","background-type":"","background-media":"","overlay-type":"","overlay-color":"","overlay-opacity":"","overlay-gradient":""},"mobile":{"background-color":"","background-image":"","background-repeat":"repeat","background-position":"center center","background-size":"auto","background-attachment":"scroll","background-type":"","background-media":"","overlay-type":"","overlay-color":"","overlay-opacity":"","overlay-gradient":""}},"ast-content-background-meta":{"desktop":{"background-color":"var(--ast-global-color-4)","background-image":"","background-repeat":"repeat","background-position":"center center","background-size":"auto","background-attachment":"scroll","background-type":"","background-media":"","overlay-type":"","overlay-color":"","overlay-opacity":"","overlay-gradient":""},"tablet":{"background-color":"var(--ast-global-color-4)","background-image":"","background-repeat":"repeat","background-position":"center center","background-size":"auto","background-attachment":"scroll","background-type":"","background-media":"","overlay-type":"","overlay-color":"","overlay-opacity":"","overlay-gradient":""},"mobile":{"background-color":"var(--ast-global-color-4)","background-image":"","background-repeat":"repeat","background-position":"center center","background-size":"auto","background-attachment":"scroll","background-type":"","background-media":"","overlay-type":"","overlay-color":"","overlay-opacity":"","overlay-gradient":""}},"footnotes":""},"categories":[1664],"tags":[],"class_list":["post-390487","post","type-post","status-publish","format-standard","hentry","category-2025-press-releases"],"yoast_head":"<!-- This site is optimized with the Yoast SEO Premium plugin v27.4 (Yoast SEO v27.4) - https:\/\/yoast.com\/product\/yoast-seo-premium-wordpress\/ -->\n<title>REEFLINE\u2019s First Monumental Installation Deploys off the Shore of Miami Beach - City of Miami Beach<\/title>\n<meta name=\"description\" content=\"Join the City of Miami Beach for a beachside celebration on Tuesday, October 21 between 4 and 5 streets at 1 p.m. to mark the REEFLINE\u2019s historic.\" \/>\n<meta name=\"robots\" content=\"index, follow, max-snippet:-1, max-image-preview:large, max-video-preview:-1\" \/>\n<link rel=\"canonical\" href=\"https:\/\/www.miamibeachfl.gov\/pt\/reeflines-first-monumental-installation-deploys-off-the-shore-of-miami-beach\/\" \/>\n<meta property=\"og:locale\" content=\"pt_BR\" \/>\n<meta property=\"og:type\" content=\"article\" \/>\n<meta property=\"og:title\" content=\"REEFLINE\u2019s First Monumental Installation Deploys off the Shore of Miami Beach\" \/>\n<meta property=\"og:description\" content=\"Join the City of Miami Beach for a beachside celebration on Tuesday, October 21 between 4 and 5 streets at 1 p.m. to mark the REEFLINE\u2019s historic.\" \/>\n<meta property=\"og:url\" content=\"https:\/\/www.miamibeachfl.gov\/pt\/reeflines-first-monumental-installation-deploys-off-the-shore-of-miami-beach\/\" \/>\n<meta property=\"og:site_name\" content=\"City of Miami Beach\" \/>\n<meta property=\"article:publisher\" content=\"https:\/\/www.facebook.com\/cityofmiamibeach\" \/>\n<meta property=\"article:published_time\" content=\"2025-10-16T12:06:00+00:00\" \/>\n<meta property=\"article:modified_time\" content=\"2025-10-16T13:50:49+00:00\" \/>\n<meta property=\"og:image\" content=\"https:\/\/www.miamibeachfl.gov\/wp-content\/uploads\/2023\/12\/icon-facebook.png\" \/>\n<meta name=\"author\" content=\"Emily Castillo\" \/>\n<meta name=\"twitter:card\" content=\"summary_large_image\" \/>\n<meta name=\"twitter:creator\" content=\"@Miamibeachnews\" \/>\n<meta name=\"twitter:site\" content=\"@Miamibeachnews\" \/>\n<script type=\"application\/ld+json\" class=\"yoast-schema-graph\">{\"@context\":\"https:\\\/\\\/schema.org\",\"@graph\":[{\"@type\":\"Article\",\"@id\":\"https:\\\/\\\/www.miamibeachfl.gov\\\/reeflines-first-monumental-installation-deploys-off-the-shore-of-miami-beach\\\/#article\",\"isPartOf\":{\"@id\":\"https:\\\/\\\/www.miamibeachfl.gov\\\/reeflines-first-monumental-installation-deploys-off-the-shore-of-miami-beach\\\/\"},\"author\":{\"name\":\"Emily Castillo\",\"@id\":\"https:\\\/\\\/www.miamibeachfl.gov\\\/#\\\/schema\\\/person\\\/7b37a95841b5231439bceb3fe7f46378\"},\"headline\":\"REEFLINE\u2019s First Monumental Installation Deploys off the Shore of Miami Beach\",\"datePublished\":\"2025-10-16T12:06:00+00:00\",\"dateModified\":\"2025-10-16T13:50:49+00:00\",\"mainEntityOfPage\":{\"@id\":\"https:\\\/\\\/www.miamibeachfl.gov\\\/reeflines-first-monumental-installation-deploys-off-the-shore-of-miami-beach\\\/\"},\"wordCount\":662,\"publisher\":{\"@id\":\"https:\\\/\\\/www.miamibeachfl.gov\\\/#organization\"},\"image\":{\"@id\":\"https:\\\/\\\/www.miamibeachfl.gov\\\/reeflines-first-monumental-installation-deploys-off-the-shore-of-miami-beach\\\/#primaryimage\"},\"thumbnailUrl\":\"https:\\\/\\\/www.miamibeachfl.gov\\\/wp-content\\\/uploads\\\/2023\\\/12\\\/icon-facebook.png\",\"articleSection\":[\"2025 Press Releases\"],\"inLanguage\":\"pt-BR\"},{\"@type\":\"WebPage\",\"@id\":\"https:\\\/\\\/www.miamibeachfl.gov\\\/reeflines-first-monumental-installation-deploys-off-the-shore-of-miami-beach\\\/\",\"url\":\"https:\\\/\\\/www.miamibeachfl.gov\\\/reeflines-first-monumental-installation-deploys-off-the-shore-of-miami-beach\\\/\",\"name\":\"REEFLINE\u2019s First Monumental Installation Deploys off the Shore of Miami Beach - City of Miami Beach\",\"isPartOf\":{\"@id\":\"https:\\\/\\\/www.miamibeachfl.gov\\\/#website\"},\"primaryImageOfPage\":{\"@id\":\"https:\\\/\\\/www.miamibeachfl.gov\\\/reeflines-first-monumental-installation-deploys-off-the-shore-of-miami-beach\\\/#primaryimage\"},\"image\":{\"@id\":\"https:\\\/\\\/www.miamibeachfl.gov\\\/reeflines-first-monumental-installation-deploys-off-the-shore-of-miami-beach\\\/#primaryimage\"},\"thumbnailUrl\":\"https:\\\/\\\/www.miamibeachfl.gov\\\/wp-content\\\/uploads\\\/2023\\\/12\\\/icon-facebook.png\",\"datePublished\":\"2025-10-16T12:06:00+00:00\",\"dateModified\":\"2025-10-16T13:50:49+00:00\",\"description\":\"Join the City of Miami Beach for a beachside celebration on Tuesday, October 21 between 4 and 5 streets at 1 p.m. to mark the REEFLINE\u2019s historic.\",\"breadcrumb\":{\"@id\":\"https:\\\/\\\/www.miamibeachfl.gov\\\/reeflines-first-monumental-installation-deploys-off-the-shore-of-miami-beach\\\/#breadcrumb\"},\"inLanguage\":\"pt-BR\",\"potentialAction\":[{\"@type\":\"ReadAction\",\"target\":[\"https:\\\/\\\/www.miamibeachfl.gov\\\/reeflines-first-monumental-installation-deploys-off-the-shore-of-miami-beach\\\/\"]}]},{\"@type\":\"ImageObject\",\"inLanguage\":\"pt-BR\",\"@id\":\"https:\\\/\\\/www.miamibeachfl.gov\\\/reeflines-first-monumental-installation-deploys-off-the-shore-of-miami-beach\\\/#primaryimage\",\"url\":\"https:\\\/\\\/www.miamibeachfl.gov\\\/wp-content\\\/uploads\\\/2023\\\/12\\\/icon-facebook.png\",\"contentUrl\":\"https:\\\/\\\/www.miamibeachfl.gov\\\/wp-content\\\/uploads\\\/2023\\\/12\\\/icon-facebook.png\"},{\"@type\":\"BreadcrumbList\",\"@id\":\"https:\\\/\\\/www.miamibeachfl.gov\\\/reeflines-first-monumental-installation-deploys-off-the-shore-of-miami-beach\\\/#breadcrumb\",\"itemListElement\":[{\"@type\":\"ListItem\",\"position\":1,\"name\":\"Home\",\"item\":\"https:\\\/\\\/www.miamibeachfl.gov\\\/\"},{\"@type\":\"ListItem\",\"position\":2,\"name\":\"REEFLINE\u2019s First Monumental Installation Deploys off the Shore of Miami Beach\"}]},{\"@type\":\"WebSite\",\"@id\":\"https:\\\/\\\/www.miamibeachfl.gov\\\/#website\",\"url\":\"https:\\\/\\\/www.miamibeachfl.gov\\\/\",\"name\":\"City of Miami Beach\",\"description\":\"The official website of the City of Miami Beach. Stay informed, find important information on city services, news, alerts, events, trolley routes, government employment and more.\",\"publisher\":{\"@id\":\"https:\\\/\\\/www.miamibeachfl.gov\\\/#organization\"},\"potentialAction\":[{\"@type\":\"SearchAction\",\"target\":{\"@type\":\"EntryPoint\",\"urlTemplate\":\"https:\\\/\\\/www.miamibeachfl.gov\\\/?s={search_term_string}\"},\"query-input\":{\"@type\":\"PropertyValueSpecification\",\"valueRequired\":true,\"valueName\":\"search_term_string\"}}],\"inLanguage\":\"pt-BR\"},{\"@type\":\"Organization\",\"@id\":\"https:\\\/\\\/www.miamibeachfl.gov\\\/#organization\",\"name\":\"City of Miami Beach\",\"url\":\"https:\\\/\\\/www.miamibeachfl.gov\\\/\",\"logo\":{\"@type\":\"ImageObject\",\"inLanguage\":\"pt-BR\",\"@id\":\"https:\\\/\\\/www.miamibeachfl.gov\\\/#\\\/schema\\\/logo\\\/image\\\/\",\"url\":\"https:\\\/\\\/www.miamibeachfl.gov\\\/wp-content\\\/uploads\\\/2022\\\/06\\\/miamibeach-logoblue.png\",\"contentUrl\":\"https:\\\/\\\/www.miamibeachfl.gov\\\/wp-content\\\/uploads\\\/2022\\\/06\\\/miamibeach-logoblue.png\",\"width\":1962,\"height\":381,\"caption\":\"City of Miami Beach\"},\"image\":{\"@id\":\"https:\\\/\\\/www.miamibeachfl.gov\\\/#\\\/schema\\\/logo\\\/image\\\/\"},\"sameAs\":[\"https:\\\/\\\/www.facebook.com\\\/cityofmiamibeach\",\"https:\\\/\\\/x.com\\\/Miamibeachnews\",\"https:\\\/\\\/www.instagram.com\\\/miamibeachnews\\\/\"],\"description\":\"The official website of the City of Miami Beach. Stay informed, find important information on city services, news, alerts, events, trolley routes, government employment and more.\",\"telephone\":\"305.604.CITY(2489)\",\"legalName\":\"City of Miami Beach\"},{\"@type\":\"Person\",\"@id\":\"https:\\\/\\\/www.miamibeachfl.gov\\\/#\\\/schema\\\/person\\\/7b37a95841b5231439bceb3fe7f46378\",\"name\":\"Emily Castillo\"}]}<\/script>\n<!-- \/ Yoast SEO Premium plugin. -->","yoast_head_json":{"title":"Primeira instala\u00e7\u00e3o monumental da REEFLINE \u00e9 implantada na costa de Miami Beach - Cidade de Miami Beach","description":"Junte-se \u00e0 cidade de Miami Beach para uma celebra\u00e7\u00e3o \u00e0 beira-mar na ter\u00e7a-feira, 21 de outubro, entre as ruas 4 e 5, \u00e0s 13h, para comemorar o anivers\u00e1rio hist\u00f3rico da REEFLINE.","robots":{"index":"index","follow":"follow","max-snippet":"max-snippet:-1","max-image-preview":"max-image-preview:large","max-video-preview":"max-video-preview:-1"},"canonical":"https:\/\/www.miamibeachfl.gov\/pt\/reeflines-first-monumental-installation-deploys-off-the-shore-of-miami-beach\/","og_locale":"pt_BR","og_type":"article","og_title":"REEFLINE\u2019s First Monumental Installation Deploys off the Shore of Miami Beach","og_description":"Join the City of Miami Beach for a beachside celebration on Tuesday, October 21 between 4 and 5 streets at 1 p.m. to mark the REEFLINE\u2019s historic.","og_url":"https:\/\/www.miamibeachfl.gov\/pt\/reeflines-first-monumental-installation-deploys-off-the-shore-of-miami-beach\/","og_site_name":"City of Miami Beach","article_publisher":"https:\/\/www.facebook.com\/cityofmiamibeach","article_published_time":"2025-10-16T12:06:00+00:00","article_modified_time":"2025-10-16T13:50:49+00:00","og_image":[{"url":"https:\/\/www.miamibeachfl.gov\/wp-content\/uploads\/2023\/12\/icon-facebook.png","type":"","width":"","height":""}],"author":"Emily Castillo","twitter_card":"summary_large_image","twitter_creator":"@Miamibeachnews","twitter_site":"@Miamibeachnews","schema":{"@context":"https:\/\/schema.org","@graph":[{"@type":"Article","@id":"https:\/\/www.miamibeachfl.gov\/reeflines-first-monumental-installation-deploys-off-the-shore-of-miami-beach\/#article","isPartOf":{"@id":"https:\/\/www.miamibeachfl.gov\/reeflines-first-monumental-installation-deploys-off-the-shore-of-miami-beach\/"},"author":{"name":"Emily Castillo","@id":"https:\/\/www.miamibeachfl.gov\/#\/schema\/person\/7b37a95841b5231439bceb3fe7f46378"},"headline":"REEFLINE\u2019s First Monumental Installation Deploys off the Shore of Miami Beach","datePublished":"2025-10-16T12:06:00+00:00","dateModified":"2025-10-16T13:50:49+00:00","mainEntityOfPage":{"@id":"https:\/\/www.miamibeachfl.gov\/reeflines-first-monumental-installation-deploys-off-the-shore-of-miami-beach\/"},"wordCount":662,"publisher":{"@id":"https:\/\/www.miamibeachfl.gov\/#organization"},"image":{"@id":"https:\/\/www.miamibeachfl.gov\/reeflines-first-monumental-installation-deploys-off-the-shore-of-miami-beach\/#primaryimage"},"thumbnailUrl":"https:\/\/www.miamibeachfl.gov\/wp-content\/uploads\/2023\/12\/icon-facebook.png","articleSection":["2025 Press Releases"],"inLanguage":"pt-BR"},{"@type":"WebPage","@id":"https:\/\/www.miamibeachfl.gov\/reeflines-first-monumental-installation-deploys-off-the-shore-of-miami-beach\/","url":"https:\/\/www.miamibeachfl.gov\/reeflines-first-monumental-installation-deploys-off-the-shore-of-miami-beach\/","name":"Primeira instala\u00e7\u00e3o monumental da REEFLINE \u00e9 implantada na costa de Miami Beach - Cidade de Miami Beach","isPartOf":{"@id":"https:\/\/www.miamibeachfl.gov\/#website"},"primaryImageOfPage":{"@id":"https:\/\/www.miamibeachfl.gov\/reeflines-first-monumental-installation-deploys-off-the-shore-of-miami-beach\/#primaryimage"},"image":{"@id":"https:\/\/www.miamibeachfl.gov\/reeflines-first-monumental-installation-deploys-off-the-shore-of-miami-beach\/#primaryimage"},"thumbnailUrl":"https:\/\/www.miamibeachfl.gov\/wp-content\/uploads\/2023\/12\/icon-facebook.png","datePublished":"2025-10-16T12:06:00+00:00","dateModified":"2025-10-16T13:50:49+00:00","description":"Junte-se \u00e0 cidade de Miami Beach para uma celebra\u00e7\u00e3o \u00e0 beira-mar na ter\u00e7a-feira, 21 de outubro, entre as ruas 4 e 5, \u00e0s 13h, para comemorar o anivers\u00e1rio hist\u00f3rico da REEFLINE.","breadcrumb":{"@id":"https:\/\/www.miamibeachfl.gov\/reeflines-first-monumental-installation-deploys-off-the-shore-of-miami-beach\/#breadcrumb"},"inLanguage":"pt-BR","potentialAction":[{"@type":"ReadAction","target":["https:\/\/www.miamibeachfl.gov\/reeflines-first-monumental-installation-deploys-off-the-shore-of-miami-beach\/"]}]},{"@type":"ImageObject","inLanguage":"pt-BR","@id":"https:\/\/www.miamibeachfl.gov\/reeflines-first-monumental-installation-deploys-off-the-shore-of-miami-beach\/#primaryimage","url":"https:\/\/www.miamibeachfl.gov\/wp-content\/uploads\/2023\/12\/icon-facebook.png","contentUrl":"https:\/\/www.miamibeachfl.gov\/wp-content\/uploads\/2023\/12\/icon-facebook.png"},{"@type":"BreadcrumbList","@id":"https:\/\/www.miamibeachfl.gov\/reeflines-first-monumental-installation-deploys-off-the-shore-of-miami-beach\/#breadcrumb","itemListElement":[{"@type":"ListItem","position":1,"name":"Home","item":"https:\/\/www.miamibeachfl.gov\/"},{"@type":"ListItem","position":2,"name":"REEFLINE\u2019s First Monumental Installation Deploys off the Shore of Miami Beach"}]},{"@type":"WebSite","@id":"https:\/\/www.miamibeachfl.gov\/#website","url":"https:\/\/www.miamibeachfl.gov\/","name":"Cidade de Miami Beach","description":"Site oficial da cidade de Miami Beach. Mantenha-se informado e encontre informa\u00e7\u00f5es importantes sobre servi\u00e7os municipais, not\u00edcias, alertas, eventos, rotas de bonde, empregos p\u00fablicos e muito mais.","publisher":{"@id":"https:\/\/www.miamibeachfl.gov\/#organization"},"potentialAction":[{"@type":"SearchAction","target":{"@type":"EntryPoint","urlTemplate":"https:\/\/www.miamibeachfl.gov\/?s={search_term_string}"},"query-input":{"@type":"PropertyValueSpecification","valueRequired":true,"valueName":"search_term_string"}}],"inLanguage":"pt-BR"},{"@type":"Organization","@id":"https:\/\/www.miamibeachfl.gov\/#organization","name":"Cidade de Miami Beach","url":"https:\/\/www.miamibeachfl.gov\/","logo":{"@type":"ImageObject","inLanguage":"pt-BR","@id":"https:\/\/www.miamibeachfl.gov\/#\/schema\/logo\/image\/","url":"https:\/\/www.miamibeachfl.gov\/wp-content\/uploads\/2022\/06\/miamibeach-logoblue.png","contentUrl":"https:\/\/www.miamibeachfl.gov\/wp-content\/uploads\/2022\/06\/miamibeach-logoblue.png","width":1962,"height":381,"caption":"City of Miami Beach"},"image":{"@id":"https:\/\/www.miamibeachfl.gov\/#\/schema\/logo\/image\/"},"sameAs":["https:\/\/www.facebook.com\/cityofmiamibeach","https:\/\/x.com\/Miamibeachnews","https:\/\/www.instagram.com\/miamibeachnews\/"],"description":"Site oficial da cidade de Miami Beach. Mantenha-se informado e encontre informa\u00e7\u00f5es importantes sobre servi\u00e7os municipais, not\u00edcias, alertas, eventos, rotas de bonde, empregos p\u00fablicos e muito mais.","telephone":"305.604.CITY(2489)","legalName":"City of Miami Beach"},{"@type":"Person","@id":"https:\/\/www.miamibeachfl.gov\/#\/schema\/person\/7b37a95841b5231439bceb3fe7f46378","name":"Emily Castillo"}]}},"_links":{"self":[{"href":"https:\/\/www.miamibeachfl.gov\/pt\/wp-json\/wp\/v2\/posts\/390487","targetHints":{"allow":["GET"]}}],"collection":[{"href":"https:\/\/www.miamibeachfl.gov\/pt\/wp-json\/wp\/v2\/posts"}],"about":[{"href":"https:\/\/www.miamibeachfl.gov\/pt\/wp-json\/wp\/v2\/types\/post"}],"author":[{"embeddable":true,"href":"https:\/\/www.miamibeachfl.gov\/pt\/wp-json\/wp\/v2\/users\/361"}],"replies":[{"embeddable":true,"href":"https:\/\/www.miamibeachfl.gov\/pt\/wp-json\/wp\/v2\/comments?post=390487"}],"version-history":[{"count":4,"href":"https:\/\/www.miamibeachfl.gov\/pt\/wp-json\/wp\/v2\/posts\/390487\/revisions"}],"predecessor-version":[{"id":390494,"href":"https:\/\/www.miamibeachfl.gov\/pt\/wp-json\/wp\/v2\/posts\/390487\/revisions\/390494"}],"wp:attachment":[{"href":"https:\/\/www.miamibeachfl.gov\/pt\/wp-json\/wp\/v2\/media?parent=390487"}],"wp:term":[{"taxonomy":"category","embeddable":true,"href":"https:\/\/www.miamibeachfl.gov\/pt\/wp-json\/wp\/v2\/categories?post=390487"},{"taxonomy":"post_tag","embeddable":true,"href":"https:\/\/www.miamibeachfl.gov\/pt\/wp-json\/wp\/v2\/tags?post=390487"}],"curies":[{"name":"wp","href":"https:\/\/api.w.org\/{rel}","templated":true}]}}