{"id":391136,"date":"2025-11-05T11:46:00","date_gmt":"2025-11-05T16:46:00","guid":{"rendered":"https:\/\/www.miamibeachfl.gov\/?p=391136"},"modified":"2025-11-05T14:32:54","modified_gmt":"2025-11-05T19:32:54","slug":"miami-beach-to-host-17th-annual-veterans-day-parade-and-celebration","status":"publish","type":"post","link":"https:\/\/www.miamibeachfl.gov\/pt\/miami-beach-to-host-17th-annual-veterans-day-parade-and-celebration\/","title":{"rendered":"Miami Beach sediar\u00e1 o 17\u00ba desfile e celebra\u00e7\u00e3o anual do Dia dos Veteranos."},"content":{"rendered":"<a href=\"\" target=\"_blank\" rel=\"noopener\">\n\t\t\t\t\t\tBaixar Comunicado de Imprensa\n\t\t\t\t\t<\/a>\n<h2>\n\t\t\tCompartilhar:\t<\/h2>\n\t\t\t\t\t\t\t\t\t\t<a class= \"uabb-ss-grid-button-link\" href=\"https:\/\/www.facebook.com\/sharer.php?u=https%3A%2F%2Fwww.miamibeachfl.gov%2F%3Fp%3D391136%26fl_builder\" target=\"_blank\" onclick=\"window.open(this.href,'social-share','left=20,top=20,width=500,height=500,toolbar=1,resizable=0');return false;\">\n\t\t\t\t\t\t\t\t\t\t\t\t\t\t\t\t\t\t\t\t\t\t\t<img decoding=\"async\" src=\"https:\/\/www.miamibeachfl.gov\/wp-content\/uploads\/2023\/12\/icon-facebook.png\" alt=\"283216\"\/>\n\t\t\t\t\t\t\t\t\t\t<\/a>\n\t\t\t\t\t\t\t\t\t\t<a class= \"uabb-ss-grid-button-link\" href=\"https:\/\/twitter.com\/share?url=https%3A%2F%2Fwww.miamibeachfl.gov%2F%3Fp%3D391136%26fl_builder\" target=\"_blank\" onclick=\"window.open(this.href,'social-share','left=20,top=20,width=500,height=500,toolbar=1,resizable=0');return false;\">\n\t\t\t\t\t\t\t\t\t\t\t\t\t\t\t\t\t\t\t\t\t\t\t<img decoding=\"async\" src=\"https:\/\/www.miamibeachfl.gov\/wp-content\/uploads\/2023\/12\/icon-twitterx.png\" alt=\"283218\"\/>\n\t\t\t\t\t\t\t\t\t\t<\/a>\n\t\t\t\t\t\t\t\t\t\t<a class= \"uabb-ss-grid-button-link\" href=\"https:\/\/www.linkedin.com\/shareArticle?url=https%3A%2F%2Fwww.miamibeachfl.gov%2F%3Fp%3D391136%26fl_builder\" target=\"_blank\" onclick=\"window.open(this.href,'social-share','left=20,top=20,width=500,height=500,toolbar=1,resizable=0');return false;\">\n\t\t\t\t\t\t\t\t\t\t\t\t\t\t\t\t\t\t\t\t\t\t\t<img decoding=\"async\" src=\"https:\/\/www.miamibeachfl.gov\/wp-content\/uploads\/2023\/12\/icon-linkedin.png\" alt=\"283217\"\/>\n\t\t\t\t\t\t\t\t\t\t<\/a>\n<h2>\n\t\t\tpara libera\u00e7\u00e3o imediata\t<\/h2>\n<h2>\n\t\t\t5 de novembro de 2025\t<\/h2>\n<h3>\n\t\t\t-Ao longo da ic\u00f4nica Ocean Drive \u2013\t<\/h3>\n\t<p><strong>Miami Beach, Fl\u00f3rida <\/strong>\u2013 Junte-se \u00e0 cidade de Miami Beach para o <strong>17<sup>\u00ba<\/sup> Desfile e celebra\u00e7\u00e3o anual do Dia dos Veteranos \u00e0s 11h11 da manh\u00e3 de segunda-feira, 11 de novembro.<\/strong>O maior desfile do dia no sul da Fl\u00f3rida percorre o trajeto em <strong>Ocean Drive, da rua 5 \u00e0 rua 15<\/strong>O evento contar\u00e1 com a presen\u00e7a de grupos de veteranos e militares, bandas marciais, apresenta\u00e7\u00f5es musicais e de dan\u00e7a, empresas locais e organiza\u00e7\u00f5es comunit\u00e1rias.<\/p>\n<p>\u201cEste dia \u00e9 dedicado inteiramente aos nossos militares, homens e mulheres, os guardi\u00f5es das pr\u00f3prias liberdades que prezamos. Seu servi\u00e7o construiu os princ\u00edpios fundamentais que fazem dos Estados Unidos da Am\u00e9rica o maior farol da liberdade no mundo\u201d, disse <strong>Prefeito de Miami Beach, Steven Meiner<\/strong>\u201cMeu compromisso com a lei e a ordem em nossas ruas \u00e9 diretamente inspirado pela disciplina e pelo sacrif\u00edcio de nossos militares. Eles lutaram pela seguran\u00e7a e pelas liberdades de nossa na\u00e7\u00e3o, e honramos esse juramento garantindo que Miami Beach permane\u00e7a uma cidade americana segura, ordeira e orgulhosa.\u201d<\/p>\n<p>A celebra\u00e7\u00e3o deste ano em Miami Beach tamb\u00e9m contar\u00e1 com uma homenagem especial para comemorar os 250 anos.<sup>\u00ba<\/sup> O desfile comemora o anivers\u00e1rio do Ex\u00e9rcito, da Marinha e do Corpo de Fuzileiros Navais dos EUA, juntamente com uma homenagem a &quot;Rosie, a Rebitadeira&quot;. O hor\u00e1rio de in\u00edcio do desfile coincide com o dia 11.<sup>\u00ba<\/sup> hora das 11<sup>\u00ba<\/sup> dia 11<sup>\u00ba<\/sup> O Dia dos Veteranos, que originalmente tinha como objetivo comemorar o armist\u00edcio que p\u00f4s fim \u00e0 Primeira Guerra Mundial, foi posteriormente ampliado para homenagear os veteranos americanos de todas as guerras.<\/p>\n<p>Ao meio-dia, as festividades se transferem para o Parque Lummus, onde a Equipe de Paraquedismo de Veteranos sobrevoar\u00e1 South Beach para uma demonstra\u00e7\u00e3o. O CJ&#039;s Crab Shack e o Starbucks oferecer\u00e3o caf\u00e9 da manh\u00e3 aos veteranos. O evento continua no Parque Lummus com uma cerim\u00f4nia de deposi\u00e7\u00e3o de coroa de flores.<\/p>\n<p>A participa\u00e7\u00e3o no desfile cresceu de aproximadamente 50 pessoas para mais de 1.000 ao longo dos anos \u2013 incluindo estudantes, organiza\u00e7\u00f5es, empresas, grupos militares e autoridades p\u00fablicas. O evento inclui a apresenta\u00e7\u00e3o das bandeiras pelas Guardas de Honra da Pol\u00edcia e do Corpo de Bombeiros de Miami Beach, a recita\u00e7\u00e3o do Juramento de Fidelidade \u00e0 Bandeira pelo Grande Marechal do desfile, o hino nacional e um minuto de sil\u00eancio em homenagem \u00e0 nossa tradi\u00e7\u00e3o do Dia do Armist\u00edcio da Primeira Guerra Mundial. Tamb\u00e9m haver\u00e1 discursos de autoridades militares da VFW local, bem como de l\u00edderes eleitos locais, uma salva de 21 tiros da Guarda de Honra da Pol\u00edcia de Miami Beach e uma apresenta\u00e7\u00e3o de toque de sil\u00eancio.<\/p>\n<p>###<\/p>\n<p><strong>O QUE:<\/strong> Desfile e celebra\u00e7\u00e3o do Dia dos Veteranos<\/p>\n<p><strong>QUANDO:<\/strong> Ter\u00e7a-feira, 11 de novembro de 2025, \u00e0s 11h11<\/p>\n<p><strong>ONDE:<\/strong> 5th Street e Ocean Drive<\/p>\n<p><em>Para solicitar este material em formato alternativo, int\u00e9rprete de linguagem de sinais (aviso pr\u00e9vio de cinco dias), informa\u00e7\u00f5es sobre acesso para pessoas com defici\u00eancia e\/ou qualquer acomoda\u00e7\u00e3o para revisar qualquer documento ou participar de qualquer processo patrocinado pela cidade, ligue para 305.604.2ADA (2232) e selecione 1 para ingl\u00eas ou 2 para espanhol e, em seguida, a op\u00e7\u00e3o 6; usu\u00e1rios de TTY podem ligar pelo 711 (Florida Relay Service).<\/em><\/p>","protected":false},"excerpt":{"rendered":"<p>Download Press Release Share: for immediate release Nov 5, 2025 -Along Iconic Ocean Drive &#8211; Miami Beach, FL &#8211; Join [&hellip;]<\/p>\n","protected":false},"author":361,"featured_media":0,"comment_status":"closed","ping_status":"closed","sticky":false,"template":"","format":"standard","meta":{"_searchwp_excluded":"","site-sidebar-layout":"default","site-content-layout":"","ast-site-content-layout":"default","site-content-style":"default","site-sidebar-style":"default","ast-global-header-display":"","ast-banner-title-visibility":"","ast-main-header-display":"","ast-hfb-above-header-display":"","ast-hfb-below-header-display":"","ast-hfb-mobile-header-display":"","site-post-title":"","ast-breadcrumbs-content":"","ast-featured-img":"","footer-sml-layout":"","theme-transparent-header-meta":"","adv-header-id-meta":"","stick-header-meta":"","header-above-stick-meta":"","header-main-stick-meta":"","header-below-stick-meta":"","astra-migrate-meta-layouts":"default","ast-page-background-enabled":"default","ast-page-background-meta":{"desktop":{"background-color":"var(--ast-global-color-5)","background-image":"","background-repeat":"repeat","background-position":"center center","background-size":"auto","background-attachment":"scroll","background-type":"","background-media":"","overlay-type":"","overlay-color":"","overlay-opacity":"","overlay-gradient":""},"tablet":{"background-color":"","background-image":"","background-repeat":"repeat","background-position":"center center","background-size":"auto","background-attachment":"scroll","background-type":"","background-media":"","overlay-type":"","overlay-color":"","overlay-opacity":"","overlay-gradient":""},"mobile":{"background-color":"","background-image":"","background-repeat":"repeat","background-position":"center center","background-size":"auto","background-attachment":"scroll","background-type":"","background-media":"","overlay-type":"","overlay-color":"","overlay-opacity":"","overlay-gradient":""}},"ast-content-background-meta":{"desktop":{"background-color":"var(--ast-global-color-4)","background-image":"","background-repeat":"repeat","background-position":"center center","background-size":"auto","background-attachment":"scroll","background-type":"","background-media":"","overlay-type":"","overlay-color":"","overlay-opacity":"","overlay-gradient":""},"tablet":{"background-color":"var(--ast-global-color-4)","background-image":"","background-repeat":"repeat","background-position":"center center","background-size":"auto","background-attachment":"scroll","background-type":"","background-media":"","overlay-type":"","overlay-color":"","overlay-opacity":"","overlay-gradient":""},"mobile":{"background-color":"var(--ast-global-color-4)","background-image":"","background-repeat":"repeat","background-position":"center center","background-size":"auto","background-attachment":"scroll","background-type":"","background-media":"","overlay-type":"","overlay-color":"","overlay-opacity":"","overlay-gradient":""}},"footnotes":""},"categories":[1664],"tags":[],"class_list":["post-391136","post","type-post","status-publish","format-standard","hentry","category-2025-press-releases"],"yoast_head":"<!-- This site is optimized with the Yoast SEO Premium plugin v27.4 (Yoast SEO v27.4) - https:\/\/yoast.com\/product\/yoast-seo-premium-wordpress\/ -->\n<title>Miami Beach to Host 17th Annual Veterans Day Parade and Celebration - City of Miami Beach<\/title>\n<meta name=\"description\" content=\"Join the City of Miami Beach for the 17th annual Veterans Day parade and celebration at 11:11 a.m. on Monday, Nov. 11. The largest parade of the day.\" \/>\n<meta name=\"robots\" content=\"index, follow, max-snippet:-1, max-image-preview:large, max-video-preview:-1\" \/>\n<link rel=\"canonical\" href=\"https:\/\/www.miamibeachfl.gov\/pt\/miami-beach-to-host-17th-annual-veterans-day-parade-and-celebration\/\" \/>\n<meta property=\"og:locale\" content=\"pt_BR\" \/>\n<meta property=\"og:type\" content=\"article\" \/>\n<meta property=\"og:title\" content=\"Miami Beach to Host 17th Annual Veterans Day Parade and Celebration\" \/>\n<meta property=\"og:description\" content=\"Join the City of Miami Beach for the 17th annual Veterans Day parade and celebration at 11:11 a.m. on Monday, Nov. 11. The largest parade of the day.\" \/>\n<meta property=\"og:url\" content=\"https:\/\/www.miamibeachfl.gov\/pt\/miami-beach-to-host-17th-annual-veterans-day-parade-and-celebration\/\" \/>\n<meta property=\"og:site_name\" content=\"City of Miami Beach\" \/>\n<meta property=\"article:publisher\" content=\"https:\/\/www.facebook.com\/cityofmiamibeach\" \/>\n<meta property=\"article:published_time\" content=\"2025-11-05T16:46:00+00:00\" \/>\n<meta property=\"article:modified_time\" content=\"2025-11-05T19:32:54+00:00\" \/>\n<meta property=\"og:image\" content=\"https:\/\/www.miamibeachfl.gov\/wp-content\/uploads\/2023\/12\/icon-facebook.png\" \/>\n<meta name=\"author\" content=\"Emily Castillo\" \/>\n<meta name=\"twitter:card\" content=\"summary_large_image\" \/>\n<meta name=\"twitter:creator\" content=\"@Miamibeachnews\" \/>\n<meta name=\"twitter:site\" content=\"@Miamibeachnews\" \/>\n<script type=\"application\/ld+json\" class=\"yoast-schema-graph\">{\"@context\":\"https:\\\/\\\/schema.org\",\"@graph\":[{\"@type\":\"Article\",\"@id\":\"https:\\\/\\\/www.miamibeachfl.gov\\\/miami-beach-to-host-17th-annual-veterans-day-parade-and-celebration\\\/#article\",\"isPartOf\":{\"@id\":\"https:\\\/\\\/www.miamibeachfl.gov\\\/miami-beach-to-host-17th-annual-veterans-day-parade-and-celebration\\\/\"},\"author\":{\"name\":\"Emily Castillo\",\"@id\":\"https:\\\/\\\/www.miamibeachfl.gov\\\/#\\\/schema\\\/person\\\/7b37a95841b5231439bceb3fe7f46378\"},\"headline\":\"Miami Beach to Host 17th Annual Veterans Day Parade and Celebration\",\"datePublished\":\"2025-11-05T16:46:00+00:00\",\"dateModified\":\"2025-11-05T19:32:54+00:00\",\"mainEntityOfPage\":{\"@id\":\"https:\\\/\\\/www.miamibeachfl.gov\\\/miami-beach-to-host-17th-annual-veterans-day-parade-and-celebration\\\/\"},\"wordCount\":476,\"publisher\":{\"@id\":\"https:\\\/\\\/www.miamibeachfl.gov\\\/#organization\"},\"image\":{\"@id\":\"https:\\\/\\\/www.miamibeachfl.gov\\\/miami-beach-to-host-17th-annual-veterans-day-parade-and-celebration\\\/#primaryimage\"},\"thumbnailUrl\":\"https:\\\/\\\/www.miamibeachfl.gov\\\/wp-content\\\/uploads\\\/2023\\\/12\\\/icon-facebook.png\",\"articleSection\":[\"2025 Press Releases\"],\"inLanguage\":\"pt-BR\"},{\"@type\":\"WebPage\",\"@id\":\"https:\\\/\\\/www.miamibeachfl.gov\\\/miami-beach-to-host-17th-annual-veterans-day-parade-and-celebration\\\/\",\"url\":\"https:\\\/\\\/www.miamibeachfl.gov\\\/miami-beach-to-host-17th-annual-veterans-day-parade-and-celebration\\\/\",\"name\":\"Miami Beach to Host 17th Annual Veterans Day Parade and Celebration - City of Miami Beach\",\"isPartOf\":{\"@id\":\"https:\\\/\\\/www.miamibeachfl.gov\\\/#website\"},\"primaryImageOfPage\":{\"@id\":\"https:\\\/\\\/www.miamibeachfl.gov\\\/miami-beach-to-host-17th-annual-veterans-day-parade-and-celebration\\\/#primaryimage\"},\"image\":{\"@id\":\"https:\\\/\\\/www.miamibeachfl.gov\\\/miami-beach-to-host-17th-annual-veterans-day-parade-and-celebration\\\/#primaryimage\"},\"thumbnailUrl\":\"https:\\\/\\\/www.miamibeachfl.gov\\\/wp-content\\\/uploads\\\/2023\\\/12\\\/icon-facebook.png\",\"datePublished\":\"2025-11-05T16:46:00+00:00\",\"dateModified\":\"2025-11-05T19:32:54+00:00\",\"description\":\"Join the City of Miami Beach for the 17th annual Veterans Day parade and celebration at 11:11 a.m. on Monday, Nov. 11. The largest parade of the day.\",\"breadcrumb\":{\"@id\":\"https:\\\/\\\/www.miamibeachfl.gov\\\/miami-beach-to-host-17th-annual-veterans-day-parade-and-celebration\\\/#breadcrumb\"},\"inLanguage\":\"pt-BR\",\"potentialAction\":[{\"@type\":\"ReadAction\",\"target\":[\"https:\\\/\\\/www.miamibeachfl.gov\\\/miami-beach-to-host-17th-annual-veterans-day-parade-and-celebration\\\/\"]}]},{\"@type\":\"ImageObject\",\"inLanguage\":\"pt-BR\",\"@id\":\"https:\\\/\\\/www.miamibeachfl.gov\\\/miami-beach-to-host-17th-annual-veterans-day-parade-and-celebration\\\/#primaryimage\",\"url\":\"https:\\\/\\\/www.miamibeachfl.gov\\\/wp-content\\\/uploads\\\/2023\\\/12\\\/icon-facebook.png\",\"contentUrl\":\"https:\\\/\\\/www.miamibeachfl.gov\\\/wp-content\\\/uploads\\\/2023\\\/12\\\/icon-facebook.png\"},{\"@type\":\"BreadcrumbList\",\"@id\":\"https:\\\/\\\/www.miamibeachfl.gov\\\/miami-beach-to-host-17th-annual-veterans-day-parade-and-celebration\\\/#breadcrumb\",\"itemListElement\":[{\"@type\":\"ListItem\",\"position\":1,\"name\":\"Home\",\"item\":\"https:\\\/\\\/www.miamibeachfl.gov\\\/\"},{\"@type\":\"ListItem\",\"position\":2,\"name\":\"Miami Beach to Host 17th Annual Veterans Day Parade and Celebration\"}]},{\"@type\":\"WebSite\",\"@id\":\"https:\\\/\\\/www.miamibeachfl.gov\\\/#website\",\"url\":\"https:\\\/\\\/www.miamibeachfl.gov\\\/\",\"name\":\"City of Miami Beach\",\"description\":\"The official website of the City of Miami Beach. Stay informed, find important information on city services, news, alerts, events, trolley routes, government employment and more.\",\"publisher\":{\"@id\":\"https:\\\/\\\/www.miamibeachfl.gov\\\/#organization\"},\"potentialAction\":[{\"@type\":\"SearchAction\",\"target\":{\"@type\":\"EntryPoint\",\"urlTemplate\":\"https:\\\/\\\/www.miamibeachfl.gov\\\/?s={search_term_string}\"},\"query-input\":{\"@type\":\"PropertyValueSpecification\",\"valueRequired\":true,\"valueName\":\"search_term_string\"}}],\"inLanguage\":\"pt-BR\"},{\"@type\":\"Organization\",\"@id\":\"https:\\\/\\\/www.miamibeachfl.gov\\\/#organization\",\"name\":\"City of Miami Beach\",\"url\":\"https:\\\/\\\/www.miamibeachfl.gov\\\/\",\"logo\":{\"@type\":\"ImageObject\",\"inLanguage\":\"pt-BR\",\"@id\":\"https:\\\/\\\/www.miamibeachfl.gov\\\/#\\\/schema\\\/logo\\\/image\\\/\",\"url\":\"https:\\\/\\\/www.miamibeachfl.gov\\\/wp-content\\\/uploads\\\/2022\\\/06\\\/miamibeach-logoblue.png\",\"contentUrl\":\"https:\\\/\\\/www.miamibeachfl.gov\\\/wp-content\\\/uploads\\\/2022\\\/06\\\/miamibeach-logoblue.png\",\"width\":1962,\"height\":381,\"caption\":\"City of Miami Beach\"},\"image\":{\"@id\":\"https:\\\/\\\/www.miamibeachfl.gov\\\/#\\\/schema\\\/logo\\\/image\\\/\"},\"sameAs\":[\"https:\\\/\\\/www.facebook.com\\\/cityofmiamibeach\",\"https:\\\/\\\/x.com\\\/Miamibeachnews\",\"https:\\\/\\\/www.instagram.com\\\/miamibeachnews\\\/\"],\"description\":\"The official website of the City of Miami Beach. Stay informed, find important information on city services, news, alerts, events, trolley routes, government employment and more.\",\"telephone\":\"305.604.CITY(2489)\",\"legalName\":\"City of Miami Beach\"},{\"@type\":\"Person\",\"@id\":\"https:\\\/\\\/www.miamibeachfl.gov\\\/#\\\/schema\\\/person\\\/7b37a95841b5231439bceb3fe7f46378\",\"name\":\"Emily Castillo\"}]}<\/script>\n<!-- \/ Yoast SEO Premium plugin. -->","yoast_head_json":{"title":"Miami Beach sediar\u00e1 o 17\u00ba Desfile e Celebra\u00e7\u00e3o Anual do Dia dos Veteranos - Cidade de Miami Beach","description":"Participe do 17\u00ba desfile e celebra\u00e7\u00e3o anual do Dia dos Veteranos, promovido pela cidade de Miami Beach, \u00e0s 11h11 da manh\u00e3 de segunda-feira, 11 de novembro. O maior desfile do dia.","robots":{"index":"index","follow":"follow","max-snippet":"max-snippet:-1","max-image-preview":"max-image-preview:large","max-video-preview":"max-video-preview:-1"},"canonical":"https:\/\/www.miamibeachfl.gov\/pt\/miami-beach-to-host-17th-annual-veterans-day-parade-and-celebration\/","og_locale":"pt_BR","og_type":"article","og_title":"Miami Beach to Host 17th Annual Veterans Day Parade and Celebration","og_description":"Join the City of Miami Beach for the 17th annual Veterans Day parade and celebration at 11:11 a.m. on Monday, Nov. 11. The largest parade of the day.","og_url":"https:\/\/www.miamibeachfl.gov\/pt\/miami-beach-to-host-17th-annual-veterans-day-parade-and-celebration\/","og_site_name":"City of Miami Beach","article_publisher":"https:\/\/www.facebook.com\/cityofmiamibeach","article_published_time":"2025-11-05T16:46:00+00:00","article_modified_time":"2025-11-05T19:32:54+00:00","og_image":[{"url":"https:\/\/www.miamibeachfl.gov\/wp-content\/uploads\/2023\/12\/icon-facebook.png","type":"","width":"","height":""}],"author":"Emily Castillo","twitter_card":"summary_large_image","twitter_creator":"@Miamibeachnews","twitter_site":"@Miamibeachnews","schema":{"@context":"https:\/\/schema.org","@graph":[{"@type":"Article","@id":"https:\/\/www.miamibeachfl.gov\/miami-beach-to-host-17th-annual-veterans-day-parade-and-celebration\/#article","isPartOf":{"@id":"https:\/\/www.miamibeachfl.gov\/miami-beach-to-host-17th-annual-veterans-day-parade-and-celebration\/"},"author":{"name":"Emily Castillo","@id":"https:\/\/www.miamibeachfl.gov\/#\/schema\/person\/7b37a95841b5231439bceb3fe7f46378"},"headline":"Miami Beach to Host 17th Annual Veterans Day Parade and Celebration","datePublished":"2025-11-05T16:46:00+00:00","dateModified":"2025-11-05T19:32:54+00:00","mainEntityOfPage":{"@id":"https:\/\/www.miamibeachfl.gov\/miami-beach-to-host-17th-annual-veterans-day-parade-and-celebration\/"},"wordCount":476,"publisher":{"@id":"https:\/\/www.miamibeachfl.gov\/#organization"},"image":{"@id":"https:\/\/www.miamibeachfl.gov\/miami-beach-to-host-17th-annual-veterans-day-parade-and-celebration\/#primaryimage"},"thumbnailUrl":"https:\/\/www.miamibeachfl.gov\/wp-content\/uploads\/2023\/12\/icon-facebook.png","articleSection":["2025 Press Releases"],"inLanguage":"pt-BR"},{"@type":"WebPage","@id":"https:\/\/www.miamibeachfl.gov\/miami-beach-to-host-17th-annual-veterans-day-parade-and-celebration\/","url":"https:\/\/www.miamibeachfl.gov\/miami-beach-to-host-17th-annual-veterans-day-parade-and-celebration\/","name":"Miami Beach sediar\u00e1 o 17\u00ba Desfile e Celebra\u00e7\u00e3o Anual do Dia dos Veteranos - Cidade de Miami Beach","isPartOf":{"@id":"https:\/\/www.miamibeachfl.gov\/#website"},"primaryImageOfPage":{"@id":"https:\/\/www.miamibeachfl.gov\/miami-beach-to-host-17th-annual-veterans-day-parade-and-celebration\/#primaryimage"},"image":{"@id":"https:\/\/www.miamibeachfl.gov\/miami-beach-to-host-17th-annual-veterans-day-parade-and-celebration\/#primaryimage"},"thumbnailUrl":"https:\/\/www.miamibeachfl.gov\/wp-content\/uploads\/2023\/12\/icon-facebook.png","datePublished":"2025-11-05T16:46:00+00:00","dateModified":"2025-11-05T19:32:54+00:00","description":"Participe do 17\u00ba desfile e celebra\u00e7\u00e3o anual do Dia dos Veteranos, promovido pela cidade de Miami Beach, \u00e0s 11h11 da manh\u00e3 de segunda-feira, 11 de novembro. O maior desfile do dia.","breadcrumb":{"@id":"https:\/\/www.miamibeachfl.gov\/miami-beach-to-host-17th-annual-veterans-day-parade-and-celebration\/#breadcrumb"},"inLanguage":"pt-BR","potentialAction":[{"@type":"ReadAction","target":["https:\/\/www.miamibeachfl.gov\/miami-beach-to-host-17th-annual-veterans-day-parade-and-celebration\/"]}]},{"@type":"ImageObject","inLanguage":"pt-BR","@id":"https:\/\/www.miamibeachfl.gov\/miami-beach-to-host-17th-annual-veterans-day-parade-and-celebration\/#primaryimage","url":"https:\/\/www.miamibeachfl.gov\/wp-content\/uploads\/2023\/12\/icon-facebook.png","contentUrl":"https:\/\/www.miamibeachfl.gov\/wp-content\/uploads\/2023\/12\/icon-facebook.png"},{"@type":"BreadcrumbList","@id":"https:\/\/www.miamibeachfl.gov\/miami-beach-to-host-17th-annual-veterans-day-parade-and-celebration\/#breadcrumb","itemListElement":[{"@type":"ListItem","position":1,"name":"Home","item":"https:\/\/www.miamibeachfl.gov\/"},{"@type":"ListItem","position":2,"name":"Miami Beach to Host 17th Annual Veterans Day Parade and Celebration"}]},{"@type":"WebSite","@id":"https:\/\/www.miamibeachfl.gov\/#website","url":"https:\/\/www.miamibeachfl.gov\/","name":"Cidade de Miami Beach","description":"Site oficial da cidade de Miami Beach. Mantenha-se informado e encontre informa\u00e7\u00f5es importantes sobre servi\u00e7os municipais, not\u00edcias, alertas, eventos, rotas de bonde, empregos p\u00fablicos e muito mais.","publisher":{"@id":"https:\/\/www.miamibeachfl.gov\/#organization"},"potentialAction":[{"@type":"SearchAction","target":{"@type":"EntryPoint","urlTemplate":"https:\/\/www.miamibeachfl.gov\/?s={search_term_string}"},"query-input":{"@type":"PropertyValueSpecification","valueRequired":true,"valueName":"search_term_string"}}],"inLanguage":"pt-BR"},{"@type":"Organization","@id":"https:\/\/www.miamibeachfl.gov\/#organization","name":"Cidade de Miami Beach","url":"https:\/\/www.miamibeachfl.gov\/","logo":{"@type":"ImageObject","inLanguage":"pt-BR","@id":"https:\/\/www.miamibeachfl.gov\/#\/schema\/logo\/image\/","url":"https:\/\/www.miamibeachfl.gov\/wp-content\/uploads\/2022\/06\/miamibeach-logoblue.png","contentUrl":"https:\/\/www.miamibeachfl.gov\/wp-content\/uploads\/2022\/06\/miamibeach-logoblue.png","width":1962,"height":381,"caption":"City of Miami Beach"},"image":{"@id":"https:\/\/www.miamibeachfl.gov\/#\/schema\/logo\/image\/"},"sameAs":["https:\/\/www.facebook.com\/cityofmiamibeach","https:\/\/x.com\/Miamibeachnews","https:\/\/www.instagram.com\/miamibeachnews\/"],"description":"Site oficial da cidade de Miami Beach. Mantenha-se informado e encontre informa\u00e7\u00f5es importantes sobre servi\u00e7os municipais, not\u00edcias, alertas, eventos, rotas de bonde, empregos p\u00fablicos e muito mais.","telephone":"305.604.CITY(2489)","legalName":"City of Miami Beach"},{"@type":"Person","@id":"https:\/\/www.miamibeachfl.gov\/#\/schema\/person\/7b37a95841b5231439bceb3fe7f46378","name":"Emily Castillo"}]}},"_links":{"self":[{"href":"https:\/\/www.miamibeachfl.gov\/pt\/wp-json\/wp\/v2\/posts\/391136","targetHints":{"allow":["GET"]}}],"collection":[{"href":"https:\/\/www.miamibeachfl.gov\/pt\/wp-json\/wp\/v2\/posts"}],"about":[{"href":"https:\/\/www.miamibeachfl.gov\/pt\/wp-json\/wp\/v2\/types\/post"}],"author":[{"embeddable":true,"href":"https:\/\/www.miamibeachfl.gov\/pt\/wp-json\/wp\/v2\/users\/361"}],"replies":[{"embeddable":true,"href":"https:\/\/www.miamibeachfl.gov\/pt\/wp-json\/wp\/v2\/comments?post=391136"}],"version-history":[{"count":3,"href":"https:\/\/www.miamibeachfl.gov\/pt\/wp-json\/wp\/v2\/posts\/391136\/revisions"}],"predecessor-version":[{"id":391140,"href":"https:\/\/www.miamibeachfl.gov\/pt\/wp-json\/wp\/v2\/posts\/391136\/revisions\/391140"}],"wp:attachment":[{"href":"https:\/\/www.miamibeachfl.gov\/pt\/wp-json\/wp\/v2\/media?parent=391136"}],"wp:term":[{"taxonomy":"category","embeddable":true,"href":"https:\/\/www.miamibeachfl.gov\/pt\/wp-json\/wp\/v2\/categories?post=391136"},{"taxonomy":"post_tag","embeddable":true,"href":"https:\/\/www.miamibeachfl.gov\/pt\/wp-json\/wp\/v2\/tags?post=391136"}],"curies":[{"name":"wp","href":"https:\/\/api.w.org\/{rel}","templated":true}]}}