{"id":408256,"date":"2026-09-01T13:49:00","date_gmt":"2026-09-01T17:49:00","guid":{"rendered":"https:\/\/www.miamibeachfl.gov\/?p=408256"},"modified":"2026-09-01T14:09:21","modified_gmt":"2026-09-01T18:09:21","slug":"celebrate-hispanic-heritage-month-in-miami-beach","status":"publish","type":"post","link":"https:\/\/www.miamibeachfl.gov\/pt\/celebrate-hispanic-heritage-month-in-miami-beach\/","title":{"rendered":"Celebre o M\u00eas da Heran\u00e7a Hisp\u00e2nica em Miami Beach"},"content":{"rendered":"<a href=\"https:\/\/www.miamibeachfl.gov\/wp-content\/uploads\/2026\/09\/Celebrate-Hispanic-Heritage-Month-in-Miami-Beach.pdf\" target=\"_blank\" rel=\"noopener\">\n\t\t\t\t\t\tBaixar Comunicado de Imprensa\n\t\t\t\t\t<\/a>\n<h2>\n\t\t\tCompartilhar:\t<\/h2>\n\t\t\t\t\t\t\t\t\t\t<a class=\"uabb-ss-grid-button-link\" href=\"https:\/\/www.facebook.com\/sharer.php?u=https%3A%2F%2Fwww.miamibeachfl.gov%2F%3Fp%3D408256%26fl_builder\" target=\"_blank\" onclick=\"window.open(this.href,'social-share','left=20,top=20,width=500,height=500,toolbar=1,resizable=0');return false;\">\n\t\t\t\t\t\t\t\t\t\t\t\t\t\t\t\t\t\t\t\t\t\t\t<img decoding=\"async\" src=\"https:\/\/www.miamibeachfl.gov\/wp-content\/uploads\/2023\/12\/icon-facebook.png\" alt=\"283216\">\n\t\t\t\t\t\t\t\t\t\t<\/a>\n\t\t\t\t\t\t\t\t\t\t<a class=\"uabb-ss-grid-button-link\" href=\"https:\/\/twitter.com\/share?url=https%3A%2F%2Fwww.miamibeachfl.gov%2F%3Fp%3D408256%26fl_builder\" target=\"_blank\" onclick=\"window.open(this.href,'social-share','left=20,top=20,width=500,height=500,toolbar=1,resizable=0');return false;\">\n\t\t\t\t\t\t\t\t\t\t\t\t\t\t\t\t\t\t\t\t\t\t\t<img decoding=\"async\" src=\"https:\/\/www.miamibeachfl.gov\/wp-content\/uploads\/2023\/12\/icon-twitterx.png\" alt=\"283218\">\n\t\t\t\t\t\t\t\t\t\t<\/a>\n\t\t\t\t\t\t\t\t\t\t<a class=\"uabb-ss-grid-button-link\" href=\"https:\/\/www.linkedin.com\/shareArticle?url=https%3A%2F%2Fwww.miamibeachfl.gov%2F%3Fp%3D408256%26fl_builder\" target=\"_blank\" onclick=\"window.open(this.href,'social-share','left=20,top=20,width=500,height=500,toolbar=1,resizable=0');return false;\">\n\t\t\t\t\t\t\t\t\t\t\t\t\t\t\t\t\t\t\t\t\t\t\t<img decoding=\"async\" src=\"https:\/\/www.miamibeachfl.gov\/wp-content\/uploads\/2023\/12\/icon-linkedin.png\" alt=\"283217\">\n\t\t\t\t\t\t\t\t\t\t<\/a>\n<h2>\n\t\t\tpara libera\u00e7\u00e3o imediata\t<\/h2>\n<h2>\n\t\t\t1\u00ba de setembro de 2026  \t<\/h2>\n<h3>\n\t\t\t-Free events are planned around the city &#8211;\t<\/h3>\n\t<p><strong>Miami Beach, Fl\u00f3rida<\/strong> &#8211; With deep ties to Latin American culture and the Hispanic community, the City of Miami Beach is proud to celebrate Hispanic Heritage Month &#8211; commemorated from Sept. 15 through Oct. 15 &#8211; with a series of free events from North Beach to South Beach.<\/p>\n<p>&#8220;Our Hispanic community enriches every part of our city, from culture and music to entrepreneurship, public service and family life,&#8221; said <strong>Prefeito de Miami Beach, Steven Meiner<\/strong>. &#8220;We&#8217;re proud to honor this heritage with free events that bring neighbors together and highlight the vibrancy, creativity and contributions of Hispanic Americans who make Miami Beach an even better place to live.&#8221;<\/p>\n<p>Os seguintes eventos GRATUITOS est\u00e3o acontecendo em diversos locais da cidade:<\/p>\n<ul>\n<li><a href=\"https:\/\/www.eventbrite.com\/e\/city-of-miami-beach-onstage-presents-baila-miami-beach-tickets-1998219812249?aff=oddtdtcreator&amp;keep_tld=true\"><strong>No palco! In\u00edcio do M\u00eas da Heran\u00e7a Hisp\u00e2nica: \u00a1Baila! Miami Beach<\/strong><\/a><br>\n<em>Quinta-feira, 17 de setembro | 19h-21h | Pra\u00e7a da Fonte da Normandia (Rua Vend\u00f4me, 7802)<br>\n<\/em>The event features an evening of music, dance and hands-on cultural experiences at the Normandy Fountain. Residents and visitors can enjoy vibrant performances of traditional Peruvian dance by Sumaj Tusuy accompanied with a live performance by&nbsp;Los Hermanos Sulca, music from the Andes and beyond by Rum and Coke, featuring DJ Kumi and a textile-weaving workshop led by artist Lucia Morales.<\/li>\n<\/ul>\n<p>&nbsp;<\/p>\n<ul>\n<li><a href=\"https:\/\/www.miamibeachfl.gov\/pt\/city-hall\/parks-and-recreation\/\"><strong>Festival da Heran\u00e7a Hisp\u00e2nica<\/strong><\/a><br>\n<em>Sexta-feira, 18 de setembro | 18h-21h | Centro da Juventude do Parque North Shore (Rua 72, n\u00ba 501) <\/em><strong><br>\n<\/strong>Join Miami Beach Parks &amp; Recreation for their annual event honoring the vibrant heritage, diverse cultures and traditions of Hispanic and Latino Americans. Enjoy a fun-filled celebration featuring cultural performances by the city&#8217;s talented after-school participants along with rides, food vendors, music and more. Make the most of the evening by claiming a FREE unlimited ride\/bouncer wristband when you preregister in advance at <a href=\"https:\/\/flmiamibeachweb.myvscloud.com\/webtrac\/web\/splash.html\"><strong>register.miamibeachparks.com<\/strong><\/a>. Haver\u00e1 bebidas e lanches dispon\u00edveis para compra. A entrada \u00e9 gratuita.<\/li>\n<\/ul>\n<p>&nbsp;<\/p>\n<ul>\n<li><strong>Eventos na Biblioteca Regional de Miami Beach<\/strong><br>\n<em>S\u00e1bado, 26 de setembro<\/em> | <em>10h30 - 12h30.<\/em> | <em>Biblioteca Regional de Miami Beach (227 22nd St.)<\/em><\/li>\n<\/ul>\n<p>Celebre na biblioteca com duas atividades divertidas para toda a fam\u00edlia, que acontecem simultaneamente:<\/p>\n<p><a href=\"https:\/\/mdpls.org\/event\/16870532\"><strong>Grupo de Hist\u00f3rias da Biblioteca no Miami Beach Regional<\/strong><\/a>&nbsp; &#8211; Enjoy performances and a special history adventure in the Children&#8217;s Story Room featuring Marci Poppins.<\/p>\n<p><strong><a href=\"https:\/\/mdpls.org\/event\/17227189\">Alebrije para fazer voc\u00ea mesmo<\/a><\/strong><\/p>\n<p>Leve para casa e decore sua pr\u00f3pria m\u00e1scara Alebrije mexicana em homenagem ao M\u00eas da Heran\u00e7a Hisp\u00e2nica. Recomendado para crian\u00e7as de 4 a 12 anos.<\/p>\n<ul>\n<li><a href=\"https:\/\/events.miamibeachfl.gov\/arts-and-culture\/soundscape-cinema-events\/?_gl=1*1mvedxf*_gcl_au*Njk0Mjc4OTk5LjE3ODM1OTY4NjQ.*_ga*MTI1OTM3MDQ1OC4xNzU3MDAxMzk1*_ga_KJVW20J3BM*czE3ODc5NDQ4MjIkbzcwMiRnMCR0MTc4Nzk0NDgyMiRqNjAkbDAkaDA.\"><strong>SoundScape Cinema Series presents &#8220;Selena&#8221;<\/strong><\/a><strong><br>\n<\/strong><em>Quarta-feira, 7 de outubro <\/em>|<em> 20h-22h | Parque SoundScape (Rua 17, n\u00ba 500)<\/em><br>\nPrepare seu cobertor e v\u00e1 para o SoundScape Park no dia 17.<sup>\u00ba<\/sup> A temporada da SoundScape Cinema Film Series apresenta a exibi\u00e7\u00e3o da popular cinebiografia dirigida pelo cineasta mexicano-americano Gregory Nava, estrelada por Jennifer Lopez e Edward James Olmos.<\/li>\n<li><a href=\"https:\/\/events.miamibeachfl.gov\/es\/event\/onstage-live-en-la-playa\/\"><strong>No palco! Apresenta Live En La Playa<\/strong><\/a><br>\n<em>S\u00e1bado, 10 de outubro <\/em>| <em>18h-22h. <\/em>|<em> 6th Street e Ocean Drive em Lummus Park<\/em><br>\nPelo segundo ano consecutivo, o evento celebra o M\u00eas da Heran\u00e7a Hisp\u00e2nica com apresenta\u00e7\u00f5es das lendas locais do funk latino, Spam Allstars, e do jazz afro-caribenho de Tony &amp; The Kings. A programa\u00e7\u00e3o inclui ainda m\u00fasica do mundo todo em vinil, uma feira de discos ao ar livre com vinis de toda a Am\u00e9rica Latina e da di\u00e1spora hisp\u00e2nica, al\u00e9m de oficinas de arte com foco na heran\u00e7a cultural.<\/li>\n<li><a href=\"https:\/\/wl.eventim.us\/event\/miami-beach-salsa-fest\/700216?afflky=MiamiBeachBandshell\"><strong>Festival de Salsa de Miami Beach<\/strong><\/a><\/li>\n<\/ul>\n<em>Domingo, 11 de outubro <\/em>| 17h | <em>Miami Beach Bandshell, 7275 Collins Ave. <\/em><br>\nApresentado e produzido pela cantora Melina Almod\u00f3var, conhecida como La Mu\u00f1eca de la Salsa, o programa inclui um concurso de salsa para a terceira idade e aulas gratuitas de salsa para dan\u00e7arinos de todas as idades e n\u00edveis de experi\u00eancia. Uma banda de abertura, a ser anunciada, ser\u00e1 seguida por um concerto de Almod\u00f3var e orquestra com artistas convidados especiais.\n<p>###<\/p>\n<p><em>Para solicitar este material em formato alternativo, int\u00e9rprete de l\u00edngua de sinais (aviso pr\u00e9vio de 5 dias), informa\u00e7\u00f5es sobre acesso para pessoas com defici\u00eancia e\/ou qualquer acomoda\u00e7\u00e3o para revisar qualquer documento ou participar de qualquer processo patrocinado pela cidade, ligue para 305.604.2ADA (2232) (voz), selecione 1 (ingl\u00eas) ou 2 (espanhol) e deixe uma mensagem com sua solicita\u00e7\u00e3o. Usu\u00e1rios de TTY podem ligar pelo 711 (Servi\u00e7o de Retransmiss\u00e3o da Fl\u00f3rida). Voc\u00ea tamb\u00e9m pode fazer solicita\u00e7\u00f5es online em <\/em><a href=\"https:\/\/gcc02.safelinks.protection.outlook.com\/?url=http%3A%2F%2Fwww.miamibeachfl.gov%2Fada&amp;data=05%7C02%7CEmilyCastillo%40miamibeachfl.gov%7Cd2a1cac61cd84b78707d08df08515449%7C551608f948f34871808aa969ec5cf48a%7C0%7C0%7C639238817631827986%7CUnknown%7CTWFpbGZsb3d8eyJFbXB0eU1hcGkiOnRydWUsIlYiOiIwLjAuMDAwMCIsIlAiOiJXaW4zMiIsIkFOIjoiTWFpbCIsIldUIjoyfQ%3D%3D%7C0%7C%7C%7C&amp;sdata=ooQv4pyS10U8PGGb9iqMAVz3nRqs%2F%2FcE0WKjAzAubDQ%3D&amp;reserved=0\">www.miamibeachfl.gov\/ada<\/a><em>&nbsp;selecionando solicita\u00e7\u00e3o ADA.<\/em><\/p>","protected":false},"excerpt":{"rendered":"<p>Download Press Release Share: for immediate release Sept. 1, 2026 -Free events are planned around the city &#8211; Miami Beach, [&hellip;]<\/p>\n","protected":false},"author":361,"featured_media":0,"comment_status":"closed","ping_status":"closed","sticky":false,"template":"","format":"standard","meta":{"_searchwp_excluded":"","site-sidebar-layout":"default","site-content-layout":"","ast-site-content-layout":"default","site-content-style":"default","site-sidebar-style":"default","ast-global-header-display":"","ast-banner-title-visibility":"","ast-main-header-display":"","ast-hfb-above-header-display":"","ast-hfb-below-header-display":"","ast-hfb-mobile-header-display":"","site-post-title":"","ast-breadcrumbs-content":"","ast-featured-img":"","footer-sml-layout":"","ast-disable-related-posts":"","theme-transparent-header-meta":"","adv-header-id-meta":"","stick-header-meta":"","header-above-stick-meta":"","header-main-stick-meta":"","header-below-stick-meta":"","astra-migrate-meta-layouts":"default","ast-page-background-enabled":"default","ast-page-background-meta":{"desktop":{"background-color":"var(--ast-global-color-5)","background-image":"","background-repeat":"repeat","background-position":"center center","background-size":"auto","background-attachment":"scroll","background-type":"","background-media":"","overlay-type":"","overlay-color":"","overlay-opacity":"","overlay-gradient":""},"tablet":{"background-color":"","background-image":"","background-repeat":"repeat","background-position":"center center","background-size":"auto","background-attachment":"scroll","background-type":"","background-media":"","overlay-type":"","overlay-color":"","overlay-opacity":"","overlay-gradient":""},"mobile":{"background-color":"","background-image":"","background-repeat":"repeat","background-position":"center center","background-size":"auto","background-attachment":"scroll","background-type":"","background-media":"","overlay-type":"","overlay-color":"","overlay-opacity":"","overlay-gradient":""}},"ast-content-background-meta":{"desktop":{"background-color":"var(--ast-global-color-4)","background-image":"","background-repeat":"repeat","background-position":"center center","background-size":"auto","background-attachment":"scroll","background-type":"","background-media":"","overlay-type":"","overlay-color":"","overlay-opacity":"","overlay-gradient":""},"tablet":{"background-color":"var(--ast-global-color-4)","background-image":"","background-repeat":"repeat","background-position":"center center","background-size":"auto","background-attachment":"scroll","background-type":"","background-media":"","overlay-type":"","overlay-color":"","overlay-opacity":"","overlay-gradient":""},"mobile":{"background-color":"var(--ast-global-color-4)","background-image":"","background-repeat":"repeat","background-position":"center center","background-size":"auto","background-attachment":"scroll","background-type":"","background-media":"","overlay-type":"","overlay-color":"","overlay-opacity":"","overlay-gradient":""}},"footnotes":""},"categories":[1846],"tags":[],"class_list":["post-408256","post","type-post","status-publish","format-standard","hentry","category-2026-press-releases"],"yoast_head":"<!-- This site is optimized with the Yoast SEO Premium plugin v27.4 (Yoast SEO v27.4) - https:\/\/yoast.com\/product\/yoast-seo-premium-wordpress\/ -->\n<title>Celebrate Hispanic Heritage Month in Miami Beach - City of Miami Beach<\/title>\n<meta name=\"description\" content=\"With deep ties to Latin American culture and the Hispanic community, the City of Miami Beach is proud to celebrate Hispanic Heritage Month.\" \/>\n<meta name=\"robots\" content=\"index, follow, max-snippet:-1, max-image-preview:large, max-video-preview:-1\" \/>\n<link rel=\"canonical\" href=\"https:\/\/www.miamibeachfl.gov\/pt\/celebrate-hispanic-heritage-month-in-miami-beach\/\" \/>\n<meta property=\"og:locale\" content=\"pt_BR\" \/>\n<meta property=\"og:type\" content=\"article\" \/>\n<meta property=\"og:title\" content=\"Celebrate Hispanic Heritage Month in Miami Beach\" \/>\n<meta property=\"og:description\" content=\"With deep ties to Latin American culture and the Hispanic community, the City of Miami Beach is proud to celebrate Hispanic Heritage Month.\" \/>\n<meta property=\"og:url\" content=\"https:\/\/www.miamibeachfl.gov\/pt\/celebrate-hispanic-heritage-month-in-miami-beach\/\" \/>\n<meta property=\"og:site_name\" content=\"City of Miami Beach\" \/>\n<meta property=\"article:publisher\" content=\"https:\/\/www.facebook.com\/cityofmiamibeach\" \/>\n<meta property=\"article:published_time\" content=\"2026-09-01T17:49:00+00:00\" \/>\n<meta property=\"article:modified_time\" content=\"2026-09-01T18:09:21+00:00\" \/>\n<meta property=\"og:image\" content=\"https:\/\/www.miamibeachfl.gov\/wp-content\/uploads\/2023\/12\/icon-facebook.png\" \/>\n<meta name=\"author\" content=\"Emily Castillo\" \/>\n<meta name=\"twitter:card\" content=\"summary_large_image\" \/>\n<meta name=\"twitter:creator\" content=\"@Miamibeachnews\" \/>\n<meta name=\"twitter:site\" content=\"@Miamibeachnews\" \/>\n<script type=\"application\/ld+json\" class=\"yoast-schema-graph\">{\"@context\":\"https:\\\/\\\/schema.org\",\"@graph\":[{\"@type\":\"Article\",\"@id\":\"https:\\\/\\\/www.miamibeachfl.gov\\\/celebrate-hispanic-heritage-month-in-miami-beach\\\/#article\",\"isPartOf\":{\"@id\":\"https:\\\/\\\/www.miamibeachfl.gov\\\/celebrate-hispanic-heritage-month-in-miami-beach\\\/\"},\"author\":{\"name\":\"Emily Castillo\",\"@id\":\"https:\\\/\\\/www.miamibeachfl.gov\\\/#\\\/schema\\\/person\\\/7b37a95841b5231439bceb3fe7f46378\"},\"headline\":\"Celebrate Hispanic Heritage Month in Miami Beach\",\"datePublished\":\"2026-09-01T17:49:00+00:00\",\"dateModified\":\"2026-09-01T18:09:21+00:00\",\"mainEntityOfPage\":{\"@id\":\"https:\\\/\\\/www.miamibeachfl.gov\\\/celebrate-hispanic-heritage-month-in-miami-beach\\\/\"},\"wordCount\":662,\"publisher\":{\"@id\":\"https:\\\/\\\/www.miamibeachfl.gov\\\/#organization\"},\"image\":{\"@id\":\"https:\\\/\\\/www.miamibeachfl.gov\\\/celebrate-hispanic-heritage-month-in-miami-beach\\\/#primaryimage\"},\"thumbnailUrl\":\"https:\\\/\\\/www.miamibeachfl.gov\\\/wp-content\\\/uploads\\\/2023\\\/12\\\/icon-facebook.png\",\"articleSection\":[\"2026 Press Releases\"],\"inLanguage\":\"pt-BR\"},{\"@type\":\"WebPage\",\"@id\":\"https:\\\/\\\/www.miamibeachfl.gov\\\/celebrate-hispanic-heritage-month-in-miami-beach\\\/\",\"url\":\"https:\\\/\\\/www.miamibeachfl.gov\\\/celebrate-hispanic-heritage-month-in-miami-beach\\\/\",\"name\":\"Celebrate Hispanic Heritage Month in Miami Beach - City of Miami Beach\",\"isPartOf\":{\"@id\":\"https:\\\/\\\/www.miamibeachfl.gov\\\/#website\"},\"primaryImageOfPage\":{\"@id\":\"https:\\\/\\\/www.miamibeachfl.gov\\\/celebrate-hispanic-heritage-month-in-miami-beach\\\/#primaryimage\"},\"image\":{\"@id\":\"https:\\\/\\\/www.miamibeachfl.gov\\\/celebrate-hispanic-heritage-month-in-miami-beach\\\/#primaryimage\"},\"thumbnailUrl\":\"https:\\\/\\\/www.miamibeachfl.gov\\\/wp-content\\\/uploads\\\/2023\\\/12\\\/icon-facebook.png\",\"datePublished\":\"2026-09-01T17:49:00+00:00\",\"dateModified\":\"2026-09-01T18:09:21+00:00\",\"description\":\"With deep ties to Latin American culture and the Hispanic community, the City of Miami Beach is proud to celebrate Hispanic Heritage Month.\",\"breadcrumb\":{\"@id\":\"https:\\\/\\\/www.miamibeachfl.gov\\\/celebrate-hispanic-heritage-month-in-miami-beach\\\/#breadcrumb\"},\"inLanguage\":\"pt-BR\",\"potentialAction\":[{\"@type\":\"ReadAction\",\"target\":[\"https:\\\/\\\/www.miamibeachfl.gov\\\/celebrate-hispanic-heritage-month-in-miami-beach\\\/\"]}]},{\"@type\":\"ImageObject\",\"inLanguage\":\"pt-BR\",\"@id\":\"https:\\\/\\\/www.miamibeachfl.gov\\\/celebrate-hispanic-heritage-month-in-miami-beach\\\/#primaryimage\",\"url\":\"https:\\\/\\\/www.miamibeachfl.gov\\\/wp-content\\\/uploads\\\/2023\\\/12\\\/icon-facebook.png\",\"contentUrl\":\"https:\\\/\\\/www.miamibeachfl.gov\\\/wp-content\\\/uploads\\\/2023\\\/12\\\/icon-facebook.png\"},{\"@type\":\"BreadcrumbList\",\"@id\":\"https:\\\/\\\/www.miamibeachfl.gov\\\/celebrate-hispanic-heritage-month-in-miami-beach\\\/#breadcrumb\",\"itemListElement\":[{\"@type\":\"ListItem\",\"position\":1,\"name\":\"Home\",\"item\":\"https:\\\/\\\/www.miamibeachfl.gov\\\/\"},{\"@type\":\"ListItem\",\"position\":2,\"name\":\"Celebrate Hispanic Heritage Month in Miami Beach\"}]},{\"@type\":\"WebSite\",\"@id\":\"https:\\\/\\\/www.miamibeachfl.gov\\\/#website\",\"url\":\"https:\\\/\\\/www.miamibeachfl.gov\\\/\",\"name\":\"City of Miami Beach\",\"description\":\"The official website of the City of Miami Beach. Stay informed, find important information on city services, news, alerts, events, trolley routes, government employment and more.\",\"publisher\":{\"@id\":\"https:\\\/\\\/www.miamibeachfl.gov\\\/#organization\"},\"potentialAction\":[{\"@type\":\"SearchAction\",\"target\":{\"@type\":\"EntryPoint\",\"urlTemplate\":\"https:\\\/\\\/www.miamibeachfl.gov\\\/?s={search_term_string}\"},\"query-input\":{\"@type\":\"PropertyValueSpecification\",\"valueRequired\":true,\"valueName\":\"search_term_string\"}}],\"inLanguage\":\"pt-BR\"},{\"@type\":\"Organization\",\"@id\":\"https:\\\/\\\/www.miamibeachfl.gov\\\/#organization\",\"name\":\"City of Miami Beach\",\"url\":\"https:\\\/\\\/www.miamibeachfl.gov\\\/\",\"logo\":{\"@type\":\"ImageObject\",\"inLanguage\":\"pt-BR\",\"@id\":\"https:\\\/\\\/www.miamibeachfl.gov\\\/#\\\/schema\\\/logo\\\/image\\\/\",\"url\":\"https:\\\/\\\/www.miamibeachfl.gov\\\/wp-content\\\/uploads\\\/2022\\\/06\\\/miamibeach-logoblue.png\",\"contentUrl\":\"https:\\\/\\\/www.miamibeachfl.gov\\\/wp-content\\\/uploads\\\/2022\\\/06\\\/miamibeach-logoblue.png\",\"width\":1962,\"height\":381,\"caption\":\"City of Miami Beach\"},\"image\":{\"@id\":\"https:\\\/\\\/www.miamibeachfl.gov\\\/#\\\/schema\\\/logo\\\/image\\\/\"},\"sameAs\":[\"https:\\\/\\\/www.facebook.com\\\/cityofmiamibeach\",\"https:\\\/\\\/x.com\\\/Miamibeachnews\",\"https:\\\/\\\/www.instagram.com\\\/miamibeachnews\\\/\"],\"description\":\"The official website of the City of Miami Beach. Stay informed, find important information on city services, news, alerts, events, trolley routes, government employment and more.\",\"telephone\":\"305.604.CITY(2489)\",\"legalName\":\"City of Miami Beach\"},{\"@type\":\"Person\",\"@id\":\"https:\\\/\\\/www.miamibeachfl.gov\\\/#\\\/schema\\\/person\\\/7b37a95841b5231439bceb3fe7f46378\",\"name\":\"Emily Castillo\"}]}<\/script>\n<!-- \/ Yoast SEO Premium plugin. -->","yoast_head_json":{"title":"Celebrate Hispanic Heritage Month in Miami Beach - City of Miami Beach","description":"With deep ties to Latin American culture and the Hispanic community, the City of Miami Beach is proud to celebrate Hispanic Heritage Month.","robots":{"index":"index","follow":"follow","max-snippet":"max-snippet:-1","max-image-preview":"max-image-preview:large","max-video-preview":"max-video-preview:-1"},"canonical":"https:\/\/www.miamibeachfl.gov\/pt\/celebrate-hispanic-heritage-month-in-miami-beach\/","og_locale":"pt_BR","og_type":"article","og_title":"Celebrate Hispanic Heritage Month in Miami Beach","og_description":"With deep ties to Latin American culture and the Hispanic community, the City of Miami Beach is proud to celebrate Hispanic Heritage Month.","og_url":"https:\/\/www.miamibeachfl.gov\/pt\/celebrate-hispanic-heritage-month-in-miami-beach\/","og_site_name":"City of Miami Beach","article_publisher":"https:\/\/www.facebook.com\/cityofmiamibeach","article_published_time":"2026-09-01T17:49:00+00:00","article_modified_time":"2026-09-01T18:09:21+00:00","og_image":[{"url":"https:\/\/www.miamibeachfl.gov\/wp-content\/uploads\/2023\/12\/icon-facebook.png","type":"","width":"","height":""}],"author":"Emily Castillo","twitter_card":"summary_large_image","twitter_creator":"@Miamibeachnews","twitter_site":"@Miamibeachnews","schema":{"@context":"https:\/\/schema.org","@graph":[{"@type":"Article","@id":"https:\/\/www.miamibeachfl.gov\/celebrate-hispanic-heritage-month-in-miami-beach\/#article","isPartOf":{"@id":"https:\/\/www.miamibeachfl.gov\/celebrate-hispanic-heritage-month-in-miami-beach\/"},"author":{"name":"Emily Castillo","@id":"https:\/\/www.miamibeachfl.gov\/#\/schema\/person\/7b37a95841b5231439bceb3fe7f46378"},"headline":"Celebrate Hispanic Heritage Month in Miami Beach","datePublished":"2026-09-01T17:49:00+00:00","dateModified":"2026-09-01T18:09:21+00:00","mainEntityOfPage":{"@id":"https:\/\/www.miamibeachfl.gov\/celebrate-hispanic-heritage-month-in-miami-beach\/"},"wordCount":662,"publisher":{"@id":"https:\/\/www.miamibeachfl.gov\/#organization"},"image":{"@id":"https:\/\/www.miamibeachfl.gov\/celebrate-hispanic-heritage-month-in-miami-beach\/#primaryimage"},"thumbnailUrl":"https:\/\/www.miamibeachfl.gov\/wp-content\/uploads\/2023\/12\/icon-facebook.png","articleSection":["2026 Press Releases"],"inLanguage":"pt-BR"},{"@type":"WebPage","@id":"https:\/\/www.miamibeachfl.gov\/celebrate-hispanic-heritage-month-in-miami-beach\/","url":"https:\/\/www.miamibeachfl.gov\/celebrate-hispanic-heritage-month-in-miami-beach\/","name":"Celebrate Hispanic Heritage Month in Miami Beach - City of Miami Beach","isPartOf":{"@id":"https:\/\/www.miamibeachfl.gov\/#website"},"primaryImageOfPage":{"@id":"https:\/\/www.miamibeachfl.gov\/celebrate-hispanic-heritage-month-in-miami-beach\/#primaryimage"},"image":{"@id":"https:\/\/www.miamibeachfl.gov\/celebrate-hispanic-heritage-month-in-miami-beach\/#primaryimage"},"thumbnailUrl":"https:\/\/www.miamibeachfl.gov\/wp-content\/uploads\/2023\/12\/icon-facebook.png","datePublished":"2026-09-01T17:49:00+00:00","dateModified":"2026-09-01T18:09:21+00:00","description":"With deep ties to Latin American culture and the Hispanic community, the City of Miami Beach is proud to celebrate Hispanic Heritage Month.","breadcrumb":{"@id":"https:\/\/www.miamibeachfl.gov\/celebrate-hispanic-heritage-month-in-miami-beach\/#breadcrumb"},"inLanguage":"pt-BR","potentialAction":[{"@type":"ReadAction","target":["https:\/\/www.miamibeachfl.gov\/celebrate-hispanic-heritage-month-in-miami-beach\/"]}]},{"@type":"ImageObject","inLanguage":"pt-BR","@id":"https:\/\/www.miamibeachfl.gov\/celebrate-hispanic-heritage-month-in-miami-beach\/#primaryimage","url":"https:\/\/www.miamibeachfl.gov\/wp-content\/uploads\/2023\/12\/icon-facebook.png","contentUrl":"https:\/\/www.miamibeachfl.gov\/wp-content\/uploads\/2023\/12\/icon-facebook.png"},{"@type":"BreadcrumbList","@id":"https:\/\/www.miamibeachfl.gov\/celebrate-hispanic-heritage-month-in-miami-beach\/#breadcrumb","itemListElement":[{"@type":"ListItem","position":1,"name":"Home","item":"https:\/\/www.miamibeachfl.gov\/"},{"@type":"ListItem","position":2,"name":"Celebrate Hispanic Heritage Month in Miami Beach"}]},{"@type":"WebSite","@id":"https:\/\/www.miamibeachfl.gov\/#website","url":"https:\/\/www.miamibeachfl.gov\/","name":"Cidade de Miami Beach","description":"Site oficial da cidade de Miami Beach. Mantenha-se informado e encontre informa\u00e7\u00f5es importantes sobre servi\u00e7os municipais, not\u00edcias, alertas, eventos, rotas de bonde, empregos p\u00fablicos e muito mais.","publisher":{"@id":"https:\/\/www.miamibeachfl.gov\/#organization"},"potentialAction":[{"@type":"SearchAction","target":{"@type":"EntryPoint","urlTemplate":"https:\/\/www.miamibeachfl.gov\/?s={search_term_string}"},"query-input":{"@type":"PropertyValueSpecification","valueRequired":true,"valueName":"search_term_string"}}],"inLanguage":"pt-BR"},{"@type":"Organization","@id":"https:\/\/www.miamibeachfl.gov\/#organization","name":"Cidade de Miami Beach","url":"https:\/\/www.miamibeachfl.gov\/","logo":{"@type":"ImageObject","inLanguage":"pt-BR","@id":"https:\/\/www.miamibeachfl.gov\/#\/schema\/logo\/image\/","url":"https:\/\/www.miamibeachfl.gov\/wp-content\/uploads\/2022\/06\/miamibeach-logoblue.png","contentUrl":"https:\/\/www.miamibeachfl.gov\/wp-content\/uploads\/2022\/06\/miamibeach-logoblue.png","width":1962,"height":381,"caption":"City of Miami Beach"},"image":{"@id":"https:\/\/www.miamibeachfl.gov\/#\/schema\/logo\/image\/"},"sameAs":["https:\/\/www.facebook.com\/cityofmiamibeach","https:\/\/x.com\/Miamibeachnews","https:\/\/www.instagram.com\/miamibeachnews\/"],"description":"Site oficial da cidade de Miami Beach. Mantenha-se informado e encontre informa\u00e7\u00f5es importantes sobre servi\u00e7os municipais, not\u00edcias, alertas, eventos, rotas de bonde, empregos p\u00fablicos e muito mais.","telephone":"305.604.CITY(2489)","legalName":"City of Miami Beach"},{"@type":"Person","@id":"https:\/\/www.miamibeachfl.gov\/#\/schema\/person\/7b37a95841b5231439bceb3fe7f46378","name":"Emily Castillo"}]}},"_links":{"self":[{"href":"https:\/\/www.miamibeachfl.gov\/pt\/wp-json\/wp\/v2\/posts\/408256","targetHints":{"allow":["GET"]}}],"collection":[{"href":"https:\/\/www.miamibeachfl.gov\/pt\/wp-json\/wp\/v2\/posts"}],"about":[{"href":"https:\/\/www.miamibeachfl.gov\/pt\/wp-json\/wp\/v2\/types\/post"}],"author":[{"embeddable":true,"href":"https:\/\/www.miamibeachfl.gov\/pt\/wp-json\/wp\/v2\/users\/361"}],"replies":[{"embeddable":true,"href":"https:\/\/www.miamibeachfl.gov\/pt\/wp-json\/wp\/v2\/comments?post=408256"}],"version-history":[{"count":4,"href":"https:\/\/www.miamibeachfl.gov\/pt\/wp-json\/wp\/v2\/posts\/408256\/revisions"}],"predecessor-version":[{"id":408262,"href":"https:\/\/www.miamibeachfl.gov\/pt\/wp-json\/wp\/v2\/posts\/408256\/revisions\/408262"}],"wp:attachment":[{"href":"https:\/\/www.miamibeachfl.gov\/pt\/wp-json\/wp\/v2\/media?parent=408256"}],"wp:term":[{"taxonomy":"category","embeddable":true,"href":"https:\/\/www.miamibeachfl.gov\/pt\/wp-json\/wp\/v2\/categories?post=408256"},{"taxonomy":"post_tag","embeddable":true,"href":"https:\/\/www.miamibeachfl.gov\/pt\/wp-json\/wp\/v2\/tags?post=408256"}],"curies":[{"name":"wp","href":"https:\/\/api.w.org\/{rel}","templated":true}]}}